{"id":25445,"date":"2025-11-27T16:07:41","date_gmt":"2025-11-27T22:07:41","guid":{"rendered":"https:\/\/digitalreportmx.com\/?p=25445"},"modified":"2025-11-27T16:08:46","modified_gmt":"2025-11-27T22:08:46","slug":"supervisa-mauricio-farah-avances-de-la-regeneracion-de-alfonso-reyes","status":"publish","type":"post","link":"https:\/\/digitalreportmx.com\/index.php\/2025\/11\/27\/supervisa-mauricio-farah-avances-de-la-regeneracion-de-alfonso-reyes\/","title":{"rendered":"Supervisa Mauricio Farah avances de la  regeneraci\u00f3n de  Alfonso Reyes"},"content":{"rendered":"\n<p><kbd>San Pedro Garza Garc\u00eda <\/kbd><\/p>\n\n\n\n<p>El Alcalde de San Pedro Garza Garc\u00eda, Mauricio Farah Giacom\u00e1n, recorri\u00f3 este jueves los trabajos de regeneraci\u00f3n integral de la avenida Alfonso Reyes, con el prop\u00f3sito de constatar el proceso de construcci\u00f3n.<\/p>\n\n\n\n<p>Desde Santa Barbara hasta Diego de Montemayor, el edil en compa\u00f1\u00eda de \u00c1ngeles Galv\u00e1n, Secretaria de Infraestructura y Obras P\u00fablicas, supervis\u00f3 las labores, y constat\u00f3 que ya se realizan los primeros trazos para la construcci\u00f3n de ductos para el soterramiento de cableado.<\/p>\n\n\n\n<figure class=\"wp-block-image size-large\"><img loading=\"lazy\" decoding=\"async\" width=\"1024\" height=\"682\" src=\"https:\/\/digitalreportmx.com\/wp-content\/uploads\/2025\/11\/1000167101-1024x682.jpg\" alt=\"\" class=\"wp-image-25446\" srcset=\"https:\/\/digitalreportmx.com\/wp-content\/uploads\/2025\/11\/1000167101-1024x682.jpg 1024w, https:\/\/digitalreportmx.com\/wp-content\/uploads\/2025\/11\/1000167101-300x200.jpg 300w, https:\/\/digitalreportmx.com\/wp-content\/uploads\/2025\/11\/1000167101-768x512.jpg 768w, https:\/\/digitalreportmx.com\/wp-content\/uploads\/2025\/11\/1000167101-1536x1024.jpg 1536w, https:\/\/digitalreportmx.com\/wp-content\/uploads\/2025\/11\/1000167101-2048x1365.jpg 2048w\" sizes=\"auto, (max-width: 1024px) 100vw, 1024px\" \/><\/figure>\n\n\n\n<p>\u201cAqu\u00ed estamos haciendo ya recorrido de la obra, tratamos de hacerlo pr\u00e1cticamente muy seguido dos, tres veces, cada semana estar viniendo a ver c\u00f3mo van los avances, aqu\u00ed la secretaria viene pr\u00e1cticamente diario, pero vamos bien, vamos en tiempo, muy contentos y esperando a que se vean los primeros resultados\u201d, explic\u00f3 el edil.<\/p>\n\n\n\n<p>Adem\u00e1s, indic\u00f3 que se lleva un 10 por ciento de avance en la construcci\u00f3n de la obra, y agreg\u00f3 que se encuentran en platicas constantes con la CFE y las empresas de Telecomunicaciones para comenzar con el soterramiento.<\/p>\n\n\n\n<p>\u201cSi ven ah\u00ed est\u00e1 marcado con cal y va todo pr\u00e1cticamente por donde va a ir, pues vamos a decir, el ducto soterrado para eventualmente tener las gu\u00edas para todas las cableras y donde ven cuadros m\u00e1s grandes, pues bueno, van a ser ah\u00ed donde est\u00e1n todos los registros de CFE.\u201d<\/p>\n\n\n\n<p>La primera etapa del proyecto de regeneraci\u00f3n comprende 3.6 kil\u00f3metros, de avenida Olimpiadas a Jer\u00f3nimo Trevi\u00f1o, con un tiempo estimado de ejecuci\u00f3n de 10 meses.<\/p>\n\n\n\n<p>El proyecto incluye banquetas amplias para uso compartido por peatones y ciclistas, cableado subterr\u00e1neo, sem\u00e1foros inteligentes, nueva se\u00f1alizaci\u00f3n y la renovaci\u00f3n del arbolado con especies nativas.<\/p>\n\n\n\n<p>Farah Giacom\u00e1n pidi\u00f3 a la poblaci\u00f3n paciencia al circular por la avenida, y asegur\u00f3 que se est\u00e1 trabajando para liberar la vialidad antes de los 10 meses de construcci\u00f3n que se tiene proyectado.<\/p>\n\n\n\n<figure class=\"wp-block-image size-large\"><img loading=\"lazy\" decoding=\"async\" width=\"1024\" height=\"682\" src=\"https:\/\/digitalreportmx.com\/wp-content\/uploads\/2025\/11\/1000167117-1024x682.jpg\" alt=\"\" class=\"wp-image-25449\" srcset=\"https:\/\/digitalreportmx.com\/wp-content\/uploads\/2025\/11\/1000167117-1024x682.jpg 1024w, https:\/\/digitalreportmx.com\/wp-content\/uploads\/2025\/11\/1000167117-300x200.jpg 300w, https:\/\/digitalreportmx.com\/wp-content\/uploads\/2025\/11\/1000167117-768x512.jpg 768w, https:\/\/digitalreportmx.com\/wp-content\/uploads\/2025\/11\/1000167117-1536x1024.jpg 1536w, https:\/\/digitalreportmx.com\/wp-content\/uploads\/2025\/11\/1000167117-2048x1365.jpg 2048w\" sizes=\"auto, (max-width: 1024px) 100vw, 1024px\" \/><\/figure>\n\n\n\n<p>La informaci\u00f3n del proyecto se encuentra en el portal institucional https:\/\/sanpedro.gob.mx, las redes sociales oficiales o llamar a las l\u00edneas de Atenci\u00f3n Ciudadana 81 1212 1212 o *8181 v\u00eda celular sin costo.<\/p>\n","protected":false},"excerpt":{"rendered":"<p>San Pedro Garza Garc\u00eda El Alcalde de San Pedro Garza Garc\u00eda, Mauricio Farah Giacom\u00e1n, recorri\u00f3 este jueves los trabajos de regeneraci\u00f3n integral de la avenida Alfonso Reyes, con el prop\u00f3sito de constatar el proceso de construcci\u00f3n. Desde Santa Barbara hasta Diego de Montemayor, el edil en compa\u00f1\u00eda de \u00c1ngeles Galv\u00e1n, Secretaria de Infraestructura y Obras [&hellip;]<\/p>\n","protected":false},"author":1,"featured_media":25447,"comment_status":"open","ping_status":"open","sticky":false,"template":"","format":"standard","meta":{"om_disable_all_campaigns":false,"_monsterinsights_skip_tracking":false,"_monsterinsights_sitenote_active":false,"_monsterinsights_sitenote_note":"","_monsterinsights_sitenote_category":0,"footnotes":""},"categories":[15,6],"tags":[],"class_list":["post-25445","post","type-post","status-publish","format-standard","has-post-thumbnail","hentry","category-relevante","category-local"],"aioseo_notices":[],"_links":{"self":[{"href":"https:\/\/digitalreportmx.com\/index.php\/wp-json\/wp\/v2\/posts\/25445","targetHints":{"allow":["GET"]}}],"collection":[{"href":"https:\/\/digitalreportmx.com\/index.php\/wp-json\/wp\/v2\/posts"}],"about":[{"href":"https:\/\/digitalreportmx.com\/index.php\/wp-json\/wp\/v2\/types\/post"}],"author":[{"embeddable":true,"href":"https:\/\/digitalreportmx.com\/index.php\/wp-json\/wp\/v2\/users\/1"}],"replies":[{"embeddable":true,"href":"https:\/\/digitalreportmx.com\/index.php\/wp-json\/wp\/v2\/comments?post=25445"}],"version-history":[{"count":2,"href":"https:\/\/digitalreportmx.com\/index.php\/wp-json\/wp\/v2\/posts\/25445\/revisions"}],"predecessor-version":[{"id":25450,"href":"https:\/\/digitalreportmx.com\/index.php\/wp-json\/wp\/v2\/posts\/25445\/revisions\/25450"}],"wp:featuredmedia":[{"embeddable":true,"href":"https:\/\/digitalreportmx.com\/index.php\/wp-json\/wp\/v2\/media\/25447"}],"wp:attachment":[{"href":"https:\/\/digitalreportmx.com\/index.php\/wp-json\/wp\/v2\/media?parent=25445"}],"wp:term":[{"taxonomy":"category","embeddable":true,"href":"https:\/\/digitalreportmx.com\/index.php\/wp-json\/wp\/v2\/categories?post=25445"},{"taxonomy":"post_tag","embeddable":true,"href":"https:\/\/digitalreportmx.com\/index.php\/wp-json\/wp\/v2\/tags?post=25445"}],"curies":[{"name":"wp","href":"https:\/\/api.w.org\/{rel}","templated":true}]}}