{"id":25520,"date":"2025-11-28T23:32:13","date_gmt":"2025-11-29T05:32:13","guid":{"rendered":"https:\/\/digitalreportmx.com\/?p=25520"},"modified":"2025-11-28T23:39:00","modified_gmt":"2025-11-29T05:39:00","slug":"en-el-hilo-de-la-noche-la-trama-del-mundo-en-marco","status":"publish","type":"post","link":"https:\/\/digitalreportmx.com\/index.php\/2025\/11\/28\/en-el-hilo-de-la-noche-la-trama-del-mundo-en-marco\/","title":{"rendered":"Tejen un hilo nocturno y una trama del mundo en MARCO"},"content":{"rendered":"\n<p><kbd>Monterrey<\/kbd><br>MARCO presenta la exposici\u00f3n En el hilo de la noche, la trama del mundo, que re\u00fane los proyectos m\u00e1s recientes de los artistas Luc\u00eda Vidales, Amor Mu\u00f1oz y Daniel Guzm\u00e1n.<br>Bajo la curadur\u00eda de Mariana Ma\u00f1\u00f3n, la exposici\u00f3n hace una lectura de tres proyectos aut\u00f3nomos que, al encontrarlos de manera conjunta, revelan discursos con paralelismos y contradicciones. <\/p>\n\n\n\n<p>En las propuestas, la potencia de los gestos vincula lo humano con lo material, lo m\u00edtico y lo aparente, cuestion\u00e1ndose de qu\u00e9 manera se desdibuja la condici\u00f3n humana frente a otras materialidades que le rodean. <\/p>\n\n\n\n<p>Se trata de un ejercicio curatorial que busca mostrar propuestas que aportan a la construcci\u00f3n discursiva en Mexico, seleccionando a artistas con una trayectoria posicionada en la escena actual.<br>\u201cEs una idea que retom\u00e9 de los inicios fundacionales del Museo. En los a\u00f1os 90 sol\u00eda invitarse a artistas de aquellas \u00e9pocas, para demostrar una parte de sus nuevas producciones en MARCO\u201d, se\u00f1ala Taiyana Pimentel, directora del museo, sobre exhibiciones en las que participaron artistas como Jos\u00e9 Bedia y David Hockney.<br>La exposici\u00f3n se divide en tres secciones, cada una dedicada a un artista. El recorrido inicia con Luc\u00eda Vidales y su proyecto Arriba el inframundo. <\/p>\n\n\n\n<p>En la serie, la artista reflexiona sobre la materialidad en la pintura, al mostrar lienzos en formatos de estandarte o biombos explorando transparencias en la tela y el color, adem\u00e1s de formas ambiguas.<br>Vidales tambi\u00e9n ahonda en la materialidad de lo vivo, no precisamente humano, sino entes o consciencias en espacios on\u00edricos, tambi\u00e9n otorgando un peso a lo corporal y lo carnal, rompiendo con tradiciones pict\u00f3ricas como el paisaje, el escorzo, y tambi\u00e9n experimentando con referencias como Orozco y el Greco, aunado a elementos de la cultura popular y un estilo desenfadado y con humor. <\/p>\n\n\n\n<figure class=\"wp-block-image size-large\"><img loading=\"lazy\" decoding=\"async\" width=\"1024\" height=\"683\" src=\"https:\/\/digitalreportmx.com\/wp-content\/uploads\/2025\/11\/1000348607-1024x683.jpg\" alt=\"\" class=\"wp-image-25523\" srcset=\"https:\/\/digitalreportmx.com\/wp-content\/uploads\/2025\/11\/1000348607-1024x683.jpg 1024w, https:\/\/digitalreportmx.com\/wp-content\/uploads\/2025\/11\/1000348607-300x200.jpg 300w, https:\/\/digitalreportmx.com\/wp-content\/uploads\/2025\/11\/1000348607-768x512.jpg 768w, https:\/\/digitalreportmx.com\/wp-content\/uploads\/2025\/11\/1000348607-1536x1024.jpg 1536w, https:\/\/digitalreportmx.com\/wp-content\/uploads\/2025\/11\/1000348607-2048x1365.jpg 2048w\" sizes=\"auto, (max-width: 1024px) 100vw, 1024px\" \/><figcaption class=\"wp-element-caption\">Museo MARCO 2025<\/figcaption><\/figure>\n\n\n\n<p>Las obras Alima\u00f1as de noche, Alima\u00f1as de conjuro y Alima\u00f1as de carro\u00f1a (2025) hacen homenaje a los murci\u00e9lagos, las polillas y los zopilotes en pinturas de formato estandarte, mientras que Antes de morirme reinterpreta la famosa pintura El almuerzo sobre la hierba, de Manet, pero Vidales presenta una escena contempor\u00e1nea con adolescentes reunidos en un picnic, en un espacio de contemplaci\u00f3n y reflexi\u00f3n, como si estuvieran reflexionando sobre la existencia, en una escena donde visualmente juega con la perspectiva.<\/p>\n\n\n\n<p>Antes de morirme (2025), de Luc\u00eda Vidales.<br>El recorrido contin\u00faa con la obra de Daniel Guzm\u00e1n y su serie de dibujos El hombre que deber\u00eda estar muerto. Ohm\u00e1xac\/Encrucijada. <\/p>\n\n\n\n<p>Se trata de su quinta entrega del proyecto que inici\u00f3 en el 2017, concebida como si se tratara de cap\u00edtulos de una novela gr\u00e1fica, alimentada por las influencias del artista, especialmente sus lecturas, pero tambi\u00e9n la m\u00fasica, la historia y el cine. <\/p>\n\n\n\n<p>Con el subt\u00edtulo \u00bfA qu\u00e9 dios se ofrece la sangre?, las obras recuerdan a los c\u00f3dices, donde el artista mezcla elementos prehisp\u00e1nicos, escenas que remiten a la Conquista, personajes actuales y fragmentos de sus lecturas, para preguntarse si, en caso de encontrarnos ante un nuevo mito, \u00bfcu\u00e1l ser\u00eda la figura a venerar en la actualidad? <\/p>\n\n\n\n<p>Al centro de la sala se encuentra una celos\u00eda de madera adornada por la parte exterior con grecas y en la parte interior con elementos gr\u00e1ficos que representan una encrucijada. <\/p>\n\n\n\n<p>Este \u00faltimo es un concepto importante en el conjunto de obras y que en n\u00e1huatl tiene el t\u00e9rmino de ohm\u00e1xac. De esta manera, el artista tambi\u00e9n reflexiona sobre c\u00f3mo la sociedad contempor\u00e1nea se enfrenta a una encrucijada.<\/p>\n\n\n\n<figure class=\"wp-block-image size-large\"><img loading=\"lazy\" decoding=\"async\" width=\"1024\" height=\"683\" src=\"https:\/\/digitalreportmx.com\/wp-content\/uploads\/2025\/11\/1000348606-1024x683.jpg\" alt=\"\" class=\"wp-image-25525\" srcset=\"https:\/\/digitalreportmx.com\/wp-content\/uploads\/2025\/11\/1000348606-1024x683.jpg 1024w, https:\/\/digitalreportmx.com\/wp-content\/uploads\/2025\/11\/1000348606-300x200.jpg 300w, https:\/\/digitalreportmx.com\/wp-content\/uploads\/2025\/11\/1000348606-768x512.jpg 768w, https:\/\/digitalreportmx.com\/wp-content\/uploads\/2025\/11\/1000348606-1536x1024.jpg 1536w, https:\/\/digitalreportmx.com\/wp-content\/uploads\/2025\/11\/1000348606-2048x1365.jpg 2048w\" sizes=\"auto, (max-width: 1024px) 100vw, 1024px\" \/><figcaption class=\"wp-element-caption\">Museo MARCO 2025<\/figcaption><\/figure>\n\n\n\n<p>Por otro lado, la artista Amor Mu\u00f1oz exhibe su proyecto Dedo macram\u00e9 (2025) que consiste en una serie de cinco esculturas con forma de nudo, cada una con distinto patr\u00f3n de macram\u00e9, pero con una extremidad en forma de dedos, fusionando la herramienta humana con el material para tejer. Durante una estancia en los laboratorios de Meta, donde Mu\u00f1oz trabaj\u00f3 el proyecto, la artista port\u00f3 unos guantes especiales que registraron los movimientos y los tradujeron a c\u00f3digo. <\/p>\n\n\n\n<p>Esa informaci\u00f3n es interpretada por un algoritmo y transformada en m\u00fasica, que el p\u00fablico podr\u00e1 escuchar en sala utilizando unos aud\u00edfonos. <\/p>\n\n\n\n<p>Se puede acceder a la m\u00fasica a trav\u00e9s de un c\u00f3digo QR disponible en sala, ya sea utilizando dispositivos propios o los proporcionados por el personal del museo. <\/p>\n\n\n\n<p>La m\u00fasica cambia dependiendo del tr\u00e1nsito del espectador por la sala y de la cercan\u00eda a las piezas. Este proyecto combina pr\u00e1cticas e intereses con las que Mu\u00f1oz ha trabajado desde sus inicios, de manera paralela: por un lado el oficio manual con los tejidos, aunque en otras ocasiones ha utilizado bordado, y por otro los elementos electr\u00f3nicos o tecnol\u00f3gicos que integra a su obra, como si estableciera conexiones entre diferentes tipos de producciones, unas m\u00e1s artesanales, otras m\u00e1s sint\u00e9ticas, para reconocer que en el fondo se encuentra la acci\u00f3n humana, que utiliza el tacto como primer punto de encuentro con su entorno.<br>\u201cLa exposici\u00f3n traza de ese modo una constelaci\u00f3n de pr\u00e1cticas que, en lugar de ofrecer certezas, nos invitan a seguir el hilo que une el hacer con el pensar, la memoria con la invenci\u00f3n y la noche con su promesa de revelaci\u00f3n\u201d, se\u00f1ala Ma\u00f1on en su texto curatorial.<br>\u00a1Se trata, de cierto modo, de comprender c\u00f3mo lo humano se desdibuja al entrar en relaci\u00f3n con otras materialidades \u2014haciendo visibles las dimensiones no humanas que atraviesan y sostienen nuestra vida\u201d.<br>La exposici\u00f3n permanecer\u00e1 hasta el domingo 1 de marzo del 2026. MARCO agradece el apoyo del Gobierno del Estado de Nuevo Le\u00f3n a trav\u00e9s de la Secretar\u00eda de Cultura del Estado de Nuevo Le\u00f3n. <\/p>\n\n\n\n<p>As\u00ed mismo, a las empresas Arca Continental, Cemex, Cydsa, Femsa, Frisa, Xignux, y a Alberto Fern\u00e1ndez G; tambi\u00e9n a Arte Expuesto, VivaAerobus y VMedia Group.<\/p>\n\n\n\n<figure class=\"wp-block-image size-large\"><img loading=\"lazy\" decoding=\"async\" width=\"1024\" height=\"683\" src=\"https:\/\/digitalreportmx.com\/wp-content\/uploads\/2025\/11\/1000348605-1024x683.jpg\" alt=\"\" class=\"wp-image-25526\" srcset=\"https:\/\/digitalreportmx.com\/wp-content\/uploads\/2025\/11\/1000348605-1024x683.jpg 1024w, https:\/\/digitalreportmx.com\/wp-content\/uploads\/2025\/11\/1000348605-300x200.jpg 300w, https:\/\/digitalreportmx.com\/wp-content\/uploads\/2025\/11\/1000348605-768x512.jpg 768w, https:\/\/digitalreportmx.com\/wp-content\/uploads\/2025\/11\/1000348605-1536x1024.jpg 1536w, https:\/\/digitalreportmx.com\/wp-content\/uploads\/2025\/11\/1000348605-2048x1365.jpg 2048w\" sizes=\"auto, (max-width: 1024px) 100vw, 1024px\" \/><figcaption class=\"wp-element-caption\">Museo MARCO 2025<\/figcaption><\/figure>\n\n\n\n<p><br>HORARIOS Y TARIFAS DEL MUSEO<br>Abierto de martes a domingo de 10:00 a 18:00 horas. Mi\u00e9rcoles horario extendido hasta las 20:00 horas.<br>Entrada libre mi\u00e9rcoles y domingos.<br>Boleto general: $100 pesos. Con descuento: $70 pesos (maestros, estudiantes, adultos mayores, INAPAM y menores de 15 a\u00f1os). Entrada libre todos los d\u00edas a ni\u00f1os hasta los 5 a\u00f1os.<\/p>\n\n\n\n<p><br>INFORMACI\u00d3N DE LA EXPOSICI\u00d3N<br>T\u00edtulo: En el hilo de la noche, la trama del mundo | Apertura al p\u00fablico: Viernes 28 de noviembre del 2025 | Permanencia: Domingo 1 de marzo del 2026 | Museograf\u00eda: MARCO | Curadur\u00eda: Mariana Ma\u00f1\u00f3n | N\u00famero de obras: | Salas: 5, Planta Baja | T\u00e9cnicas: Instalaci\u00f3n, pintura en acr\u00edlico, \u00f3leo, carb\u00f3n y enc\u00e1ustica sobre tela; dibujo, creta y acr\u00edlico sobre papel, impresi\u00f3n 3D y pintura automotriz, animaci\u00f3n, y m\u00fasica en auriculares.<\/p>\n\n\n\n<p><br>SEMBLANZAS DE LOS ARTISTAS<br>Amor Mu\u00f1oz (M\u00e9xico, 1979)<br>Es artista visual. Estudi\u00f3 en la Facultad de Derecho de la UNAM y en la New Orleans Academy of Fine Arts. Su trabajo explora la relaci\u00f3n entre tecnolog\u00eda y sociedad, a trav\u00e9s de usar medios como el performance, la electr\u00f3nica experimental, el dibujo y el trabajo textil. Ha sido becaria I en el Programa J\u00f3venes Creadores del Fonca (2010-2011) y miembro del Sistema Nacional de Creadores de Arte (2014-2017). Ha sido artista residente el Nordic Artists&#8217; Centre Dale, Noruega; en el Kultur Kontakt, Vienna; en la Bauhaus Dessau, Alemania, y en Google Arts &amp; Culture, Par\u00eds. <\/p>\n\n\n\n<figure class=\"wp-block-image size-large\"><img loading=\"lazy\" decoding=\"async\" width=\"1024\" height=\"683\" src=\"https:\/\/digitalreportmx.com\/wp-content\/uploads\/2025\/11\/1000348608-1024x683.jpg\" alt=\"\" class=\"wp-image-25527\" srcset=\"https:\/\/digitalreportmx.com\/wp-content\/uploads\/2025\/11\/1000348608-1024x683.jpg 1024w, https:\/\/digitalreportmx.com\/wp-content\/uploads\/2025\/11\/1000348608-300x200.jpg 300w, https:\/\/digitalreportmx.com\/wp-content\/uploads\/2025\/11\/1000348608-768x512.jpg 768w, https:\/\/digitalreportmx.com\/wp-content\/uploads\/2025\/11\/1000348608-1536x1024.jpg 1536w, https:\/\/digitalreportmx.com\/wp-content\/uploads\/2025\/11\/1000348608-2048x1365.jpg 2048w\" sizes=\"auto, (max-width: 1024px) 100vw, 1024px\" \/><figcaption class=\"wp-element-caption\">Museo MARCO 2025<\/figcaption><\/figure>\n\n\n\n<p>Su trabajo ha sido expuesto en diversos museos, galer\u00edas y festivales, como 21 Haus, Belvedere; SFMOMA, San Francisco, California; Laboratorio Arte Alameda, Ciudad de M\u00e9xico; Centro Nacional de las Artes, Tokyo; OK Center, Linz; muca Roma, Ciudad de M\u00e9xico; Museo de Arte Contempor\u00e1neo de Castilla y Le\u00f3n, entre otros. En 2012 recibi\u00f3 una menci\u00f3n honor\u00edfica, en la categor\u00eda de Arte H\u00edbrido, en los premios Ars Electronica y en el 2013 el New Face Award del Japan Media Arts Festival.<br>Daniel Guzm\u00e1n (Ciudad de M\u00e9xico, 1964)<br>Lector voraz y mel\u00f3mano incurable, Daniel Guzm\u00e1n digiere, absorbe y recombina sus referencias literarias y musicales a discreci\u00f3n. Su trabajo es de una sinceridad casi autobiogr\u00e1fica. <\/p>\n\n\n\n<p>C\u00f3mics y caricaturas, letras de canciones, iconograf\u00eda prehisp\u00e1nica, art\u00edculos y fotograf\u00edas de nota roja \u2013 residuos de la vida cotidiana del artista en la Ciudad de M\u00e9xico y ahora Guadalajara \u2013 se mezclan y reconfiguran como parte de su vocabulario. <\/p>\n\n\n\n<p>Con un sentido del humor estrat\u00e9gico y contagioso, Guzm\u00e1n comparte la gran variedad de influencias que ha cultivado, a trav\u00e9s de las que reflexiona sobre su propia experiencia en el mundo. <\/p>\n\n\n\n<p>Guzm\u00e1n se recibi\u00f3 en 1993 de la Escuela Nacional de Artes Pl\u00e1sticas, en la Ciudad de M\u00e9xico. En 2000 realiz\u00f3 una residencia art\u00edstica en el International Studio &amp; Curatorial Program (ISCP) de Nueva York. Ha recibido varios reconocimientos, incluyendo el Sistema Nacional de Creadores (2005); FONCA J\u00f3venes Creadores (1997); y el primer lugar en el II Concurso de Instalaci\u00f3n Ex Teresa Arte Actual (1996). Vive y trabaja en Guadalajara, M\u00e9xico.<br>Luc\u00eda Vidales<br>(Ciudad de M\u00e9xico, M\u00e9xico, 1986)<br>Artista, su obra se nutre de las consecuencias de los imaginarios hist\u00f3ricos, personales y ficciones que afectan a los cuerpos, en relaci\u00f3n al propio cuerpo de la pintura y sus composiciones materiales. <\/p>\n\n\n\n<figure class=\"wp-block-image size-large\"><img loading=\"lazy\" decoding=\"async\" width=\"1024\" height=\"683\" src=\"https:\/\/digitalreportmx.com\/wp-content\/uploads\/2025\/11\/1000348609-1024x683.jpg\" alt=\"\" class=\"wp-image-25530\" srcset=\"https:\/\/digitalreportmx.com\/wp-content\/uploads\/2025\/11\/1000348609-1024x683.jpg 1024w, https:\/\/digitalreportmx.com\/wp-content\/uploads\/2025\/11\/1000348609-300x200.jpg 300w, https:\/\/digitalreportmx.com\/wp-content\/uploads\/2025\/11\/1000348609-768x512.jpg 768w, https:\/\/digitalreportmx.com\/wp-content\/uploads\/2025\/11\/1000348609-1536x1024.jpg 1536w, https:\/\/digitalreportmx.com\/wp-content\/uploads\/2025\/11\/1000348609-2048x1365.jpg 2048w\" sizes=\"auto, (max-width: 1024px) 100vw, 1024px\" \/><figcaption class=\"wp-element-caption\">Museo MARCO 2025<\/figcaption><\/figure>\n\n\n\n<p>Estudi\u00f3 Artes Visuales en la Escuela Nacional de Pintura, Escultura y Grabado \u201cLa Esmeralda\u201d, y la maestr\u00eda en Artes visuales en la Facultad de Artes y Dise\u00f1o de la Universidad Nacional Aut\u00f3noma de M\u00e9xico (UNAM). Su trabajo se ha expuesto en Am\u00e9rica Latina, Asia, Estados Unidos, Europa y M\u00e9xico. Entre sus exposiciones individuales recientes se encuentran El fuego que no produce (Museo Caba\u00f1as, Guadalajara, 2023-24), Un lugar para s\u00ed misma, (Galer\u00eda Karen Huber, Ciudad de M\u00e9xico, 2021), Sudor fr\u00edo (Proxyco Gallery, Nueva York, 2021), To cool the blue (Taka Ishii Film &amp; Photography, Tokio, 2020). <\/p>\n\n\n\n<p>Algunas de sus exposiciones colectivas recientes son Perhaps the truth (Ballroom Marfa, 2023), Murales para un cubo blanco (Sala de Arte P\u00fablico Siqueiros, Ciudad de M\u00e9xico 2020), Princesses des villes (Palais de Tokyo, Par\u00eds, 2019), T\u00fa de m\u00ed, yo de ti (Museo de la Ciudad de M\u00e9xico, 2019), entre otras. <\/p>\n\n\n\n<p>Recibi\u00f3 en tres ocasiones la beca J\u00f3venes Creadores del Fondo Nacional para la Cultura y las Artes (FONCA), la Apexart Fellowship (2019), y el Premio Nacional de Arte Joven (2013). Es profesora en la Universidad de Monterrey.<\/p>\n","protected":false},"excerpt":{"rendered":"<p>MonterreyMARCO presenta la exposici\u00f3n En el hilo de la noche, la trama del mundo, que re\u00fane los proyectos m\u00e1s recientes de los artistas Luc\u00eda Vidales, Amor Mu\u00f1oz y Daniel Guzm\u00e1n.Bajo la curadur\u00eda de Mariana Ma\u00f1\u00f3n, la exposici\u00f3n hace una lectura de tres proyectos aut\u00f3nomos que, al encontrarlos de manera conjunta, revelan discursos con paralelismos y [&hellip;]<\/p>\n","protected":false},"author":1,"featured_media":25521,"comment_status":"open","ping_status":"open","sticky":false,"template":"","format":"standard","meta":{"om_disable_all_campaigns":false,"_monsterinsights_skip_tracking":false,"_monsterinsights_sitenote_active":false,"_monsterinsights_sitenote_note":"","_monsterinsights_sitenote_category":0,"footnotes":""},"categories":[12,16],"tags":[],"class_list":["post-25520","post","type-post","status-publish","format-standard","has-post-thumbnail","hentry","category-cooltura","category-relevante-2"],"aioseo_notices":[],"_links":{"self":[{"href":"https:\/\/digitalreportmx.com\/index.php\/wp-json\/wp\/v2\/posts\/25520","targetHints":{"allow":["GET"]}}],"collection":[{"href":"https:\/\/digitalreportmx.com\/index.php\/wp-json\/wp\/v2\/posts"}],"about":[{"href":"https:\/\/digitalreportmx.com\/index.php\/wp-json\/wp\/v2\/types\/post"}],"author":[{"embeddable":true,"href":"https:\/\/digitalreportmx.com\/index.php\/wp-json\/wp\/v2\/users\/1"}],"replies":[{"embeddable":true,"href":"https:\/\/digitalreportmx.com\/index.php\/wp-json\/wp\/v2\/comments?post=25520"}],"version-history":[{"count":4,"href":"https:\/\/digitalreportmx.com\/index.php\/wp-json\/wp\/v2\/posts\/25520\/revisions"}],"predecessor-version":[{"id":25533,"href":"https:\/\/digitalreportmx.com\/index.php\/wp-json\/wp\/v2\/posts\/25520\/revisions\/25533"}],"wp:featuredmedia":[{"embeddable":true,"href":"https:\/\/digitalreportmx.com\/index.php\/wp-json\/wp\/v2\/media\/25521"}],"wp:attachment":[{"href":"https:\/\/digitalreportmx.com\/index.php\/wp-json\/wp\/v2\/media?parent=25520"}],"wp:term":[{"taxonomy":"category","embeddable":true,"href":"https:\/\/digitalreportmx.com\/index.php\/wp-json\/wp\/v2\/categories?post=25520"},{"taxonomy":"post_tag","embeddable":true,"href":"https:\/\/digitalreportmx.com\/index.php\/wp-json\/wp\/v2\/tags?post=25520"}],"curies":[{"name":"wp","href":"https:\/\/api.w.org\/{rel}","templated":true}]}}