{"id":25544,"date":"2025-11-29T12:55:37","date_gmt":"2025-11-29T18:55:37","guid":{"rendered":"https:\/\/digitalreportmx.com\/?p=25544"},"modified":"2025-11-29T12:59:30","modified_gmt":"2025-11-29T18:59:30","slug":"apoya-san-pedro-a-jovenes-para-concluir-su-preparatoria","status":"publish","type":"post","link":"https:\/\/digitalreportmx.com\/index.php\/2025\/11\/29\/apoya-san-pedro-a-jovenes-para-concluir-su-preparatoria\/","title":{"rendered":"Apoya San Pedro a j\u00f3venes para concluir su preparatoria"},"content":{"rendered":"\n<p><kbd>San Pedro Garza Garc\u00eda <\/kbd><\/p>\n\n\n\n<p>El Municipio de San Pedro Garza Garc\u00eda realiz\u00f3 la graduaci\u00f3n de 120 j\u00f3venes que concluyeron su educaci\u00f3n preparatoria mediante el programa municipal Futuros en Marcha, que ofrece la oportunidad de continuar sin costo sus estudios inconclusos de bachillerato.<\/p>\n\n\n\n<p>El Alcalde Mauricio Farah Giacom\u00e1n fungi\u00f3 como padrino de generaci\u00f3n y reconoci\u00f3 el esfuerzo de los j\u00f3venes que combinaron responsabilidades laborales, familiares y personales para regresar a estudiar y concluir esta etapa acad\u00e9mica.<\/p>\n\n\n\n<figure class=\"wp-block-image size-large\"><img loading=\"lazy\" decoding=\"async\" width=\"1024\" height=\"651\" src=\"https:\/\/digitalreportmx.com\/wp-content\/uploads\/2025\/11\/1000167612-1024x651.jpg\" alt=\"\" class=\"wp-image-25545\" srcset=\"https:\/\/digitalreportmx.com\/wp-content\/uploads\/2025\/11\/1000167612-1024x651.jpg 1024w, https:\/\/digitalreportmx.com\/wp-content\/uploads\/2025\/11\/1000167612-300x191.jpg 300w, https:\/\/digitalreportmx.com\/wp-content\/uploads\/2025\/11\/1000167612-768x488.jpg 768w, https:\/\/digitalreportmx.com\/wp-content\/uploads\/2025\/11\/1000167612-1536x976.jpg 1536w, https:\/\/digitalreportmx.com\/wp-content\/uploads\/2025\/11\/1000167612.jpg 1600w\" sizes=\"auto, (max-width: 1024px) 100vw, 1024px\" \/><\/figure>\n\n\n\n<p>Durante el evento, se destac\u00f3 que entre los graduados hay j\u00f3venes madres y padres solteros, as\u00ed como trabajadores que asistieron a clases sabatinas, adem\u00e1s de recibir asesor\u00eda acad\u00e9mica entre semana.<\/p>\n\n\n\n<p>\u201cCada uno de ustedes tiene una historia distinta qu\u00e9 contar, pero si algo nos une el d\u00eda de hoy es esa determinaci\u00f3n de estar aqu\u00ed y llegar hasta este d\u00eda\u201d, dijo Farah Giacom\u00e1n, \u201cesa determinaci\u00f3n que lograron de terminar la prepa, y acabarla, y contar con su t\u00edtulo estoy seguro que los debe llenar de mucho orgullo.<\/p>\n\n\n\n<p>\u201cPara m\u00ed es un honor que en este municipio contemos con estos programas por parte de Juventud y tambi\u00e9n de la Direcci\u00f3n de Educaci\u00f3n, que est\u00e1n impulsando constantemente este tipo de becas para toda la poblaci\u00f3n\u201d.<\/p>\n\n\n\n<figure class=\"wp-block-video\"><video controls src=\"https:\/\/digitalreportmx.com\/wp-content\/uploads\/2025\/11\/1000167635.mp4\"><\/video><\/figure>\n\n\n\n<p>Juan Pablo Castuera Zubieta y Landa, Secretario Ejecutivo del Alcalde, resalt\u00f3 que esta segunda generaci\u00f3n muestra el crecimiento del programa: la primera cont\u00f3 con 70 estudiantes, la actual tiene 120 y la meta de la tercera es inscribir a 200 estudiantes.<\/p>\n\n\n\n<p>El titular del Instituto de la Juventud, Gerardo Ben\u00edtez Mart\u00ednez, record\u00f3 que el programa fue creado para apoyar a j\u00f3venes a concluir su preparatoria, permiti\u00e9ndoles avanzar en su desarrollo educativo y laboral. Detall\u00f3 que para esta edici\u00f3n se cont\u00f3 con la colaboraci\u00f3n del Instituto U Links, encargado de impartir clases y asesor\u00edas.<\/p>\n\n\n\n<p>Los 120 egresados estuvieron acompa\u00f1ados por familiares y amigos, quienes celebraron junto a ellos el cierre de un ciclo y el inicio de nuevas oportunidades.<\/p>\n","protected":false},"excerpt":{"rendered":"<p>San Pedro Garza Garc\u00eda El Municipio de San Pedro Garza Garc\u00eda realiz\u00f3 la graduaci\u00f3n de 120 j\u00f3venes que concluyeron su educaci\u00f3n preparatoria mediante el programa municipal Futuros en Marcha, que ofrece la oportunidad de continuar sin costo sus estudios inconclusos de bachillerato. El Alcalde Mauricio Farah Giacom\u00e1n fungi\u00f3 como padrino de generaci\u00f3n y reconoci\u00f3 el [&hellip;]<\/p>\n","protected":false},"author":1,"featured_media":25546,"comment_status":"open","ping_status":"open","sticky":false,"template":"","format":"standard","meta":{"om_disable_all_campaigns":false,"_monsterinsights_skip_tracking":false,"_monsterinsights_sitenote_active":false,"_monsterinsights_sitenote_note":"","_monsterinsights_sitenote_category":0,"footnotes":""},"categories":[1],"tags":[],"class_list":["post-25544","post","type-post","status-publish","format-standard","has-post-thumbnail","hentry","category-blog"],"aioseo_notices":[],"_links":{"self":[{"href":"https:\/\/digitalreportmx.com\/index.php\/wp-json\/wp\/v2\/posts\/25544","targetHints":{"allow":["GET"]}}],"collection":[{"href":"https:\/\/digitalreportmx.com\/index.php\/wp-json\/wp\/v2\/posts"}],"about":[{"href":"https:\/\/digitalreportmx.com\/index.php\/wp-json\/wp\/v2\/types\/post"}],"author":[{"embeddable":true,"href":"https:\/\/digitalreportmx.com\/index.php\/wp-json\/wp\/v2\/users\/1"}],"replies":[{"embeddable":true,"href":"https:\/\/digitalreportmx.com\/index.php\/wp-json\/wp\/v2\/comments?post=25544"}],"version-history":[{"count":2,"href":"https:\/\/digitalreportmx.com\/index.php\/wp-json\/wp\/v2\/posts\/25544\/revisions"}],"predecessor-version":[{"id":25550,"href":"https:\/\/digitalreportmx.com\/index.php\/wp-json\/wp\/v2\/posts\/25544\/revisions\/25550"}],"wp:featuredmedia":[{"embeddable":true,"href":"https:\/\/digitalreportmx.com\/index.php\/wp-json\/wp\/v2\/media\/25546"}],"wp:attachment":[{"href":"https:\/\/digitalreportmx.com\/index.php\/wp-json\/wp\/v2\/media?parent=25544"}],"wp:term":[{"taxonomy":"category","embeddable":true,"href":"https:\/\/digitalreportmx.com\/index.php\/wp-json\/wp\/v2\/categories?post=25544"},{"taxonomy":"post_tag","embeddable":true,"href":"https:\/\/digitalreportmx.com\/index.php\/wp-json\/wp\/v2\/tags?post=25544"}],"curies":[{"name":"wp","href":"https:\/\/api.w.org\/{rel}","templated":true}]}}