{"id":25593,"date":"2025-11-30T13:04:02","date_gmt":"2025-11-30T19:04:02","guid":{"rendered":"https:\/\/digitalreportmx.com\/?p=25593"},"modified":"2025-11-30T13:08:42","modified_gmt":"2025-11-30T19:08:42","slug":"disfrutan-del-festival-del-taco-de-san-pedro","status":"publish","type":"post","link":"https:\/\/digitalreportmx.com\/index.php\/2025\/11\/30\/disfrutan-del-festival-del-taco-de-san-pedro\/","title":{"rendered":"Disfrutan del Festival del Taco de San Pedro"},"content":{"rendered":"\n<p><kbd>San Pedro Garza Garc\u00eda <\/kbd><\/p>\n\n\n\n<p>El Municipio de San Pedro Garza Garc\u00eda reactiva uno de sus eventos culinarios m\u00e1s esperados tras seis a\u00f1os de ausencia.<\/p>\n\n\n\n<p class=\"has-text-align-left\"><br>M\u00e1s de 3 mil personas disfrutaron del platillo mexicano por excelencia durante el<br>regreso del Festival del Taco al municipio de San Pedro Garza Garc\u00eda, realizado en la<br>zona del Centro Cultural Plaza F\u00e1tima.<\/p>\n\n\n\n<figure class=\"wp-block-image size-large\"><img loading=\"lazy\" decoding=\"async\" width=\"1024\" height=\"682\" src=\"https:\/\/digitalreportmx.com\/wp-content\/uploads\/2025\/11\/1000168615-1024x682.jpg\" alt=\"\" class=\"wp-image-25596\" srcset=\"https:\/\/digitalreportmx.com\/wp-content\/uploads\/2025\/11\/1000168615-1024x682.jpg 1024w, https:\/\/digitalreportmx.com\/wp-content\/uploads\/2025\/11\/1000168615-300x200.jpg 300w, https:\/\/digitalreportmx.com\/wp-content\/uploads\/2025\/11\/1000168615-768x512.jpg 768w, https:\/\/digitalreportmx.com\/wp-content\/uploads\/2025\/11\/1000168615-1536x1023.jpg 1536w, https:\/\/digitalreportmx.com\/wp-content\/uploads\/2025\/11\/1000168615.jpg 1600w\" sizes=\"auto, (max-width: 1024px) 100vw, 1024px\" \/><\/figure>\n\n\n\n<p><br>Un total de 22 establecimientos participaron en el festival, donde adem\u00e1s se llev\u00f3 a<br>cabo una competencia para elegir el mejor taco de la edici\u00f3n. Las personas ganadoras<br>recibieron kits de carne asada.<\/p>\n\n\n\n<p><br>El Alcalde Mauricio Farah acudi\u00f3 acompa\u00f1ado del Secretario Ejecutivo, Juan Pablo Castuera; el Secretario General, Luis Susarrey; y \u00c1ngela Marroqu\u00edn, directora de<br>Desarrollo Productivo y Empleo de la Secretar\u00eda de Desarrollo Social y Calidad de Vida, responsable de la organizaci\u00f3n del evento.<\/p>\n\n\n\n<figure class=\"wp-block-video\"><video controls src=\"https:\/\/digitalreportmx.com\/wp-content\/uploads\/2025\/11\/1000168624.mp4\"><\/video><\/figure>\n\n\n\n<p><br>Castuera destac\u00f3 que el Festival del Taco impulsa al sector restaurantero del municipio,<br>el cual ofrece una de las propuestas gastron\u00f3micas m\u00e1s amplias del estado y del pa\u00eds.<\/p>\n\n\n\n<p><br>Explic\u00f3 que, tras seis a\u00f1os de ausencia, se decidi\u00f3 retomar este evento para disf rute<br>de las familias sampetrinas.<\/p>\n\n\n\n<figure class=\"wp-block-image size-large\"><img loading=\"lazy\" decoding=\"async\" width=\"1024\" height=\"682\" src=\"https:\/\/digitalreportmx.com\/wp-content\/uploads\/2025\/11\/1000168621-1024x682.jpg\" alt=\"\" class=\"wp-image-25599\" srcset=\"https:\/\/digitalreportmx.com\/wp-content\/uploads\/2025\/11\/1000168621-1024x682.jpg 1024w, https:\/\/digitalreportmx.com\/wp-content\/uploads\/2025\/11\/1000168621-300x200.jpg 300w, https:\/\/digitalreportmx.com\/wp-content\/uploads\/2025\/11\/1000168621-768x512.jpg 768w, https:\/\/digitalreportmx.com\/wp-content\/uploads\/2025\/11\/1000168621-1536x1023.jpg 1536w, https:\/\/digitalreportmx.com\/wp-content\/uploads\/2025\/11\/1000168621.jpg 1600w\" sizes=\"auto, (max-width: 1024px) 100vw, 1024px\" \/><\/figure>\n\n\n\n<p><br>Tras el \u00e9xito de esta edici\u00f3n, se contempla realizar nuevamente el festival ampliando<br>la participaci\u00f3n de taquer\u00edas y restaurantes, y buscando atraer a m\u00e1s ciudadanos de <br>San Pedro y del \u00e1rea metropolitana de Monterrey.<\/p>\n","protected":false},"excerpt":{"rendered":"<p>San Pedro Garza Garc\u00eda El Municipio de San Pedro Garza Garc\u00eda reactiva uno de sus eventos culinarios m\u00e1s esperados tras seis a\u00f1os de ausencia. M\u00e1s de 3 mil personas disfrutaron del platillo mexicano por excelencia durante elregreso del Festival del Taco al municipio de San Pedro Garza Garc\u00eda, realizado en lazona del Centro Cultural Plaza [&hellip;]<\/p>\n","protected":false},"author":1,"featured_media":25594,"comment_status":"open","ping_status":"open","sticky":false,"template":"","format":"standard","meta":{"om_disable_all_campaigns":false,"_monsterinsights_skip_tracking":false,"_monsterinsights_sitenote_active":false,"_monsterinsights_sitenote_note":"","_monsterinsights_sitenote_category":0,"footnotes":""},"categories":[1],"tags":[],"class_list":["post-25593","post","type-post","status-publish","format-standard","has-post-thumbnail","hentry","category-blog"],"aioseo_notices":[],"_links":{"self":[{"href":"https:\/\/digitalreportmx.com\/index.php\/wp-json\/wp\/v2\/posts\/25593","targetHints":{"allow":["GET"]}}],"collection":[{"href":"https:\/\/digitalreportmx.com\/index.php\/wp-json\/wp\/v2\/posts"}],"about":[{"href":"https:\/\/digitalreportmx.com\/index.php\/wp-json\/wp\/v2\/types\/post"}],"author":[{"embeddable":true,"href":"https:\/\/digitalreportmx.com\/index.php\/wp-json\/wp\/v2\/users\/1"}],"replies":[{"embeddable":true,"href":"https:\/\/digitalreportmx.com\/index.php\/wp-json\/wp\/v2\/comments?post=25593"}],"version-history":[{"count":3,"href":"https:\/\/digitalreportmx.com\/index.php\/wp-json\/wp\/v2\/posts\/25593\/revisions"}],"predecessor-version":[{"id":25601,"href":"https:\/\/digitalreportmx.com\/index.php\/wp-json\/wp\/v2\/posts\/25593\/revisions\/25601"}],"wp:featuredmedia":[{"embeddable":true,"href":"https:\/\/digitalreportmx.com\/index.php\/wp-json\/wp\/v2\/media\/25594"}],"wp:attachment":[{"href":"https:\/\/digitalreportmx.com\/index.php\/wp-json\/wp\/v2\/media?parent=25593"}],"wp:term":[{"taxonomy":"category","embeddable":true,"href":"https:\/\/digitalreportmx.com\/index.php\/wp-json\/wp\/v2\/categories?post=25593"},{"taxonomy":"post_tag","embeddable":true,"href":"https:\/\/digitalreportmx.com\/index.php\/wp-json\/wp\/v2\/tags?post=25593"}],"curies":[{"name":"wp","href":"https:\/\/api.w.org\/{rel}","templated":true}]}}