{"id":25608,"date":"2025-11-30T13:25:09","date_gmt":"2025-11-30T19:25:09","guid":{"rendered":"https:\/\/digitalreportmx.com\/?p=25608"},"modified":"2025-11-30T13:25:10","modified_gmt":"2025-11-30T19:25:10","slug":"recibe-martha-herrera-premio-valores-2025","status":"publish","type":"post","link":"https:\/\/digitalreportmx.com\/index.php\/2025\/11\/30\/recibe-martha-herrera-premio-valores-2025\/","title":{"rendered":"Recibe Martha Herrera Premio Valores 2025"},"content":{"rendered":"\n<p><kbd>Monterrey<\/kbd>, Nuevo Le\u00f3n<\/p>\n\n\n\n<p>Martha Herrera, Secretaria de Igualdad e Inclusi\u00f3n de Nuevo Le\u00f3n, recibi\u00f3 el Premio Valores 2025, en la categor\u00eda Fomento a la Cultura de Igualdad.<\/p>\n\n\n\n<p>En una ceremonia realizada en el Casino Militar Campo Marte, en Ciudad de M\u00e9xico, la funcionaria fue reconocida con el premio de la organizaci\u00f3n Grupo Valores, por su impacto social y liderazo.<\/p>\n\n\n\n<p>\u201cRecibir el reconocimiento en la categor\u00eda Fomento a la Cultura de Igualdad es profundamente significativo para m\u00ed. Lo valoro desde mi responsabilidad en la Secretar\u00eda de Igualdad e Inclusi\u00f3n, pero principalmente desde lo humano, desde lo que nace del coraz\u00f3n.<\/p>\n\n\n\n<p>\u201cA lo largo de mi vida, en los distintos espacios en los que he tenido la oportunidad de participar, el sector privado, el social, multilaterales y ahora el servicio p\u00fablico, he buscado siempre lo mismo: impulsar un piso parejo que garantice los derechos de todas las personas y promueva el respeto, la igualdad y las mismas oportunidades, sin importar su g\u00e9nero, su origen, su religi\u00f3n o su condici\u00f3n social\u201d, refiri\u00f3 Herrera.<\/p>\n\n\n\n<p>La Secretaria se\u00f1al\u00f3 que el compromiso con la igualdad lo tiene desde que era ni\u00f1a, pues siempre tuvo el ejemplo en casa.<\/p>\n\n\n\n<p>\u201cMi compromiso con la igualdad nace desde mi infancia. Vengo de una familia de servidores p\u00fablicos, entre otras responsabilidades, mi pap\u00e1 fue alcalde de Monterrey, y desde muy peque\u00f1a me toc\u00f3 caminar las calles y ver de cerca las injusticias\u201d, dijo la titular de Igualdad e Inclusi\u00f3n en Nuevo Le\u00f3n.<\/p>\n\n\n\n<p>Agreg\u00f3 que desde muy joven descubri\u00f3 que la igualdad empieza por una transformaci\u00f3n personal, lo que la llev\u00f3 a buscar un aprendizaje constante y trabajar continuamente por la comunidad.<\/p>\n\n\n\n<p>\u201cMi compromiso con la igualdad comenz\u00f3 cuando decid\u00ed actuar sobre tres ejes fundamentales: justicia, respeto y empat\u00eda, haciendo de esos valores parte de mi comportamiento diario y llev\u00e1ndolos a cada entorno en el que participo. Esa ha sido, sigue siendo y ser\u00e1 mi vocaci\u00f3n\u201d, dijo Martha Herrera.<\/p>\n\n\n\n<p>Se\u00f1al\u00f3 que desde su cargo ha trabajado en programas como Hambre Cero y en sistemas de protecci\u00f3n social como La Nueva Ruta, para hacer de Nuevo Le\u00f3n el mejor lugar para nacer, crecer, educarse y vivir.<\/p>\n\n\n\n<p>\u201cSue\u00f1o con un M\u00e9xico con cero pobreza extrema, un M\u00e9xico con cero hambre, un M\u00e9xico que no discrimina, un M\u00e9xico sin desigualdades y un M\u00e9xico sin violencias para construir igualdad, porque ah\u00ed reside la verdadera fortaleza de una sociedad democr\u00e1tica\u201d, enfatiz\u00f3 la Secretaria.<\/p>\n\n\n\n<p>Adem\u00e1s de la titular de Igualdad e Inclusi\u00f3n, otros de los ganadores del Premio Valores 2025 fueron Santiago Nieto, Director ejecutivo de Instituto Mexicano de la Propiedad Industrial, quien fue reconocido como Funcionario P\u00fablico del A\u00f1o; y Janecarlo Lozano, presidente municipal de Gustavo A. Madero, galardonado como Alcalde CDMX del A\u00f1o.<\/p>\n","protected":false},"excerpt":{"rendered":"<p>Monterrey, Nuevo Le\u00f3n Martha Herrera, Secretaria de Igualdad e Inclusi\u00f3n de Nuevo Le\u00f3n, recibi\u00f3 el Premio Valores 2025, en la categor\u00eda Fomento a la Cultura de Igualdad. En una ceremonia realizada en el Casino Militar Campo Marte, en Ciudad de M\u00e9xico, la funcionaria fue reconocida con el premio de la organizaci\u00f3n Grupo Valores, por su [&hellip;]<\/p>\n","protected":false},"author":1,"featured_media":25609,"comment_status":"open","ping_status":"open","sticky":false,"template":"","format":"standard","meta":{"om_disable_all_campaigns":false,"_monsterinsights_skip_tracking":false,"_monsterinsights_sitenote_active":false,"_monsterinsights_sitenote_note":"","_monsterinsights_sitenote_category":0,"footnotes":""},"categories":[16,13],"tags":[],"class_list":["post-25608","post","type-post","status-publish","format-standard","has-post-thumbnail","hentry","category-relevante-2","category-reporte-local"],"aioseo_notices":[],"_links":{"self":[{"href":"https:\/\/digitalreportmx.com\/index.php\/wp-json\/wp\/v2\/posts\/25608","targetHints":{"allow":["GET"]}}],"collection":[{"href":"https:\/\/digitalreportmx.com\/index.php\/wp-json\/wp\/v2\/posts"}],"about":[{"href":"https:\/\/digitalreportmx.com\/index.php\/wp-json\/wp\/v2\/types\/post"}],"author":[{"embeddable":true,"href":"https:\/\/digitalreportmx.com\/index.php\/wp-json\/wp\/v2\/users\/1"}],"replies":[{"embeddable":true,"href":"https:\/\/digitalreportmx.com\/index.php\/wp-json\/wp\/v2\/comments?post=25608"}],"version-history":[{"count":1,"href":"https:\/\/digitalreportmx.com\/index.php\/wp-json\/wp\/v2\/posts\/25608\/revisions"}],"predecessor-version":[{"id":25610,"href":"https:\/\/digitalreportmx.com\/index.php\/wp-json\/wp\/v2\/posts\/25608\/revisions\/25610"}],"wp:featuredmedia":[{"embeddable":true,"href":"https:\/\/digitalreportmx.com\/index.php\/wp-json\/wp\/v2\/media\/25609"}],"wp:attachment":[{"href":"https:\/\/digitalreportmx.com\/index.php\/wp-json\/wp\/v2\/media?parent=25608"}],"wp:term":[{"taxonomy":"category","embeddable":true,"href":"https:\/\/digitalreportmx.com\/index.php\/wp-json\/wp\/v2\/categories?post=25608"},{"taxonomy":"post_tag","embeddable":true,"href":"https:\/\/digitalreportmx.com\/index.php\/wp-json\/wp\/v2\/tags?post=25608"}],"curies":[{"name":"wp","href":"https:\/\/api.w.org\/{rel}","templated":true}]}}