{"id":25662,"date":"2025-12-01T13:17:18","date_gmt":"2025-12-01T19:17:18","guid":{"rendered":"https:\/\/digitalreportmx.com\/?p=25662"},"modified":"2025-12-01T13:17:48","modified_gmt":"2025-12-01T19:17:48","slug":"plantea-pri-instituir-el-dia-estatal-de-las-aptitudes-sobresalientes","status":"publish","type":"post","link":"https:\/\/digitalreportmx.com\/index.php\/2025\/12\/01\/plantea-pri-instituir-el-dia-estatal-de-las-aptitudes-sobresalientes\/","title":{"rendered":"Plantea PRI instituir &#8216;D\u00eda de las Aptitudes Sobresalientes&#8217;"},"content":{"rendered":"\n<p><kbd>Monterrey<\/kbd><\/p>\n\n\n\n<p>Para visibilizar, reconocer y atender a ni\u00f1as, ni\u00f1os y j\u00f3venes con talento excepcional, la Coordinadora del Grupo Legislativo del PRD, Perla Villarreal Valdez, propuso establecer el 14 de marzo como el \u201cD\u00eda Estatal de las Aptitudes Sobresalientes\u201d.<\/p>\n\n\n\n<p>La tambi\u00e9n presidenta de la Comisi\u00f3n de Educaci\u00f3n en el Poder Legislativo explic\u00f3 que esta iniciativa surge a petici\u00f3n de las familias que integran la Red Estatal de Hijos con Aptitudes Sobresalientes, quienes han manifestado la falta de pol\u00edticas p\u00fablicas, apoyos y acompa\u00f1amiento especializado para este sector de la poblaci\u00f3n.<\/p>\n\n\n\n<p>\u201cDedicar un d\u00eda estatal a este tema permitir\u00e1 crear un espacio anual para la reflexi\u00f3n, capacitaci\u00f3n docente, sensibilizaci\u00f3n social e impulso de pol\u00edticas educativas incluyentes dentro de la nueva Ley de Educaci\u00f3n de Nuevo Le\u00f3n\u201d, asegur\u00f3.<\/p>\n\n\n\n<p>\u201cEste reconocimiento es un acto de justicia educativa y social. Es dar voz a miles de familias que hoy luchan solas por el derecho de sus hijos a una educaci\u00f3n justa\u201d, afirm\u00f3.<\/p>\n\n\n\n<p>Villarreal Valdez destac\u00f3 que, de acuerdo con estimaciones de la Secretar\u00eda de Educaci\u00f3n P\u00fablica, entre el 3% y 5% de la poblaci\u00f3n escolar presenta aptitudes sobresalientes; sin embargo, menos del 1% recibe atenci\u00f3n especializada, lo que representa una deuda institucional que debe atenderse con urgencia.<\/p>\n\n\n\n<p>Cabe mencionar que a nivel internacional, el 14 de marzo es reconocido como el D\u00eda de las Altas Capacidades Intelectuales, fecha que coincide con el nacimiento de Albert Einstein y la celebraci\u00f3n del n\u00famero Pi (3.14), s\u00edmbolos universales de creatividad, innovaci\u00f3n y conocimiento.<\/p>\n","protected":false},"excerpt":{"rendered":"<p>Monterrey Para visibilizar, reconocer y atender a ni\u00f1as, ni\u00f1os y j\u00f3venes con talento excepcional, la Coordinadora del Grupo Legislativo del PRD, Perla Villarreal Valdez, propuso establecer el 14 de marzo como el \u201cD\u00eda Estatal de las Aptitudes Sobresalientes\u201d. La tambi\u00e9n presidenta de la Comisi\u00f3n de Educaci\u00f3n en el Poder Legislativo explic\u00f3 que esta iniciativa surge [&hellip;]<\/p>\n","protected":false},"author":1,"featured_media":25663,"comment_status":"open","ping_status":"open","sticky":false,"template":"","format":"standard","meta":{"om_disable_all_campaigns":false,"_monsterinsights_skip_tracking":false,"_monsterinsights_sitenote_active":false,"_monsterinsights_sitenote_note":"","_monsterinsights_sitenote_category":0,"footnotes":""},"categories":[16,13],"tags":[],"class_list":["post-25662","post","type-post","status-publish","format-standard","has-post-thumbnail","hentry","category-relevante-2","category-reporte-local"],"aioseo_notices":[],"_links":{"self":[{"href":"https:\/\/digitalreportmx.com\/index.php\/wp-json\/wp\/v2\/posts\/25662","targetHints":{"allow":["GET"]}}],"collection":[{"href":"https:\/\/digitalreportmx.com\/index.php\/wp-json\/wp\/v2\/posts"}],"about":[{"href":"https:\/\/digitalreportmx.com\/index.php\/wp-json\/wp\/v2\/types\/post"}],"author":[{"embeddable":true,"href":"https:\/\/digitalreportmx.com\/index.php\/wp-json\/wp\/v2\/users\/1"}],"replies":[{"embeddable":true,"href":"https:\/\/digitalreportmx.com\/index.php\/wp-json\/wp\/v2\/comments?post=25662"}],"version-history":[{"count":2,"href":"https:\/\/digitalreportmx.com\/index.php\/wp-json\/wp\/v2\/posts\/25662\/revisions"}],"predecessor-version":[{"id":25665,"href":"https:\/\/digitalreportmx.com\/index.php\/wp-json\/wp\/v2\/posts\/25662\/revisions\/25665"}],"wp:featuredmedia":[{"embeddable":true,"href":"https:\/\/digitalreportmx.com\/index.php\/wp-json\/wp\/v2\/media\/25663"}],"wp:attachment":[{"href":"https:\/\/digitalreportmx.com\/index.php\/wp-json\/wp\/v2\/media?parent=25662"}],"wp:term":[{"taxonomy":"category","embeddable":true,"href":"https:\/\/digitalreportmx.com\/index.php\/wp-json\/wp\/v2\/categories?post=25662"},{"taxonomy":"post_tag","embeddable":true,"href":"https:\/\/digitalreportmx.com\/index.php\/wp-json\/wp\/v2\/tags?post=25662"}],"curies":[{"name":"wp","href":"https:\/\/api.w.org\/{rel}","templated":true}]}}