{"id":25988,"date":"2025-12-06T19:50:43","date_gmt":"2025-12-07T01:50:43","guid":{"rendered":"https:\/\/digitalreportmx.com\/?p=25988"},"modified":"2025-12-06T19:59:11","modified_gmt":"2025-12-07T01:59:11","slug":"nombran-a-obispo-auxiliar-de-monterrey","status":"publish","type":"post","link":"https:\/\/digitalreportmx.com\/index.php\/2025\/12\/06\/nombran-a-obispo-auxiliar-de-monterrey\/","title":{"rendered":"Nombran a Obispo Auxiliar de Monterrey"},"content":{"rendered":"\n<p><kbd>Ciudad de M\u00e9xic<\/kbd>o<\/p>\n\n\n\n<p>La Nunciatura Apost\u00f3lica en M\u00e9xico comunica, a trav\u00e9s de la Secretar\u00eda General de la Conferencia del Episcopado Mexicano, que Su Santidad Le\u00f3n XIV se ha dignado nombrar Obispo Auxiliar de la Arquidi\u00f3cesis de Monterrey al Pbro. Jos\u00e9 Eugenio Ramos Delgado, hasta ahora Vicario Episcopal de la Zona Pastoral V de la Arquidi\u00f3cesis de Monterrey, asign\u00e1ndole la Sede episcopal titular de Mattiana.<\/p>\n\n\n\n<p>Dicha noticia ha sido publicada en el Bolet\u00edn de la Santa Sede, el d\u00eda de hoy, 6 de diciembre del presente a\u00f1o, a mediod\u00eda, tiempo de Roma, Italia.<\/p>\n\n\n\n<p>&#8220;Nos unimos en alegr\u00eda y oraci\u00f3n con la Iglesia que peregrina en la Arquidi\u00f3cesis de Monterrey y deseamos a Mons. Jos\u00e9 Eugenio un fecundo desempe\u00f1o en la nueva encomienda episcopal que el Se\u00f1or le ha confianza&#8221;, se\u00f1ala el comunicado.<\/p>\n\n\n\n<p>Naci\u00f3 el 28 de octubre de 1973, en Monclova, Coahuila.<br>Fue ordenado Di\u00e1cono el 22 de agosto de 1998 en la Bas\u00edlica de Nuestra Se\u00f1ora del Roble, en Monterrey, incardin\u00e1ndose en la Arquidi\u00f3cesis Metropolitana de Monterrey.<br>Fue ordenado Sacerdote el 14 de agosto de 1999 en la Bas\u00edlica de Nuestra Se\u00f1ora de Guadalupe, en Monterrey.<\/p>\n\n\n\n<p>Estudios:<br>En 1990 ingres\u00f3 al Seminario de la Arquidi\u00f3cesis de Monterrey, donde realiz\u00f3 los estudios de Humanidades, Filosof\u00eda y Teolog\u00eda.<br>De 2009 al 2011, estudi\u00f3 en la Pontificia Universidad Gregoriana, en Roma Italia, donde obtuvo la Maestr\u00eda en Teolog\u00eda Espiritual.<\/p>\n\n\n\n<p>Servicio Ministerial:<br>Vicario parroquial en la Parroquia del Rosario de Monterrey.<\/p>\n\n\n\n<p>Formador, Director Espiritual del Curso Introductorio y Coordinador de la Etapa Proped\u00e9utica, en el seminario de la Arquidi\u00f3cesis de Monterrey.<\/p>\n\n\n\n<p>Auxiliar de la Direcci\u00f3n Espiritual en el Instituto de Filosofia y Director Espiritual externo de la Etapa Proped\u00e9utica.<\/p>\n\n\n\n<p>Vicario Episcopal de la Zona Pastoral XI, nombrado en 2018.<\/p>\n\n\n\n<p>Rector de la Catedral Metropolitana de Monterrey, as\u00ed como Rector y Representante Legal de la Escuela Antonio de P. R\u00edos, nombrado en 2020.<\/p>\n\n\n\n<p>Director de la Escuela B\u00edblica Arquidiocesana de Monterrey, cargo que<\/p>\n\n\n\n<p>desempe\u00f1a desde 2021.<\/p>\n\n\n\n<p>P\u00e1rroco de la Parroquia y Santuario de Nuestra Se\u00f1ora de F\u00e1tima, en San Pedro.Garza Garc\u00eda, Nuevo Le\u00f3n, desde el 07 de enero de 2023.<\/p>\n\n\n\n<p>Vicario Episcopal de la Zona de Pastoral V, desde el 13 de julio de 2023.<\/p>\n\n\n\n<p>El 06 de diciembre de 2025, el Papa Le\u00f3n XIV lo design\u00f3 Obispo auxiliar de Monterrey, asign\u00e1ndole la Sede episcopal titular de Mattiana.<\/p>\n","protected":false},"excerpt":{"rendered":"<p>Ciudad de M\u00e9xico La Nunciatura Apost\u00f3lica en M\u00e9xico comunica, a trav\u00e9s de la Secretar\u00eda General de la Conferencia del Episcopado Mexicano, que Su Santidad Le\u00f3n XIV se ha dignado nombrar Obispo Auxiliar de la Arquidi\u00f3cesis de Monterrey al Pbro. Jos\u00e9 Eugenio Ramos Delgado, hasta ahora Vicario Episcopal de la Zona Pastoral V de la Arquidi\u00f3cesis [&hellip;]<\/p>\n","protected":false},"author":1,"featured_media":25991,"comment_status":"open","ping_status":"open","sticky":false,"template":"","format":"standard","meta":{"om_disable_all_campaigns":false,"_monsterinsights_skip_tracking":false,"_monsterinsights_sitenote_active":false,"_monsterinsights_sitenote_note":"","_monsterinsights_sitenote_category":0,"footnotes":""},"categories":[16,18],"tags":[],"class_list":["post-25988","post","type-post","status-publish","format-standard","has-post-thumbnail","hentry","category-relevante-2","category-tendencia"],"aioseo_notices":[],"_links":{"self":[{"href":"https:\/\/digitalreportmx.com\/index.php\/wp-json\/wp\/v2\/posts\/25988","targetHints":{"allow":["GET"]}}],"collection":[{"href":"https:\/\/digitalreportmx.com\/index.php\/wp-json\/wp\/v2\/posts"}],"about":[{"href":"https:\/\/digitalreportmx.com\/index.php\/wp-json\/wp\/v2\/types\/post"}],"author":[{"embeddable":true,"href":"https:\/\/digitalreportmx.com\/index.php\/wp-json\/wp\/v2\/users\/1"}],"replies":[{"embeddable":true,"href":"https:\/\/digitalreportmx.com\/index.php\/wp-json\/wp\/v2\/comments?post=25988"}],"version-history":[{"count":3,"href":"https:\/\/digitalreportmx.com\/index.php\/wp-json\/wp\/v2\/posts\/25988\/revisions"}],"predecessor-version":[{"id":25994,"href":"https:\/\/digitalreportmx.com\/index.php\/wp-json\/wp\/v2\/posts\/25988\/revisions\/25994"}],"wp:featuredmedia":[{"embeddable":true,"href":"https:\/\/digitalreportmx.com\/index.php\/wp-json\/wp\/v2\/media\/25991"}],"wp:attachment":[{"href":"https:\/\/digitalreportmx.com\/index.php\/wp-json\/wp\/v2\/media?parent=25988"}],"wp:term":[{"taxonomy":"category","embeddable":true,"href":"https:\/\/digitalreportmx.com\/index.php\/wp-json\/wp\/v2\/categories?post=25988"},{"taxonomy":"post_tag","embeddable":true,"href":"https:\/\/digitalreportmx.com\/index.php\/wp-json\/wp\/v2\/tags?post=25988"}],"curies":[{"name":"wp","href":"https:\/\/api.w.org\/{rel}","templated":true}]}}