{"id":26024,"date":"2025-12-07T12:23:24","date_gmt":"2025-12-07T18:23:24","guid":{"rendered":"https:\/\/digitalreportmx.com\/?p=26024"},"modified":"2025-12-07T12:23:53","modified_gmt":"2025-12-07T18:23:53","slug":"deslumbra-a-cientos-de-familias-pino-navideno-en-sc","status":"publish","type":"post","link":"https:\/\/digitalreportmx.com\/index.php\/2025\/12\/07\/deslumbra-a-cientos-de-familias-pino-navideno-en-sc\/","title":{"rendered":"Deslumbra a cientos de familias Pino Navide\u00f1o en SC"},"content":{"rendered":"\n<p><kbd>Santa Catarina<\/kbd> <\/p>\n\n\n\n<p>La magia de la Navidad lleg\u00f3 a Santa Catarina con el encendido del pino, que el Gobierno de Santa Catarina realiz\u00f3 en un gran ambiente familiar en la explanada de la Torre Administrativa.<\/p>\n\n\n\n<p>Cientos de familias se dieron cita en este evento encabezado por el Alcalde Jes\u00fas Nava, su esposa Paola Garc\u00eda y sus hijos Alex, Mar\u00eda Paola y Oliver, quienes acompa\u00f1ados de ni\u00f1os y ni\u00f1as hicieron el conteo para el encendido del gran pino navide\u00f1o.<\/p>\n\n\n\n<p>\u201cCon este gran encendido del pino celebramos el esp\u00edritu navide\u00f1o y deseamos a todas las familias santacatarinenses que en esta temporada decembrina sea de uni\u00f3n, paz y amor\u201d, expres\u00f3 el Edil.<\/p>\n\n\n\n<p>En este festejo, las familias pudieron tomarse fotos en la Explanada Administrativa que estuvo adornada con luces de tem\u00e1tica navide\u00f1a, as\u00ed como con el tradicional Santa Claus.<\/p>\n\n\n\n<figure class=\"wp-block-image size-large\"><img loading=\"lazy\" decoding=\"async\" width=\"1024\" height=\"576\" src=\"https:\/\/digitalreportmx.com\/wp-content\/uploads\/2025\/12\/1000359807-1024x576.jpg\" alt=\"\" class=\"wp-image-26028\" srcset=\"https:\/\/digitalreportmx.com\/wp-content\/uploads\/2025\/12\/1000359807-1024x576.jpg 1024w, https:\/\/digitalreportmx.com\/wp-content\/uploads\/2025\/12\/1000359807-300x169.jpg 300w, https:\/\/digitalreportmx.com\/wp-content\/uploads\/2025\/12\/1000359807-768x432.jpg 768w, https:\/\/digitalreportmx.com\/wp-content\/uploads\/2025\/12\/1000359807-1536x864.jpg 1536w, https:\/\/digitalreportmx.com\/wp-content\/uploads\/2025\/12\/1000359807-2048x1152.jpg 2048w\" sizes=\"auto, (max-width: 1024px) 100vw, 1024px\" \/><\/figure>\n\n\n\n<p>Asimismo, disfrutaron de shows con las tem\u00e1ticas de Plim Plim, Paw Patrol, las guerreras del Kpop, as\u00ed como de Santa Claus y el Grinch.<\/p>\n\n\n\n<p>Adem\u00e1s en este gran encendido del pino navide\u00f1o las familias disfrutaron de snacks y de juegos mec\u00e1nicos.<\/p>\n\n\n\n<p>Nava Rivera invit\u00f3 a las familias a acudir a los seis desfiles navide\u00f1os que se llevar\u00e1n a acabo del lunes 15 al 19 de diciembre y el lunes 22 de diciembre a partir de las 7:00 pm en diferentes sectores del municipio.<\/p>\n\n\n\n<p>\u201cLos festejos por esta temporada contin\u00faan, a partir del 15 de diciembre tendremos seis desfiles navide\u00f1os en diversos sectores con con contingente de diez carros aleg\u00f3ricos para seguir llevando el esp\u00edritu navide\u00f1o a todas las familias y grandes momentos de uni\u00f3n y paz\u201d, manifest\u00f3.<\/p>\n\n\n\n<figure class=\"wp-block-image size-large\"><img loading=\"lazy\" decoding=\"async\" width=\"1024\" height=\"771\" src=\"https:\/\/digitalreportmx.com\/wp-content\/uploads\/2025\/12\/1000359803-1024x771.jpg\" alt=\"\" class=\"wp-image-26027\" srcset=\"https:\/\/digitalreportmx.com\/wp-content\/uploads\/2025\/12\/1000359803-1024x771.jpg 1024w, https:\/\/digitalreportmx.com\/wp-content\/uploads\/2025\/12\/1000359803-300x226.jpg 300w, https:\/\/digitalreportmx.com\/wp-content\/uploads\/2025\/12\/1000359803-768x578.jpg 768w, https:\/\/digitalreportmx.com\/wp-content\/uploads\/2025\/12\/1000359803-1536x1157.jpg 1536w, https:\/\/digitalreportmx.com\/wp-content\/uploads\/2025\/12\/1000359803-2048x1542.jpg 2048w\" sizes=\"auto, (max-width: 1024px) 100vw, 1024px\" \/><\/figure>\n","protected":false},"excerpt":{"rendered":"<p>Santa Catarina La magia de la Navidad lleg\u00f3 a Santa Catarina con el encendido del pino, que el Gobierno de Santa Catarina realiz\u00f3 en un gran ambiente familiar en la explanada de la Torre Administrativa. Cientos de familias se dieron cita en este evento encabezado por el Alcalde Jes\u00fas Nava, su esposa Paola Garc\u00eda y [&hellip;]<\/p>\n","protected":false},"author":1,"featured_media":26026,"comment_status":"open","ping_status":"open","sticky":false,"template":"","format":"standard","meta":{"om_disable_all_campaigns":false,"_monsterinsights_skip_tracking":false,"_monsterinsights_sitenote_active":false,"_monsterinsights_sitenote_note":"","_monsterinsights_sitenote_category":0,"footnotes":""},"categories":[16,13],"tags":[],"class_list":["post-26024","post","type-post","status-publish","format-standard","has-post-thumbnail","hentry","category-relevante-2","category-reporte-local"],"aioseo_notices":[],"_links":{"self":[{"href":"https:\/\/digitalreportmx.com\/index.php\/wp-json\/wp\/v2\/posts\/26024","targetHints":{"allow":["GET"]}}],"collection":[{"href":"https:\/\/digitalreportmx.com\/index.php\/wp-json\/wp\/v2\/posts"}],"about":[{"href":"https:\/\/digitalreportmx.com\/index.php\/wp-json\/wp\/v2\/types\/post"}],"author":[{"embeddable":true,"href":"https:\/\/digitalreportmx.com\/index.php\/wp-json\/wp\/v2\/users\/1"}],"replies":[{"embeddable":true,"href":"https:\/\/digitalreportmx.com\/index.php\/wp-json\/wp\/v2\/comments?post=26024"}],"version-history":[{"count":1,"href":"https:\/\/digitalreportmx.com\/index.php\/wp-json\/wp\/v2\/posts\/26024\/revisions"}],"predecessor-version":[{"id":26029,"href":"https:\/\/digitalreportmx.com\/index.php\/wp-json\/wp\/v2\/posts\/26024\/revisions\/26029"}],"wp:featuredmedia":[{"embeddable":true,"href":"https:\/\/digitalreportmx.com\/index.php\/wp-json\/wp\/v2\/media\/26026"}],"wp:attachment":[{"href":"https:\/\/digitalreportmx.com\/index.php\/wp-json\/wp\/v2\/media?parent=26024"}],"wp:term":[{"taxonomy":"category","embeddable":true,"href":"https:\/\/digitalreportmx.com\/index.php\/wp-json\/wp\/v2\/categories?post=26024"},{"taxonomy":"post_tag","embeddable":true,"href":"https:\/\/digitalreportmx.com\/index.php\/wp-json\/wp\/v2\/tags?post=26024"}],"curies":[{"name":"wp","href":"https:\/\/api.w.org\/{rel}","templated":true}]}}