{"id":26059,"date":"2025-12-07T21:31:39","date_gmt":"2025-12-08T03:31:39","guid":{"rendered":"https:\/\/digitalreportmx.com\/?p=26059"},"modified":"2025-12-07T21:31:41","modified_gmt":"2025-12-08T03:31:41","slug":"encienden-samuel-y-mariana-la-macro-navidad-2025","status":"publish","type":"post","link":"https:\/\/digitalreportmx.com\/index.php\/2025\/12\/07\/encienden-samuel-y-mariana-la-macro-navidad-2025\/","title":{"rendered":"Encienden Samuel y Mariana la Macro Navidad 2025"},"content":{"rendered":"\n<p><kbd>Monterrey<\/kbd>, Nuevo Le\u00f3n<\/p>\n\n\n\n<p>La magia decembrina volvi\u00f3 a iluminar el coraz\u00f3n de la ciudad con el Encendido de la Macro Navidad 2025, organizado por CODETUR y encabezado por el Gobernador Samuel Alejandro Garc\u00eda Sep\u00falveda y Mariana Rodr\u00edguez Cant\u00fa, de AMAR a Nuevo Le\u00f3n, ante miles de familias reunidas en la Explanada de los H\u00e9roes.<\/p>\n\n\n\n<p>Desde el escenario, Samuel Garc\u00eda destac\u00f3 el car\u00e1cter social y tur\u00edstico de este gran evento que ya es tradici\u00f3n en el estado.<\/p>\n\n\n\n<p>Al invitar a disfrutarlo durante toda la temporada, subray\u00f3 que estar\u00e1 \u201ctodo el mes abierto\u201d, y llam\u00f3 a las familias a aprovecharlo al m\u00e1ximo:<\/p>\n\n\n\n<p>\u201cInviten a sus familias. V\u00e9nganse cuantas veces quieran, es gratuito\u2026 Estamos echando la casa por la ventana para cerrar el a\u00f1o con much\u00edsimos juegos. \u00bfQui\u00e9n se quiere subir al carrusel? \u00a1A la rueda de la fortuna! Al trenecito.\u201d<\/p>\n\n\n\n<p>El Gobernador enfatiz\u00f3 que la edici\u00f3n 2025 llega con un enfoque completamente renovado para fortalecer la convivencia y atraer m\u00e1s visitantes, aludiendo a la importancia de vivir estas fechas en comunidad.<\/p>\n\n\n\n<p>Por su parte, Mariana Rodr\u00edguez resalt\u00f3 la esencia familiar e incluyente de la Macro Navidad desde su primera edici\u00f3n.<\/p>\n\n\n\n<p>&#8220;Estamos muy emocionados de celebrar la macro Navidad. Un mes de magia en la Macroplaza&#8221;, expres\u00f3 al arrancar su mensaje.<\/p>\n\n\n\n<p>Record\u00f3 que esta edici\u00f3n abarcar\u00e1 del 7 de diciembre al 7 de enero, celebrando estas fechas de amor y de paz, donde miles de familias podr\u00e1n gozar de cada una de las atracciones.<\/p>\n\n\n\n<p>Destac\u00f3 con entusiasmo que ni\u00f1as y ni\u00f1os tendr\u00e1n su propio recorrido especial.<\/p>\n\n\n\n<p>\u201cVan a poder gozar del carrusel, de la rueda de la fortuna, de la oficina postal, en donde las ni\u00f1as y ni\u00f1os van a recibir un pasaporte\u2026 y si concluyen todas las actividades van a tener una sorpresa y un regalo para llevar a casa.\u201d<\/p>\n\n\n\n<p>Mariana tambi\u00e9n celebr\u00f3 la atm\u00f3sfera de ilusi\u00f3n que cada a\u00f1o envuelve la plaza.<\/p>\n\n\n\n<p>\u201cOjal\u00e1 que les encante c\u00f3mo esta Macroplaza se va a llenar de luz y de vida a partir de hoy&#8221;.<\/p>\n\n\n\n<p>Agradeci\u00f3 al equipo organizador y extendi\u00f3 una invitaci\u00f3n abierta a que nadie se quede fuera.<\/p>\n\n\n\n<p>\u201cInviten a sus vecinos, a sus vecinas, a sus familiares\u2026 y les recuerdo que va a haber un pasillo gastron\u00f3mico con nuestros emprendedores y emprendedoras de Nuevo Le\u00f3n&#8221;.<\/p>\n\n\n\n<p>Tras el conteo regresivo, Samuel y Mariana encabezaron el encendido oficial que ilumin\u00f3 el Palacio de Gobierno, la Explanada de los H\u00e9roes y todas las atracciones navide\u00f1as, dando paso a una presentaci\u00f3n especial que marc\u00f3 el inicio formal de la festividad.<\/p>\n\n\n\n<p>Instantes despu\u00e9s, junto a sus hijas Mariel e Isabel, subieron a la rueda de la fortuna y recorrieron espacios tem\u00e1ticos como la Oficina Postal, la Casa de Santa, la Estaci\u00f3n del Tren, el T\u00fanel de Caramelos, el Carrusel, el Taller de Santa y el Mercado Nuevo Le\u00f3n, acompa\u00f1ados por duendes que convivieron con las familias asistentes.<\/p>\n\n\n\n<p>En la inauguraci\u00f3n tambi\u00e9n estuvieron presentes Alejandra Morales, Directora de CODETUR; Gloria Baz\u00e1n, Directora General del DIF Nuevo Le\u00f3n, y el diputado local Baltazar Mart\u00ednez.<\/p>\n\n\n\n<p>Desde 2022, la Macro Navidad se ha consolidado como uno de los eventos familiares m\u00e1s emblem\u00e1ticos del estado.<\/p>\n\n\n\n<p>Este a\u00f1o, la Macro Navidad estar\u00e1 abierta del 7 de diciembre al 7 de enero, con horario de lunes a jueves de 16:00 a 21:00 horas, viernes a domingo de 16:00 a 22:00 horas, y horarios especiales de 10:00 a 14:00 horas los d\u00edas 24 y 31 de diciembre.<\/p>\n\n\n\n<p>Con este encendido, Nuevo Le\u00f3n reafirma su compromiso de ofrecer espacios seguros, accesibles y llenos de esp\u00edritu comunitario para disfrutar la temporada navide\u00f1a en familia.<\/p>\n","protected":false},"excerpt":{"rendered":"<p>Monterrey, Nuevo Le\u00f3n La magia decembrina volvi\u00f3 a iluminar el coraz\u00f3n de la ciudad con el Encendido de la Macro Navidad 2025, organizado por CODETUR y encabezado por el Gobernador Samuel Alejandro Garc\u00eda Sep\u00falveda y Mariana Rodr\u00edguez Cant\u00fa, de AMAR a Nuevo Le\u00f3n, ante miles de familias reunidas en la Explanada de los H\u00e9roes. Desde [&hellip;]<\/p>\n","protected":false},"author":1,"featured_media":26060,"comment_status":"open","ping_status":"open","sticky":false,"template":"","format":"standard","meta":{"om_disable_all_campaigns":false,"_monsterinsights_skip_tracking":false,"_monsterinsights_sitenote_active":false,"_monsterinsights_sitenote_note":"","_monsterinsights_sitenote_category":0,"footnotes":""},"categories":[12,16],"tags":[],"class_list":["post-26059","post","type-post","status-publish","format-standard","has-post-thumbnail","hentry","category-cooltura","category-relevante-2"],"aioseo_notices":[],"_links":{"self":[{"href":"https:\/\/digitalreportmx.com\/index.php\/wp-json\/wp\/v2\/posts\/26059","targetHints":{"allow":["GET"]}}],"collection":[{"href":"https:\/\/digitalreportmx.com\/index.php\/wp-json\/wp\/v2\/posts"}],"about":[{"href":"https:\/\/digitalreportmx.com\/index.php\/wp-json\/wp\/v2\/types\/post"}],"author":[{"embeddable":true,"href":"https:\/\/digitalreportmx.com\/index.php\/wp-json\/wp\/v2\/users\/1"}],"replies":[{"embeddable":true,"href":"https:\/\/digitalreportmx.com\/index.php\/wp-json\/wp\/v2\/comments?post=26059"}],"version-history":[{"count":1,"href":"https:\/\/digitalreportmx.com\/index.php\/wp-json\/wp\/v2\/posts\/26059\/revisions"}],"predecessor-version":[{"id":26061,"href":"https:\/\/digitalreportmx.com\/index.php\/wp-json\/wp\/v2\/posts\/26059\/revisions\/26061"}],"wp:featuredmedia":[{"embeddable":true,"href":"https:\/\/digitalreportmx.com\/index.php\/wp-json\/wp\/v2\/media\/26060"}],"wp:attachment":[{"href":"https:\/\/digitalreportmx.com\/index.php\/wp-json\/wp\/v2\/media?parent=26059"}],"wp:term":[{"taxonomy":"category","embeddable":true,"href":"https:\/\/digitalreportmx.com\/index.php\/wp-json\/wp\/v2\/categories?post=26059"},{"taxonomy":"post_tag","embeddable":true,"href":"https:\/\/digitalreportmx.com\/index.php\/wp-json\/wp\/v2\/tags?post=26059"}],"curies":[{"name":"wp","href":"https:\/\/api.w.org\/{rel}","templated":true}]}}