{"id":26062,"date":"2025-12-08T00:09:37","date_gmt":"2025-12-08T06:09:37","guid":{"rendered":"https:\/\/digitalreportmx.com\/?p=26062"},"modified":"2025-12-08T00:12:17","modified_gmt":"2025-12-08T06:12:17","slug":"desfiles-de-navidad-de-san-pedro-se-apodera-de-miles","status":"publish","type":"post","link":"https:\/\/digitalreportmx.com\/index.php\/2025\/12\/08\/desfiles-de-navidad-de-san-pedro-se-apodera-de-miles\/","title":{"rendered":"Desfiles de Navidad de San Pedro  se apodera de miles"},"content":{"rendered":"\n<p><kbd>San Pedro Garza Garc\u00eda <\/kbd><\/p>\n\n\n\n<p>San Pedro Garza Garc\u00eda celebr\u00f3 con gran participaci\u00f3n ciudadana los tres desfiles navide\u00f1os \u201cEntre sue\u00f1os y recuerdos\u201d, que este a\u00f1o cumplieron 27 a\u00f1os de trayectoria.<\/p>\n\n\n\n<p>Las primeras dos presentaciones se realizaron el s\u00e1bado en las avenidas Clouthier y Vasconcelos, mientras que la tercera y \u00faltima tuvo lugar este domingo en Las Calzadas, donde el Alcalde Mauricio Farah, acompa\u00f1ado de su familia, encabez\u00f3 el recorrido que ilumin\u00f3 la zona con decoraci\u00f3n navide\u00f1a.<\/p>\n\n\n\n<figure class=\"wp-block-image size-large\"><img loading=\"lazy\" decoding=\"async\" width=\"1024\" height=\"682\" src=\"https:\/\/digitalreportmx.com\/wp-content\/uploads\/2025\/12\/1000360724-1024x682.jpg\" alt=\"\" class=\"wp-image-26065\" srcset=\"https:\/\/digitalreportmx.com\/wp-content\/uploads\/2025\/12\/1000360724-1024x682.jpg 1024w, https:\/\/digitalreportmx.com\/wp-content\/uploads\/2025\/12\/1000360724-300x200.jpg 300w, https:\/\/digitalreportmx.com\/wp-content\/uploads\/2025\/12\/1000360724-768x512.jpg 768w, https:\/\/digitalreportmx.com\/wp-content\/uploads\/2025\/12\/1000360724-1536x1024.jpg 1536w, https:\/\/digitalreportmx.com\/wp-content\/uploads\/2025\/12\/1000360724-2048x1365.jpg 2048w\" sizes=\"auto, (max-width: 1024px) 100vw, 1024px\" \/><\/figure>\n\n\n\n<p>En total, unas 35 mil personas disfrutaron del ambiente navide\u00f1o en un espacio seguro e iluminado, donde participaron alrededor de mil integrantes en 42 contingentes, entre carros aleg\u00f3ricos, comparsas de instituciones y academias de danza.<\/p>\n\n\n\n<figure class=\"wp-block-image size-large\"><img loading=\"lazy\" decoding=\"async\" width=\"1024\" height=\"682\" src=\"https:\/\/digitalreportmx.com\/wp-content\/uploads\/2025\/12\/1000360704-1024x682.jpg\" alt=\"\" class=\"wp-image-26066\" srcset=\"https:\/\/digitalreportmx.com\/wp-content\/uploads\/2025\/12\/1000360704-1024x682.jpg 1024w, https:\/\/digitalreportmx.com\/wp-content\/uploads\/2025\/12\/1000360704-300x200.jpg 300w, https:\/\/digitalreportmx.com\/wp-content\/uploads\/2025\/12\/1000360704-768x512.jpg 768w, https:\/\/digitalreportmx.com\/wp-content\/uploads\/2025\/12\/1000360704-1536x1024.jpg 1536w, https:\/\/digitalreportmx.com\/wp-content\/uploads\/2025\/12\/1000360704-2048x1365.jpg 2048w\" sizes=\"auto, (max-width: 1024px) 100vw, 1024px\" \/><\/figure>\n\n\n\n<p>Cada desfile ofreci\u00f3 a las familias personajes festivos, m\u00fasica, actividades tem\u00e1ticas, entrega de churros y chocolate caliente, y un ambiente lleno de color y tradici\u00f3n.<\/p>\n\n\n\n<figure class=\"wp-block-image size-large\"><img loading=\"lazy\" decoding=\"async\" width=\"1024\" height=\"682\" src=\"https:\/\/digitalreportmx.com\/wp-content\/uploads\/2025\/12\/1000360710-1024x682.jpg\" alt=\"\" class=\"wp-image-26068\" srcset=\"https:\/\/digitalreportmx.com\/wp-content\/uploads\/2025\/12\/1000360710-1024x682.jpg 1024w, https:\/\/digitalreportmx.com\/wp-content\/uploads\/2025\/12\/1000360710-300x200.jpg 300w, https:\/\/digitalreportmx.com\/wp-content\/uploads\/2025\/12\/1000360710-768x512.jpg 768w, https:\/\/digitalreportmx.com\/wp-content\/uploads\/2025\/12\/1000360710-1536x1024.jpg 1536w, https:\/\/digitalreportmx.com\/wp-content\/uploads\/2025\/12\/1000360710-2048x1365.jpg 2048w\" sizes=\"auto, (max-width: 1024px) 100vw, 1024px\" \/><\/figure>\n\n\n\n<p>Como cierre especial, el cielo se ilumin\u00f3 con un show de drones que present\u00f3 figuras, mensajes navide\u00f1os, y se record\u00f3 al cuatro veces alcalde, Mauricio Fern\u00e1ndez Garza, marcando el final del evento entre aplausos y fotograf\u00edas de los asistentes<\/p>\n\n\n\n<figure class=\"wp-block-image size-large\"><img loading=\"lazy\" decoding=\"async\" width=\"1024\" height=\"682\" src=\"https:\/\/digitalreportmx.com\/wp-content\/uploads\/2025\/12\/1000360706-1024x682.jpg\" alt=\"\" class=\"wp-image-26069\" srcset=\"https:\/\/digitalreportmx.com\/wp-content\/uploads\/2025\/12\/1000360706-1024x682.jpg 1024w, https:\/\/digitalreportmx.com\/wp-content\/uploads\/2025\/12\/1000360706-300x200.jpg 300w, https:\/\/digitalreportmx.com\/wp-content\/uploads\/2025\/12\/1000360706-768x512.jpg 768w, https:\/\/digitalreportmx.com\/wp-content\/uploads\/2025\/12\/1000360706-1536x1024.jpg 1536w, https:\/\/digitalreportmx.com\/wp-content\/uploads\/2025\/12\/1000360706-2048x1365.jpg 2048w\" sizes=\"auto, (max-width: 1024px) 100vw, 1024px\" \/><\/figure>\n","protected":false},"excerpt":{"rendered":"<p>San Pedro Garza Garc\u00eda San Pedro Garza Garc\u00eda celebr\u00f3 con gran participaci\u00f3n ciudadana los tres desfiles navide\u00f1os \u201cEntre sue\u00f1os y recuerdos\u201d, que este a\u00f1o cumplieron 27 a\u00f1os de trayectoria. Las primeras dos presentaciones se realizaron el s\u00e1bado en las avenidas Clouthier y Vasconcelos, mientras que la tercera y \u00faltima tuvo lugar este domingo en Las [&hellip;]<\/p>\n","protected":false},"author":1,"featured_media":26063,"comment_status":"open","ping_status":"open","sticky":false,"template":"","format":"standard","meta":{"om_disable_all_campaigns":false,"_monsterinsights_skip_tracking":false,"_monsterinsights_sitenote_active":false,"_monsterinsights_sitenote_note":"","_monsterinsights_sitenote_category":0,"footnotes":""},"categories":[12,16],"tags":[],"class_list":["post-26062","post","type-post","status-publish","format-standard","has-post-thumbnail","hentry","category-cooltura","category-relevante-2"],"aioseo_notices":[],"_links":{"self":[{"href":"https:\/\/digitalreportmx.com\/index.php\/wp-json\/wp\/v2\/posts\/26062","targetHints":{"allow":["GET"]}}],"collection":[{"href":"https:\/\/digitalreportmx.com\/index.php\/wp-json\/wp\/v2\/posts"}],"about":[{"href":"https:\/\/digitalreportmx.com\/index.php\/wp-json\/wp\/v2\/types\/post"}],"author":[{"embeddable":true,"href":"https:\/\/digitalreportmx.com\/index.php\/wp-json\/wp\/v2\/users\/1"}],"replies":[{"embeddable":true,"href":"https:\/\/digitalreportmx.com\/index.php\/wp-json\/wp\/v2\/comments?post=26062"}],"version-history":[{"count":2,"href":"https:\/\/digitalreportmx.com\/index.php\/wp-json\/wp\/v2\/posts\/26062\/revisions"}],"predecessor-version":[{"id":26070,"href":"https:\/\/digitalreportmx.com\/index.php\/wp-json\/wp\/v2\/posts\/26062\/revisions\/26070"}],"wp:featuredmedia":[{"embeddable":true,"href":"https:\/\/digitalreportmx.com\/index.php\/wp-json\/wp\/v2\/media\/26063"}],"wp:attachment":[{"href":"https:\/\/digitalreportmx.com\/index.php\/wp-json\/wp\/v2\/media?parent=26062"}],"wp:term":[{"taxonomy":"category","embeddable":true,"href":"https:\/\/digitalreportmx.com\/index.php\/wp-json\/wp\/v2\/categories?post=26062"},{"taxonomy":"post_tag","embeddable":true,"href":"https:\/\/digitalreportmx.com\/index.php\/wp-json\/wp\/v2\/tags?post=26062"}],"curies":[{"name":"wp","href":"https:\/\/api.w.org\/{rel}","templated":true}]}}