{"id":26082,"date":"2025-12-08T15:54:31","date_gmt":"2025-12-08T21:54:31","guid":{"rendered":"https:\/\/digitalreportmx.com\/?p=26082"},"modified":"2025-12-08T15:54:31","modified_gmt":"2025-12-08T21:54:31","slug":"coloca-igualdad-primera-piedra-de-centro-comunitario-en-juarez","status":"publish","type":"post","link":"https:\/\/digitalreportmx.com\/index.php\/2025\/12\/08\/coloca-igualdad-primera-piedra-de-centro-comunitario-en-juarez\/","title":{"rendered":"Coloca Igualdad primera piedra de Centro Comunitario en Ju\u00e1rez"},"content":{"rendered":"\n<p>Ju\u00e1rez, NL<\/p>\n\n\n\n<p>La Secretar\u00eda de Igualdad e Inclusi\u00f3n coloc\u00f3 la primera piedra para la construcci\u00f3n del Centro Comunitario de la colonia Valle Santa Isabel, en el municipio de Ju\u00e1rez.<\/p>\n\n\n\n<p>En un evento realizado en el Parque Santa Mar\u00eda, la Secretaria de Igualdad e Inclusi\u00f3n, Martha Herrera destac\u00f3 que la obra de infraestructura social quedar\u00e1 lista en 150 d\u00edas.<\/p>\n\n\n\n<p>\u201cTodos los Centros Comunitarios ya est\u00e1n dise\u00f1ados para atender a todos los p\u00fablicos, y este no va ser la excepci\u00f3n, ponemos al servicio, al alcalde, que en estos cinco meses que vamos a tardar en construir, podamos ir construyendo una agenda para ponerles al servicio a toda la red que tenemos de talleristas, de los todos los programas que tenemos en l\u00ednea.<\/p>\n\n\n\n<p>\u201cEstamos dando tambi\u00e9n la Universidad Ciudadana, tenemos deporte, tenemos cultura, tenemos arte, capacitaci\u00f3n de diferentes oficios\u201d, se\u00f1al\u00f3 la Secretaria de Igualdad e Inclusi\u00f3n.<\/p>\n\n\n\n<p>El proyecto beneficiar\u00e1 a m\u00e1s de 6 mil habitantes de las colonias aleda\u00f1as, contar\u00e1 con una inversi\u00f3n de 26 millones de pesos, y con \u00e9l se busca fortalecer el aprendizaje, la convivencia y el bienestar integral.<\/p>\n\n\n\n<p>La obra tiene como objetivo promover la educaci\u00f3n y el desarrollo comunitario, as\u00ed como revertir las condiciones de exclusi\u00f3n actuales en la zona, pues se priorizar\u00e1 la accesibilidad f\u00edsica a los espacios para todas las vecinas y vecinos de la zona.<\/p>\n\n\n\n<figure class=\"wp-block-image size-large\"><img loading=\"lazy\" decoding=\"async\" width=\"1024\" height=\"683\" src=\"https:\/\/digitalreportmx.com\/wp-content\/uploads\/2025\/12\/1000361795-1024x683.jpg\" alt=\"\" class=\"wp-image-26085\" srcset=\"https:\/\/digitalreportmx.com\/wp-content\/uploads\/2025\/12\/1000361795-1024x683.jpg 1024w, https:\/\/digitalreportmx.com\/wp-content\/uploads\/2025\/12\/1000361795-300x200.jpg 300w, https:\/\/digitalreportmx.com\/wp-content\/uploads\/2025\/12\/1000361795-768x512.jpg 768w, https:\/\/digitalreportmx.com\/wp-content\/uploads\/2025\/12\/1000361795-1536x1024.jpg 1536w, https:\/\/digitalreportmx.com\/wp-content\/uploads\/2025\/12\/1000361795-2048x1365.jpg 2048w\" sizes=\"auto, (max-width: 1024px) 100vw, 1024px\" \/><\/figure>\n\n\n\n<p>Por su parte, el alcalde de Ju\u00e1rez, F\u00e9lix Arratia, agradeci\u00f3 a las autoridades por apoyar el proyecto del Centro Comunitario, que beneficiar\u00e1 a las familias del municipio a trav\u00e9s de talleres y capacitaciones.<\/p>\n\n\n\n<p>Las obras para el Centro Comunitario Ju\u00e1rez son parte de la estrategia para erradicar la pobreza extrema, as\u00ed como promover la inclusi\u00f3n social y la igualdad de oportunidades para todas las personas.<\/p>\n\n\n\n<p>Al evento acudieron F\u00e9lix Arratia, Alcalde del municipio; M\u00f3nica Oyervides, presidenta del DIF municipal; Alberto Segarra, en representaci\u00f3n del titular del Instituto Constructor de Infraestructura F\u00edsica, Educativa y Deportiva de Nuevo Le\u00f3n, y Dulce Alejandre Mora, Subsecretaria de Protecci\u00f3n Social y Oportunidades.<\/p>\n\n\n\n<figure class=\"wp-block-image size-large\"><img loading=\"lazy\" decoding=\"async\" width=\"1024\" height=\"687\" src=\"https:\/\/digitalreportmx.com\/wp-content\/uploads\/2025\/12\/1000361794-1024x687.jpg\" alt=\"\" class=\"wp-image-26086\" srcset=\"https:\/\/digitalreportmx.com\/wp-content\/uploads\/2025\/12\/1000361794-1024x687.jpg 1024w, https:\/\/digitalreportmx.com\/wp-content\/uploads\/2025\/12\/1000361794-300x201.jpg 300w, https:\/\/digitalreportmx.com\/wp-content\/uploads\/2025\/12\/1000361794-768x515.jpg 768w, https:\/\/digitalreportmx.com\/wp-content\/uploads\/2025\/12\/1000361794-1536x1030.jpg 1536w, https:\/\/digitalreportmx.com\/wp-content\/uploads\/2025\/12\/1000361794-2048x1374.jpg 2048w\" sizes=\"auto, (max-width: 1024px) 100vw, 1024px\" \/><\/figure>\n","protected":false},"excerpt":{"rendered":"<p>Ju\u00e1rez, NL La Secretar\u00eda de Igualdad e Inclusi\u00f3n coloc\u00f3 la primera piedra para la construcci\u00f3n del Centro Comunitario de la colonia Valle Santa Isabel, en el municipio de Ju\u00e1rez. En un evento realizado en el Parque Santa Mar\u00eda, la Secretaria de Igualdad e Inclusi\u00f3n, Martha Herrera destac\u00f3 que la obra de infraestructura social quedar\u00e1 lista [&hellip;]<\/p>\n","protected":false},"author":1,"featured_media":26083,"comment_status":"open","ping_status":"open","sticky":false,"template":"","format":"standard","meta":{"om_disable_all_campaigns":false,"_monsterinsights_skip_tracking":false,"_monsterinsights_sitenote_active":false,"_monsterinsights_sitenote_note":"","_monsterinsights_sitenote_category":0,"footnotes":""},"categories":[16,13],"tags":[],"class_list":["post-26082","post","type-post","status-publish","format-standard","has-post-thumbnail","hentry","category-relevante-2","category-reporte-local"],"aioseo_notices":[],"_links":{"self":[{"href":"https:\/\/digitalreportmx.com\/index.php\/wp-json\/wp\/v2\/posts\/26082","targetHints":{"allow":["GET"]}}],"collection":[{"href":"https:\/\/digitalreportmx.com\/index.php\/wp-json\/wp\/v2\/posts"}],"about":[{"href":"https:\/\/digitalreportmx.com\/index.php\/wp-json\/wp\/v2\/types\/post"}],"author":[{"embeddable":true,"href":"https:\/\/digitalreportmx.com\/index.php\/wp-json\/wp\/v2\/users\/1"}],"replies":[{"embeddable":true,"href":"https:\/\/digitalreportmx.com\/index.php\/wp-json\/wp\/v2\/comments?post=26082"}],"version-history":[{"count":1,"href":"https:\/\/digitalreportmx.com\/index.php\/wp-json\/wp\/v2\/posts\/26082\/revisions"}],"predecessor-version":[{"id":26087,"href":"https:\/\/digitalreportmx.com\/index.php\/wp-json\/wp\/v2\/posts\/26082\/revisions\/26087"}],"wp:featuredmedia":[{"embeddable":true,"href":"https:\/\/digitalreportmx.com\/index.php\/wp-json\/wp\/v2\/media\/26083"}],"wp:attachment":[{"href":"https:\/\/digitalreportmx.com\/index.php\/wp-json\/wp\/v2\/media?parent=26082"}],"wp:term":[{"taxonomy":"category","embeddable":true,"href":"https:\/\/digitalreportmx.com\/index.php\/wp-json\/wp\/v2\/categories?post=26082"},{"taxonomy":"post_tag","embeddable":true,"href":"https:\/\/digitalreportmx.com\/index.php\/wp-json\/wp\/v2\/tags?post=26082"}],"curies":[{"name":"wp","href":"https:\/\/api.w.org\/{rel}","templated":true}]}}