{"id":26112,"date":"2025-12-08T18:41:53","date_gmt":"2025-12-09T00:41:53","guid":{"rendered":"https:\/\/digitalreportmx.com\/?p=26112"},"modified":"2025-12-08T18:41:54","modified_gmt":"2025-12-09T00:41:54","slug":"pactan-alianza-navidena-entre-museos-arte-y-familia-en-nl","status":"publish","type":"post","link":"https:\/\/digitalreportmx.com\/index.php\/2025\/12\/08\/pactan-alianza-navidena-entre-museos-arte-y-familia-en-nl\/","title":{"rendered":"Pactan alianza navide\u00f1a entre  museos, arte y familia en NL"},"content":{"rendered":"\n<p><kbd>Monterrey<\/kbd><br>En esta temporada navide\u00f1a, los museos ofrecen espacios donde la tradici\u00f3n, la m\u00fasica y el arte se unen para celebrar la esperanza y la convivencia familiar. <\/p>\n\n\n\n<p>Conciertos, exposiciones y experiencias llenas de simbolismo invitan a disfrutar la belleza de estas fechas, honrando nuestras costumbres con actividades que fortalecen la identidad y el esp\u00edritu comunitario.<br>Cabe se\u00f1alar que el Museo de Historia Mexicana, el Museo del Noreste y el Museo del Palacio estar\u00e1n cerrados los d\u00edas 24, 25, 31 de diciembre y 1 de enero de 2026. El Museo La Milarca de Mauricio Fern\u00e1ndez tambi\u00e9n cerrar\u00e1 sus puertas los mismos d\u00edas, y tendr\u00e1 horarios especiales del 20 de diciembre al 11 de enero: de martes a viernes de 10:00 a 18:00 horas; y s\u00e1bados y domingos de 10:00 a 20:00 horas.<br>M\u00daSICA NAVIDE\u00d1A<br>El primer gran evento musical llegar\u00e1 el martes 9 de diciembre a las 19:30 horas, cuando el Ensamble Vocal Encore, bajo la direcci\u00f3n de Patricio G\u00f3mez Junco, presente el concierto \u201cVoces de Navidad\u201d, una selecci\u00f3n de temas representativos de distintas \u00e9pocas y rincones del mundo, interpretados en diversos idiomas para celebrar la esencia universal de estas fiestas.<br>El domingo 14 de diciembre, a partir de las 17:00 horas, el auditorio recibir\u00e1 a los Cantares del Pueblo con \u201cUna Navidad para cantar\u201d, a cargo de los alumnos de los talleres de canto de la Casa de la Cultura dirigidos por el Mtro. Carlos Paredes. Ser\u00e1 una presentaci\u00f3n cargada de alegr\u00eda, afecto y reflexi\u00f3n para toda la familia mediante las letras entra\u00f1ables de los cantos tradicionales de la temporada.<br>MUCHO QUE VER EN MHM<br>Desde la explanada del Museo de Historia Mexicana, los visitantes podr\u00e1n tomarse fotograf\u00edas junto al pino monumental dise\u00f1ado por Sergio Rodr\u00edguez, cuyas luces se encienden cada d\u00eda a las 17:45 horas, ofreciendo un momento especial para celebrar en familia.<br>Al entrar al vest\u00edbulo del museo, los visitantes conocer\u00e1n \u201cLas Artes Decorativas bajo nuestros pies\u201d, un recorrido por la memoria de los pisos de pasta, sus talleres, colores y dise\u00f1os caracter\u00edsticos de inicios del siglo XX. El proyecto, resultado de la investigaci\u00f3n de Selene Vel\u00e1zquez con apoyo del Sistema Nuevo Le\u00f3n para el Impulso Art\u00edstico y la Creaci\u00f3n de CONARTE 2024, estar\u00e1 en exhibici\u00f3n hasta el 14 de diciembre.<br>Tambi\u00e9n ver\u00e1 la exposici\u00f3n \u201cManuel \u00c1lvarez Bravo. Par\u00e1bola \u00f3ptica\u201d, que re\u00fane 84 fotograf\u00edas creadas entre 1920 y 1989 por el maestro de la imagen mexicana, provenientes de la colecci\u00f3n de Fomento Cultural Banamex, A.C.<\/p>\n\n\n\n<figure class=\"wp-block-image size-large\"><img loading=\"lazy\" decoding=\"async\" width=\"1024\" height=\"1024\" src=\"https:\/\/digitalreportmx.com\/wp-content\/uploads\/2025\/12\/1000362095-1024x1024.jpg\" alt=\"\" class=\"wp-image-26115\" srcset=\"https:\/\/digitalreportmx.com\/wp-content\/uploads\/2025\/12\/1000362095-1024x1024.jpg 1024w, https:\/\/digitalreportmx.com\/wp-content\/uploads\/2025\/12\/1000362095-300x300.jpg 300w, https:\/\/digitalreportmx.com\/wp-content\/uploads\/2025\/12\/1000362095-150x150.jpg 150w, https:\/\/digitalreportmx.com\/wp-content\/uploads\/2025\/12\/1000362095-768x768.jpg 768w, https:\/\/digitalreportmx.com\/wp-content\/uploads\/2025\/12\/1000362095.jpg 1080w\" sizes=\"auto, (max-width: 1024px) 100vw, 1024px\" \/><\/figure>\n\n\n\n<p><br>La muestra, con curadur\u00eda de Juan Rafael Coronel Rivera, estar\u00e1 disponible hasta el 11 de enero de 2026 y permite contemplar elementos emblem\u00e1ticos como el sarape, el maguey, la ofrenda y escenas que revelan la vida y sensibilidad de los pueblos de M\u00e9xico.<br>En ese recorrido, ocupa un lugar especial la Sala Marfiles, que resguarda piezas talladas entre los siglos XVI y XIX, muchas de ellas relacionadas con pasajes navide\u00f1os, destacando la maestr\u00eda y espiritualidad del arte sacro. Tambi\u00e9n a partir del 16 de diciembre en el vest\u00edbulo se podr\u00e1 apreciar la representaci\u00f3n de la \u201cSagrada Familia\u201d en una talla de madera estofada y policromada, como una muestra de c\u00f3mo los artistas novohispanos representaron a la familia de Jes\u00fas.<br>EN MUNE.<br>En el Museo del Noreste contin\u00faa la exposici\u00f3n \u201c\u00bfQui\u00e9n es el que anda aqu\u00ed? \u00a1Es Cri-Cri!\u201d, un homenaje a m\u00e1s de 90 a\u00f1os de legado musical de Francisco Gabilondo Soler, figura fundamental en la cultura infantil mexicana. La exhibici\u00f3n de sus objetos personales, grabaciones, fotograf\u00edas, discos, documentos originales y materiales audiovisuales que muestran la dimensi\u00f3n humana y art\u00edstica del Grillito Cantor.<\/p>\n\n\n\n<figure class=\"wp-block-image size-large\"><img loading=\"lazy\" decoding=\"async\" width=\"1024\" height=\"1024\" src=\"https:\/\/digitalreportmx.com\/wp-content\/uploads\/2025\/12\/1000362094-1024x1024.jpg\" alt=\"\" class=\"wp-image-26116\" srcset=\"https:\/\/digitalreportmx.com\/wp-content\/uploads\/2025\/12\/1000362094-1024x1024.jpg 1024w, https:\/\/digitalreportmx.com\/wp-content\/uploads\/2025\/12\/1000362094-300x300.jpg 300w, https:\/\/digitalreportmx.com\/wp-content\/uploads\/2025\/12\/1000362094-150x150.jpg 150w, https:\/\/digitalreportmx.com\/wp-content\/uploads\/2025\/12\/1000362094-768x768.jpg 768w, https:\/\/digitalreportmx.com\/wp-content\/uploads\/2025\/12\/1000362094.jpg 1080w\" sizes=\"auto, (max-width: 1024px) 100vw, 1024px\" \/><\/figure>\n\n\n\n<p><br>La exposici\u00f3n \u201c\u00bfQui\u00e9n es el que anda aqu\u00ed? \u00a1Es Cri-Cri!\u201d, realizada gracias al apoyo de Fomento Cultural GabSol, A.C. y Sony Music M\u00e9xico, permanecer\u00e1 abierta hasta el 18 de enero de 2026.<br>Inmerso a los atractivos que ofrece la Macro Navidad, en la Explanada de los H\u00e9roes, el Museo del Palacio es un espacio donde se puede recorrer la historia de Nuevo Le\u00f3n y conocer la exposici\u00f3n \u201cConstituci\u00f3n y Ciudadan\u00eda\u201d; la entrada es gratuita.<br>Las personas interesadas en m\u00e1s informaci\u00f3n pueden consultar las p\u00e1ginas www.3museos.com y https:\/\/museolamilarca.mx o ponerse en contacto a trav\u00e9s de las redes sociales con @3Museos @lamilarcamuseo<\/p>\n\n\n\n<figure class=\"wp-block-image size-large\"><img loading=\"lazy\" decoding=\"async\" width=\"643\" height=\"1024\" src=\"https:\/\/digitalreportmx.com\/wp-content\/uploads\/2025\/12\/1000362096-643x1024.jpg\" alt=\"\" class=\"wp-image-26117\" srcset=\"https:\/\/digitalreportmx.com\/wp-content\/uploads\/2025\/12\/1000362096-643x1024.jpg 643w, https:\/\/digitalreportmx.com\/wp-content\/uploads\/2025\/12\/1000362096-188x300.jpg 188w, https:\/\/digitalreportmx.com\/wp-content\/uploads\/2025\/12\/1000362096-768x1224.jpg 768w, https:\/\/digitalreportmx.com\/wp-content\/uploads\/2025\/12\/1000362096-964x1536.jpg 964w, https:\/\/digitalreportmx.com\/wp-content\/uploads\/2025\/12\/1000362096.jpg 1004w\" sizes=\"auto, (max-width: 643px) 100vw, 643px\" \/><\/figure>\n","protected":false},"excerpt":{"rendered":"<p>MonterreyEn esta temporada navide\u00f1a, los museos ofrecen espacios donde la tradici\u00f3n, la m\u00fasica y el arte se unen para celebrar la esperanza y la convivencia familiar. Conciertos, exposiciones y experiencias llenas de simbolismo invitan a disfrutar la belleza de estas fechas, honrando nuestras costumbres con actividades que fortalecen la identidad y el esp\u00edritu comunitario.Cabe se\u00f1alar [&hellip;]<\/p>\n","protected":false},"author":1,"featured_media":26114,"comment_status":"open","ping_status":"open","sticky":false,"template":"","format":"standard","meta":{"om_disable_all_campaigns":false,"_monsterinsights_skip_tracking":false,"_monsterinsights_sitenote_active":false,"_monsterinsights_sitenote_note":"","_monsterinsights_sitenote_category":0,"footnotes":""},"categories":[12,16],"tags":[],"class_list":["post-26112","post","type-post","status-publish","format-standard","has-post-thumbnail","hentry","category-cooltura","category-relevante-2"],"aioseo_notices":[],"_links":{"self":[{"href":"https:\/\/digitalreportmx.com\/index.php\/wp-json\/wp\/v2\/posts\/26112","targetHints":{"allow":["GET"]}}],"collection":[{"href":"https:\/\/digitalreportmx.com\/index.php\/wp-json\/wp\/v2\/posts"}],"about":[{"href":"https:\/\/digitalreportmx.com\/index.php\/wp-json\/wp\/v2\/types\/post"}],"author":[{"embeddable":true,"href":"https:\/\/digitalreportmx.com\/index.php\/wp-json\/wp\/v2\/users\/1"}],"replies":[{"embeddable":true,"href":"https:\/\/digitalreportmx.com\/index.php\/wp-json\/wp\/v2\/comments?post=26112"}],"version-history":[{"count":1,"href":"https:\/\/digitalreportmx.com\/index.php\/wp-json\/wp\/v2\/posts\/26112\/revisions"}],"predecessor-version":[{"id":26118,"href":"https:\/\/digitalreportmx.com\/index.php\/wp-json\/wp\/v2\/posts\/26112\/revisions\/26118"}],"wp:featuredmedia":[{"embeddable":true,"href":"https:\/\/digitalreportmx.com\/index.php\/wp-json\/wp\/v2\/media\/26114"}],"wp:attachment":[{"href":"https:\/\/digitalreportmx.com\/index.php\/wp-json\/wp\/v2\/media?parent=26112"}],"wp:term":[{"taxonomy":"category","embeddable":true,"href":"https:\/\/digitalreportmx.com\/index.php\/wp-json\/wp\/v2\/categories?post=26112"},{"taxonomy":"post_tag","embeddable":true,"href":"https:\/\/digitalreportmx.com\/index.php\/wp-json\/wp\/v2\/tags?post=26112"}],"curies":[{"name":"wp","href":"https:\/\/api.w.org\/{rel}","templated":true}]}}