{"id":26121,"date":"2025-12-08T18:56:39","date_gmt":"2025-12-09T00:56:39","guid":{"rendered":"https:\/\/digitalreportmx.com\/?p=26121"},"modified":"2025-12-08T18:58:51","modified_gmt":"2025-12-09T00:58:51","slug":"ofrece-monterrey-conversatorio-sobre-la-vida-y-obra-de-mauricio-fernandez","status":"publish","type":"post","link":"https:\/\/digitalreportmx.com\/index.php\/2025\/12\/08\/ofrece-monterrey-conversatorio-sobre-la-vida-y-obra-de-mauricio-fernandez\/","title":{"rendered":"Ofrece Monterrey conversatorio sobre la vida y obra de Mauricio Fern\u00e1ndez"},"content":{"rendered":"\n<p><kbd>Monterrey, NL <\/kbd><\/p>\n\n\n\n<p>El pr\u00f3ximo 11 de diciembre, el Gobierno de Monterrey autorizar\u00e1 renombrar como Calzada Mauricio Fern\u00e1ndez Garza una de las principales avenidas que unen a la capital del estado con el municipio de San Pedro.<\/p>\n\n\n\n<p>As\u00ed lo inform\u00f3 el secretario del Ayuntamiento Regio, C\u00e9sar Garza, al encabezar el conversatorio sobre el extinto presidente municipal sampetrino, que se organiz\u00f3 en Monterrey en el marco del programa \u201cTranscripciones de nuestra historia\u201d.<\/p>\n\n\n\n<figure class=\"wp-block-image size-large\"><img loading=\"lazy\" decoding=\"async\" width=\"1024\" height=\"682\" src=\"https:\/\/digitalreportmx.com\/wp-content\/uploads\/2025\/12\/1000171674-1024x682.jpg\" alt=\"\" class=\"wp-image-26125\" srcset=\"https:\/\/digitalreportmx.com\/wp-content\/uploads\/2025\/12\/1000171674-1024x682.jpg 1024w, https:\/\/digitalreportmx.com\/wp-content\/uploads\/2025\/12\/1000171674-300x200.jpg 300w, https:\/\/digitalreportmx.com\/wp-content\/uploads\/2025\/12\/1000171674-768x512.jpg 768w, https:\/\/digitalreportmx.com\/wp-content\/uploads\/2025\/12\/1000171674-1536x1023.jpg 1536w, https:\/\/digitalreportmx.com\/wp-content\/uploads\/2025\/12\/1000171674.jpg 1600w\" sizes=\"auto, (max-width: 1024px) 100vw, 1024px\" \/><\/figure>\n\n\n\n<p>Con este tipo de eventos se busca promover la historia de nuestra metr\u00f3poli y enaltecer a las personas que han aportado al desarrollo local.<\/p>\n\n\n\n<p>\u201cEs un hombre muy relevante en la construcci\u00f3n de la metr\u00f3poli, que hoy todos nos sentimos tan orgullosos, un promotor cultural, un defensor del patrimonio hist\u00f3rico y paleontol\u00f3gico de nuestro Estado<\/p>\n\n\n\n<p>\u201cAmbos gobiernos han decidido honrar, perpetuar su ejemplo, su testimonio, integrando una avenida muy importante, estructural, que une al municipio de San Pedro con Monterrey, que es la Calzada e San Pedro y la Avenida Miravalle\u201d, explic\u00f3 el funcionario.<\/p>\n\n\n\n<figure class=\"wp-block-video\"><video controls src=\"https:\/\/digitalreportmx.com\/wp-content\/uploads\/2025\/12\/1000171706.mp4\"><\/video><\/figure>\n\n\n\n<p>En las ponencias participaron Natividad Gonz\u00e1lez Par\u00e1s, ex gobernador y ex senador de Nuevo Le\u00f3n; Fernando Marg\u00e1in Berlanga, ex alcalde de San Pedro y ex senador y Leopoldo Espinosa Benavides, cronista Oficial de Monterrey.<\/p>\n\n\n\n<p>\u201cEsta semana se van a formalizar estos acuerdos y era importante tener este conversatorio que exaltar\u00e1 las aportaciones del ingeniero Mauricio para que sea todav\u00eda m\u00e1s claro el contexto, el de por qu\u00e9 de esta trascendente decisi\u00f3n que est\u00e1n tomando los gobiernos de ambas ciudades\u201d, puntualiz\u00f3.<\/p>\n","protected":false},"excerpt":{"rendered":"<p>Monterrey, NL El pr\u00f3ximo 11 de diciembre, el Gobierno de Monterrey autorizar\u00e1 renombrar como Calzada Mauricio Fern\u00e1ndez Garza una de las principales avenidas que unen a la capital del estado con el municipio de San Pedro. As\u00ed lo inform\u00f3 el secretario del Ayuntamiento Regio, C\u00e9sar Garza, al encabezar el conversatorio sobre el extinto presidente municipal [&hellip;]<\/p>\n","protected":false},"author":1,"featured_media":26123,"comment_status":"open","ping_status":"open","sticky":false,"template":"","format":"standard","meta":{"om_disable_all_campaigns":false,"_monsterinsights_skip_tracking":false,"_monsterinsights_sitenote_active":false,"_monsterinsights_sitenote_note":"","_monsterinsights_sitenote_category":0,"footnotes":""},"categories":[15,6],"tags":[],"class_list":["post-26121","post","type-post","status-publish","format-standard","has-post-thumbnail","hentry","category-relevante","category-local"],"aioseo_notices":[],"_links":{"self":[{"href":"https:\/\/digitalreportmx.com\/index.php\/wp-json\/wp\/v2\/posts\/26121","targetHints":{"allow":["GET"]}}],"collection":[{"href":"https:\/\/digitalreportmx.com\/index.php\/wp-json\/wp\/v2\/posts"}],"about":[{"href":"https:\/\/digitalreportmx.com\/index.php\/wp-json\/wp\/v2\/types\/post"}],"author":[{"embeddable":true,"href":"https:\/\/digitalreportmx.com\/index.php\/wp-json\/wp\/v2\/users\/1"}],"replies":[{"embeddable":true,"href":"https:\/\/digitalreportmx.com\/index.php\/wp-json\/wp\/v2\/comments?post=26121"}],"version-history":[{"count":2,"href":"https:\/\/digitalreportmx.com\/index.php\/wp-json\/wp\/v2\/posts\/26121\/revisions"}],"predecessor-version":[{"id":26131,"href":"https:\/\/digitalreportmx.com\/index.php\/wp-json\/wp\/v2\/posts\/26121\/revisions\/26131"}],"wp:featuredmedia":[{"embeddable":true,"href":"https:\/\/digitalreportmx.com\/index.php\/wp-json\/wp\/v2\/media\/26123"}],"wp:attachment":[{"href":"https:\/\/digitalreportmx.com\/index.php\/wp-json\/wp\/v2\/media?parent=26121"}],"wp:term":[{"taxonomy":"category","embeddable":true,"href":"https:\/\/digitalreportmx.com\/index.php\/wp-json\/wp\/v2\/categories?post=26121"},{"taxonomy":"post_tag","embeddable":true,"href":"https:\/\/digitalreportmx.com\/index.php\/wp-json\/wp\/v2\/tags?post=26121"}],"curies":[{"name":"wp","href":"https:\/\/api.w.org\/{rel}","templated":true}]}}