{"id":26132,"date":"2025-12-08T20:36:14","date_gmt":"2025-12-09T02:36:14","guid":{"rendered":"https:\/\/digitalreportmx.com\/?p=26132"},"modified":"2025-12-08T20:36:15","modified_gmt":"2025-12-09T02:36:15","slug":"la-coleccion-femsa-celebra-su-50-aniversario","status":"publish","type":"post","link":"https:\/\/digitalreportmx.com\/index.php\/2025\/12\/08\/la-coleccion-femsa-celebra-su-50-aniversario\/","title":{"rendered":"La Colecci\u00f3n FEMSA celebra su 50 aniversario"},"content":{"rendered":"\n<p><kbd>Monterrey<\/kbd>, Nuevo Le\u00f3n<\/p>\n\n\n\n<p>Marcando el inicio de la celebraci\u00f3n por su 50 aniversario, la Colecci\u00f3n FEMSA presenta la exposici\u00f3n\u00a0<em>Constelaciones y derivas: arte de Am\u00e9rica Latina desde la Colecci\u00f3n FEMSA<\/em>\u00a0en el Museo de Arte Contempor\u00e1neo de Monterrey (MARCO), que abrir\u00e1 al p\u00fablico del 20 de marzo al 9 de agosto de 2026.<\/p>\n\n\n\n<p> Compuesta por alrededor de 170 obras, de las cuales una ha sido comisionada especialmente para esta presentaci\u00f3n, la muestra propone nuevas lecturas de esta colecci\u00f3n corporativa, a partir de las diversas miradas y exploraciones que han marcado la producci\u00f3n art\u00edstica latinoamericana durante los siglos XX y XXI.Curada y presentada a partir de un modelo de constelaciones, se aleja de narrativas \u00fanicas y lineales para activar conexiones entre obras, \u00e9pocas y geograf\u00edas. <\/p>\n\n\n\n<p>Este enfoque revela la multiplicidad de lenguajes y perspectivas que atraviesan el arte de la regi\u00f3n, invitando a pensar el arte latinoamericano m\u00e1s all\u00e1 de categor\u00edas nacionales o cronol\u00f3gicas.Eugenia Braniff, curadora asociada y consejera de Colecci\u00f3n y Bienal FEMSA, se\u00f1al\u00f3: <\/p>\n\n\n\n<p>\u201c<em>Constelaciones y derivas<\/em>\u00a0ser\u00e1 la presentaci\u00f3n p\u00fablica m\u00e1s amplia de obras de la Colecci\u00f3n FEMSA que se haya presentado en M\u00e9xico. El acervo es reconocido por sus obras modernas de figuras ic\u00f3nicas como Remedios Varo, Leonora Carrington, Lygia Clark, David Alfaro Siqueiros y Jos\u00e9 Clemente Orozco. <\/p>\n\n\n\n<p>&#8220;Esta exposici\u00f3n permite redescubrir estas piezas en di\u00e1logo con otras integradas a lo largo de 50 a\u00f1os, como Francis Al\u00ffs, Vivian Suter, Beatriz Gonz\u00e1lez, Dami\u00e1n Ortega y Julio Gal\u00e1n, invitando a una comprensi\u00f3n m\u00e1s amplia y profunda del arte latinoamericano\u201d.<\/p>\n\n\n\n<p>\u201cM\u00e1s que la culminaci\u00f3n de cinco d\u00e9cadas de labor, esta muestra es un homenaje a la visi\u00f3n de quienes fundaron la Colecci\u00f3n, quienes buscaron reconocer el talento de nuestra regi\u00f3n y garantizar que el arte contin\u00fae siendo accesible para todas y todos\u201d, a\u00f1adi\u00f3 Paulina Bravo, curadora en jefe de Colecci\u00f3n FEMSA.<\/p>\n\n\n\n<p><em>Constelaciones y derivas<\/em>\u00a0llega en un momento clave para la Colecci\u00f3n FEMSA. <\/p>\n\n\n\n<p>La conmemoraci\u00f3n de su aniversario representa una oportunidad para revisar su recorrido desde su fundaci\u00f3n en 1977 hasta el presente, fortalecer su relaci\u00f3n con diversas comunidades y proyectar una visi\u00f3n institucional renovada. <\/p>\n\n\n\n<p>Esta perspectiva se refleja en una curadur\u00eda que privilegia los cruces, las preguntas y la coexistencia de m\u00faltiples narrativas, alineada con la transformaci\u00f3n conceptual que la Colecci\u00f3n impulsa hacia las pr\u00f3ximas d\u00e9cadas. <\/p>\n\n\n\n<p>As\u00ed, la exposici\u00f3n se integra a un proyecto institucional que busca ampliar las formas de relacionarse con el arte, propiciando experiencias de escucha, pensamiento cr\u00edtico, creatividad y participaci\u00f3n.<\/p>\n\n\n\n<p>\u201cDesde hace 135 a\u00f1os, FEMSA ha mantenido un compromiso con las artes, consciente del impacto profundo que la cultura tiene en el desarrollo de las comunidades\u201d, afirm\u00f3 Laura Pacheco, gerente de Colecci\u00f3n y Bienal FEMSA. <\/p>\n\n\n\n<p>\u201cEsta exposici\u00f3n representa el resultado de cinco d\u00e9cadas de trabajo, dedicaci\u00f3n y apoyo a las y los artistas de Am\u00e9rica Latina. Presentarla nos permite compartir la diversidad de su producci\u00f3n art\u00edstica, mientras iniciamos los pr\u00f3ximos 50 a\u00f1os de nuestra visi\u00f3n por acercar el arte a un mayor n\u00famero de personas.<\/p>\n\n\n\n<p>\u201dLa exposici\u00f3n estar\u00e1 acompa\u00f1ada por un programa p\u00fablico que ampliar\u00e1 los ejes de investigaci\u00f3n de la muestra a trav\u00e9s de actividades en distintos formatos, incluyendo conferencias, charlas, activaciones y talleres.<\/p>\n\n\n\n<p><strong>Sobre la Colecci\u00f3n FEMSA<\/strong><\/p>\n\n\n\n<p>Desde 1977, la Colecci\u00f3n FEMSA ha construido un acervo referente en M\u00e9xico y Am\u00e9rica Latina. Hoy, rumbo a su 50 aniversario, reafirma su compromiso con generar espacios de encuentro entre personas, ideas y comunidades. <\/p>\n\n\n\n<p>A lo largo de cinco d\u00e9cadas, ha sido un agente clave en la profesionalizaci\u00f3n del campo art\u00edstico y en la colaboraci\u00f3n con instituciones dentro y fuera del pa\u00eds. Su historia est\u00e1 vinculada a espacios pioneros como el Museo de Monterrey (1977-2000), donde comenz\u00f3 a consolidarse p\u00fablicamente y donde se formaron los primeros n\u00facleos de su acervo. <\/p>\n\n\n\n<p>Tras la conclusi\u00f3n de su etapa de museo, la Colecci\u00f3n asumi\u00f3 un car\u00e1cter itinerante, ampliando su presencia a trav\u00e9s de colaboraciones con museos y organizaciones de diversas regiones. <\/p>\n\n\n\n<p>Este recorrido sent\u00f3 las bases de apertura, colaboraci\u00f3n y movilidad, que a\u00fan siguen definiendo a la instituci\u00f3n.<\/p>\n","protected":false},"excerpt":{"rendered":"<p>Monterrey, Nuevo Le\u00f3n Marcando el inicio de la celebraci\u00f3n por su 50 aniversario, la Colecci\u00f3n FEMSA presenta la exposici\u00f3n\u00a0Constelaciones y derivas: arte de Am\u00e9rica Latina desde la Colecci\u00f3n FEMSA\u00a0en el Museo de Arte Contempor\u00e1neo de Monterrey (MARCO), que abrir\u00e1 al p\u00fablico del 20 de marzo al 9 de agosto de 2026. Compuesta por alrededor de [&hellip;]<\/p>\n","protected":false},"author":1,"featured_media":26133,"comment_status":"open","ping_status":"open","sticky":false,"template":"","format":"standard","meta":{"om_disable_all_campaigns":false,"_monsterinsights_skip_tracking":false,"_monsterinsights_sitenote_active":false,"_monsterinsights_sitenote_note":"","_monsterinsights_sitenote_category":0,"footnotes":""},"categories":[12,16],"tags":[],"class_list":["post-26132","post","type-post","status-publish","format-standard","has-post-thumbnail","hentry","category-cooltura","category-relevante-2"],"aioseo_notices":[],"_links":{"self":[{"href":"https:\/\/digitalreportmx.com\/index.php\/wp-json\/wp\/v2\/posts\/26132","targetHints":{"allow":["GET"]}}],"collection":[{"href":"https:\/\/digitalreportmx.com\/index.php\/wp-json\/wp\/v2\/posts"}],"about":[{"href":"https:\/\/digitalreportmx.com\/index.php\/wp-json\/wp\/v2\/types\/post"}],"author":[{"embeddable":true,"href":"https:\/\/digitalreportmx.com\/index.php\/wp-json\/wp\/v2\/users\/1"}],"replies":[{"embeddable":true,"href":"https:\/\/digitalreportmx.com\/index.php\/wp-json\/wp\/v2\/comments?post=26132"}],"version-history":[{"count":1,"href":"https:\/\/digitalreportmx.com\/index.php\/wp-json\/wp\/v2\/posts\/26132\/revisions"}],"predecessor-version":[{"id":26134,"href":"https:\/\/digitalreportmx.com\/index.php\/wp-json\/wp\/v2\/posts\/26132\/revisions\/26134"}],"wp:featuredmedia":[{"embeddable":true,"href":"https:\/\/digitalreportmx.com\/index.php\/wp-json\/wp\/v2\/media\/26133"}],"wp:attachment":[{"href":"https:\/\/digitalreportmx.com\/index.php\/wp-json\/wp\/v2\/media?parent=26132"}],"wp:term":[{"taxonomy":"category","embeddable":true,"href":"https:\/\/digitalreportmx.com\/index.php\/wp-json\/wp\/v2\/categories?post=26132"},{"taxonomy":"post_tag","embeddable":true,"href":"https:\/\/digitalreportmx.com\/index.php\/wp-json\/wp\/v2\/tags?post=26132"}],"curies":[{"name":"wp","href":"https:\/\/api.w.org\/{rel}","templated":true}]}}