{"id":26159,"date":"2025-12-09T12:50:00","date_gmt":"2025-12-09T18:50:00","guid":{"rendered":"https:\/\/digitalreportmx.com\/?p=26159"},"modified":"2025-12-09T12:50:01","modified_gmt":"2025-12-09T18:50:01","slug":"impulsa-santa-catarina-desarrollo-de-ninos-con-autismo","status":"publish","type":"post","link":"https:\/\/digitalreportmx.com\/index.php\/2025\/12\/09\/impulsa-santa-catarina-desarrollo-de-ninos-con-autismo\/","title":{"rendered":"Impulsa Santa Catarina desarrollo de ni\u00f1os con autismo"},"content":{"rendered":"\n<p><kbd>Santa Catarina<\/kbd><\/p>\n\n\n\n<p>Para impulsar el desarrollo de ni\u00f1os con autismo, el Gobierno de Santa Catarina brind\u00f3 el taller \u201cAlmas Creativas\u201d, donde en esta ocasi\u00f3n menores y j\u00f3venes con este espectro decoraron esferas y realizaron reposter\u00eda con tem\u00e1tica navide\u00f1a.<\/p>\n\n\n\n<p>El Alcalde Jes\u00fas Nava Rivera, acompa\u00f1ado de Paola Garc\u00eda y Elizabeth Galicia, presidenta y titular del DIF Municipal, respectivamente, presenci\u00f3 dicho taller en su s\u00e9ptima edici\u00f3n.<\/p>\n\n\n\n<p>\u201cContinuamos impulsando el apoyo y atenci\u00f3n a los ni\u00f1os y j\u00f3venes con autismo a trav\u00e9s de estos talleres para que desarrollen sus habilidades y les ayuda como terapia, en esta ocasi\u00f3n la tem\u00e1tica es navide\u00f1a\u201d, manifest\u00f3 el Edil.<\/p>\n\n\n\n<p>Los 75 menores que asistieron al taller \u201cAlmas Creativas\u201d pudieron pintar esferas y darle un toque navide\u00f1o, as\u00ed como tambi\u00e9n decoraron galletas alusivas a la navidad.<\/p>\n\n\n\n<figure class=\"wp-block-image size-large\"><img loading=\"lazy\" decoding=\"async\" width=\"1024\" height=\"576\" src=\"https:\/\/digitalreportmx.com\/wp-content\/uploads\/2025\/12\/1000363276-1024x576.jpg\" alt=\"\" class=\"wp-image-26161\" srcset=\"https:\/\/digitalreportmx.com\/wp-content\/uploads\/2025\/12\/1000363276-1024x576.jpg 1024w, https:\/\/digitalreportmx.com\/wp-content\/uploads\/2025\/12\/1000363276-300x169.jpg 300w, https:\/\/digitalreportmx.com\/wp-content\/uploads\/2025\/12\/1000363276-768x432.jpg 768w, https:\/\/digitalreportmx.com\/wp-content\/uploads\/2025\/12\/1000363276.jpg 1280w\" sizes=\"auto, (max-width: 1024px) 100vw, 1024px\" \/><\/figure>\n\n\n\n<p>Nava Rivera manifest\u00f3 que estas acciones forman parte del impulso a la atenci\u00f3n al espectro autista, que se suman a la construcci\u00f3n que se proyecta del Centro de Atenci\u00f3n al Autismo.<\/p>\n\n\n\n<p>\u201cEste taller de Almas Creativas es una de las actividades para apoyar a nuestros ni\u00f1os con autismo y sus familias, y continuaremos de forma peri\u00f3dica realiz\u00e1ndolo. Adem\u00e1s en este apoyo al autismo se suma la construcci\u00f3n del Centro Autista\u201d, dijo.<\/p>\n\n\n\n<p>&nbsp;Durante este 2025 se han realizado siete talleres de Almas Creativas con diferentes enfoques, as\u00ed como tambi\u00e9n se llev\u00f3 a cabo un curso de verano para ni\u00f1os con autismo.<\/p>\n\n\n\n<figure class=\"wp-block-image size-large\"><img loading=\"lazy\" decoding=\"async\" width=\"1024\" height=\"463\" src=\"https:\/\/digitalreportmx.com\/wp-content\/uploads\/2025\/12\/1000363274-1024x463.jpg\" alt=\"\" class=\"wp-image-26162\" srcset=\"https:\/\/digitalreportmx.com\/wp-content\/uploads\/2025\/12\/1000363274-1024x463.jpg 1024w, https:\/\/digitalreportmx.com\/wp-content\/uploads\/2025\/12\/1000363274-300x136.jpg 300w, https:\/\/digitalreportmx.com\/wp-content\/uploads\/2025\/12\/1000363274-768x348.jpg 768w, https:\/\/digitalreportmx.com\/wp-content\/uploads\/2025\/12\/1000363274-1536x695.jpg 1536w, https:\/\/digitalreportmx.com\/wp-content\/uploads\/2025\/12\/1000363274.jpg 1600w\" sizes=\"auto, (max-width: 1024px) 100vw, 1024px\" \/><\/figure>\n","protected":false},"excerpt":{"rendered":"<p>Santa Catarina Para impulsar el desarrollo de ni\u00f1os con autismo, el Gobierno de Santa Catarina brind\u00f3 el taller \u201cAlmas Creativas\u201d, donde en esta ocasi\u00f3n menores y j\u00f3venes con este espectro decoraron esferas y realizaron reposter\u00eda con tem\u00e1tica navide\u00f1a. El Alcalde Jes\u00fas Nava Rivera, acompa\u00f1ado de Paola Garc\u00eda y Elizabeth Galicia, presidenta y titular del DIF [&hellip;]<\/p>\n","protected":false},"author":1,"featured_media":26160,"comment_status":"open","ping_status":"open","sticky":false,"template":"","format":"standard","meta":{"om_disable_all_campaigns":false,"_monsterinsights_skip_tracking":false,"_monsterinsights_sitenote_active":false,"_monsterinsights_sitenote_note":"","_monsterinsights_sitenote_category":0,"footnotes":""},"categories":[16,13],"tags":[],"class_list":["post-26159","post","type-post","status-publish","format-standard","has-post-thumbnail","hentry","category-relevante-2","category-reporte-local"],"aioseo_notices":[],"_links":{"self":[{"href":"https:\/\/digitalreportmx.com\/index.php\/wp-json\/wp\/v2\/posts\/26159","targetHints":{"allow":["GET"]}}],"collection":[{"href":"https:\/\/digitalreportmx.com\/index.php\/wp-json\/wp\/v2\/posts"}],"about":[{"href":"https:\/\/digitalreportmx.com\/index.php\/wp-json\/wp\/v2\/types\/post"}],"author":[{"embeddable":true,"href":"https:\/\/digitalreportmx.com\/index.php\/wp-json\/wp\/v2\/users\/1"}],"replies":[{"embeddable":true,"href":"https:\/\/digitalreportmx.com\/index.php\/wp-json\/wp\/v2\/comments?post=26159"}],"version-history":[{"count":1,"href":"https:\/\/digitalreportmx.com\/index.php\/wp-json\/wp\/v2\/posts\/26159\/revisions"}],"predecessor-version":[{"id":26163,"href":"https:\/\/digitalreportmx.com\/index.php\/wp-json\/wp\/v2\/posts\/26159\/revisions\/26163"}],"wp:featuredmedia":[{"embeddable":true,"href":"https:\/\/digitalreportmx.com\/index.php\/wp-json\/wp\/v2\/media\/26160"}],"wp:attachment":[{"href":"https:\/\/digitalreportmx.com\/index.php\/wp-json\/wp\/v2\/media?parent=26159"}],"wp:term":[{"taxonomy":"category","embeddable":true,"href":"https:\/\/digitalreportmx.com\/index.php\/wp-json\/wp\/v2\/categories?post=26159"},{"taxonomy":"post_tag","embeddable":true,"href":"https:\/\/digitalreportmx.com\/index.php\/wp-json\/wp\/v2\/tags?post=26159"}],"curies":[{"name":"wp","href":"https:\/\/api.w.org\/{rel}","templated":true}]}}