{"id":26190,"date":"2025-12-09T19:08:33","date_gmt":"2025-12-10T01:08:33","guid":{"rendered":"https:\/\/digitalreportmx.com\/?p=26190"},"modified":"2025-12-09T19:09:47","modified_gmt":"2025-12-10T01:09:47","slug":"cedhnl-reconoce-a-promotores-de-derechos-culturales","status":"publish","type":"post","link":"https:\/\/digitalreportmx.com\/index.php\/2025\/12\/09\/cedhnl-reconoce-a-promotores-de-derechos-culturales\/","title":{"rendered":"CEDHNL reconoce a promotores de derechos culturales"},"content":{"rendered":"\n<p><kbd>Monterrey<\/kbd> <\/p>\n\n\n\n<p>La Comisi\u00f3n Estatal de Derechos Humanos del Estado de Nuevo Le\u00f3n llev\u00f3 a cabo la primera entrega del Reconocimiento \u201cPersonas Promotoras de los Derechos Culturales\u201d, una distinci\u00f3n creada para honrar a quienes dedican su vida a fortalecer la identidad, la memoria y la riqueza cultural de nuestro estado.<\/p>\n\n\n\n<p>La presidenta del Organismo, Susana M\u00e9ndez Arellano consider\u00f3 que en Nuevo Le\u00f3n, la cultura es un pilar fundamental que sostiene nuestra vida comunitaria. Por ello, \u201cla Comisi\u00f3n reconoce que la participaci\u00f3n en la vida cultural es un derecho humano esencial, cuya protecci\u00f3n y promoci\u00f3n son posibles gracias al compromiso de personas que trabajan incansablemente para preservar y transformar nuestro patrimonio com\u00fan\u201d.<\/p>\n\n\n\n<p>Este nuevo reconocimiento surge con el prop\u00f3sito de celebrar a quienes, desde diversos \u00e1mbitos, han contribuido de manera ejemplar al ejercicio de los derechos culturales, al fortalecimiento de la memoria hist\u00f3rica y a la construcci\u00f3n de una identidad regional vibrante e incluyente, puntualiz\u00f3 M\u00e9ndez Arellano.<\/p>\n\n\n\n<p>En esta primera edici\u00f3n, la Comisi\u00f3n Estatal de Derechos Humanos del Estado de Nuevo Le\u00f3n distingui\u00f3 a dos figuras cuya trayectoria ha dejado una huella profunda en la vida cultural de nuestro estado:<\/p>\n\n\n\n<p>El Ing. Leopoldo Espinosa Benavides, Cronista oficial de Monterrey, gestor cultural, autor y firme preservador de la memoria hist\u00f3rica de nuestra comunidad.<\/p>\n\n\n\n<p>Y el Dr. Gustavo Mario de la Garza Ortega, Reconocido empresario, fil\u00e1ntropo y destacado promotor cultural, cuya labor ha contribuido de manera significativa al desarrollo y difusi\u00f3n de la cultura en Nuevo Le\u00f3n.<\/p>\n\n\n\n<p>Cada una de estas trayectorias es un recordatorio de que la cultura es un puente que une, transforma y fortalece a la sociedad. Mediante este reconocimiento, la Comisi\u00f3n reafirma su convicci\u00f3n de que los derechos culturales son esenciales para la dignidad humana, y que su promoci\u00f3n es una tarea colectiva necesaria para construir comunidades m\u00e1s justas, diversas e incluyentes.<\/p>\n\n\n\n<p>Felicidades a las personas galardonadas. Su legado seguir\u00e1 inspirando a generaciones y enriquecer\u00e1 el ejercicio pleno de los derechos culturales en nuestro estado.<\/p>\n\n\n\n<figure class=\"wp-block-image size-large\"><img loading=\"lazy\" decoding=\"async\" width=\"768\" height=\"1024\" src=\"https:\/\/digitalreportmx.com\/wp-content\/uploads\/2025\/12\/1000363742-768x1024.jpg\" alt=\"\" class=\"wp-image-26193\" srcset=\"https:\/\/digitalreportmx.com\/wp-content\/uploads\/2025\/12\/1000363742-768x1024.jpg 768w, https:\/\/digitalreportmx.com\/wp-content\/uploads\/2025\/12\/1000363742-225x300.jpg 225w, https:\/\/digitalreportmx.com\/wp-content\/uploads\/2025\/12\/1000363742-1152x1536.jpg 1152w, https:\/\/digitalreportmx.com\/wp-content\/uploads\/2025\/12\/1000363742-1536x2048.jpg 1536w, https:\/\/digitalreportmx.com\/wp-content\/uploads\/2025\/12\/1000363742-scaled.jpg 1920w\" sizes=\"auto, (max-width: 768px) 100vw, 768px\" \/><\/figure>\n","protected":false},"excerpt":{"rendered":"<p>Monterrey La Comisi\u00f3n Estatal de Derechos Humanos del Estado de Nuevo Le\u00f3n llev\u00f3 a cabo la primera entrega del Reconocimiento \u201cPersonas Promotoras de los Derechos Culturales\u201d, una distinci\u00f3n creada para honrar a quienes dedican su vida a fortalecer la identidad, la memoria y la riqueza cultural de nuestro estado. La presidenta del Organismo, Susana M\u00e9ndez [&hellip;]<\/p>\n","protected":false},"author":1,"featured_media":26191,"comment_status":"open","ping_status":"open","sticky":false,"template":"","format":"standard","meta":{"om_disable_all_campaigns":false,"_monsterinsights_skip_tracking":false,"_monsterinsights_sitenote_active":false,"_monsterinsights_sitenote_note":"","_monsterinsights_sitenote_category":0,"footnotes":""},"categories":[16,13],"tags":[],"class_list":["post-26190","post","type-post","status-publish","format-standard","has-post-thumbnail","hentry","category-relevante-2","category-reporte-local"],"aioseo_notices":[],"_links":{"self":[{"href":"https:\/\/digitalreportmx.com\/index.php\/wp-json\/wp\/v2\/posts\/26190","targetHints":{"allow":["GET"]}}],"collection":[{"href":"https:\/\/digitalreportmx.com\/index.php\/wp-json\/wp\/v2\/posts"}],"about":[{"href":"https:\/\/digitalreportmx.com\/index.php\/wp-json\/wp\/v2\/types\/post"}],"author":[{"embeddable":true,"href":"https:\/\/digitalreportmx.com\/index.php\/wp-json\/wp\/v2\/users\/1"}],"replies":[{"embeddable":true,"href":"https:\/\/digitalreportmx.com\/index.php\/wp-json\/wp\/v2\/comments?post=26190"}],"version-history":[{"count":2,"href":"https:\/\/digitalreportmx.com\/index.php\/wp-json\/wp\/v2\/posts\/26190\/revisions"}],"predecessor-version":[{"id":26194,"href":"https:\/\/digitalreportmx.com\/index.php\/wp-json\/wp\/v2\/posts\/26190\/revisions\/26194"}],"wp:featuredmedia":[{"embeddable":true,"href":"https:\/\/digitalreportmx.com\/index.php\/wp-json\/wp\/v2\/media\/26191"}],"wp:attachment":[{"href":"https:\/\/digitalreportmx.com\/index.php\/wp-json\/wp\/v2\/media?parent=26190"}],"wp:term":[{"taxonomy":"category","embeddable":true,"href":"https:\/\/digitalreportmx.com\/index.php\/wp-json\/wp\/v2\/categories?post=26190"},{"taxonomy":"post_tag","embeddable":true,"href":"https:\/\/digitalreportmx.com\/index.php\/wp-json\/wp\/v2\/tags?post=26190"}],"curies":[{"name":"wp","href":"https:\/\/api.w.org\/{rel}","templated":true}]}}