{"id":26199,"date":"2025-12-09T21:20:50","date_gmt":"2025-12-10T03:20:50","guid":{"rendered":"https:\/\/digitalreportmx.com\/?p=26199"},"modified":"2025-12-09T21:20:51","modified_gmt":"2025-12-10T03:20:51","slug":"obtiene-udem-liderazgo-en-formacion-ejecutiva-en-al","status":"publish","type":"post","link":"https:\/\/digitalreportmx.com\/index.php\/2025\/12\/09\/obtiene-udem-liderazgo-en-formacion-ejecutiva-en-al\/","title":{"rendered":"Obtiene UDEM liderazgo en formaci\u00f3n ejecutiva en AL"},"content":{"rendered":"\n<p><\/p>\n\n\n\n<p><kbd>San Pedro Garza Garc\u00eda<\/kbd>, Nuevo Le\u00f3n<\/p>\n\n\n\n<p>El\u00a0<em>Executive MBA<\/em>\u00a0de la UDEM fue distinguido como el mejor programa de su tipo en Latinoam\u00e9rica por el\u00a0<em>ranking\u00a0<\/em>internacional Eduniversal, y ha sido valorado no solo por su rigor acad\u00e9mico, sino por la manera en que conecta la formaci\u00f3n directiva con la realidad cotidiana de sus egresados y el impacto que generan en sus empresas y comunidades.<\/p>\n\n\n\n<p>En esta edici\u00f3n, el Executive MBA de la UDEM encabez\u00f3 la lista regional, seguido por INCAE Business School (Costa Rica), la Pontificia Universidad Cat\u00f3lica de Chile, EGADE Business School del Tecnol\u00f3gico de Monterrey y la Universidad del Pac\u00edfico en Per\u00fa.<\/p>\n\n\n\n<p>Benjam\u00edn Hern\u00e1ndez Arizpe, director de Posgrados en Administraci\u00f3n de la UDEM, atribuy\u00f3 la distinci\u00f3n como un reconocimiento a los est\u00e1ndares de calidad del programa, tales como la excelencia del profesorado, el rigor del programa de estudios y el seguimiento constante a alumnos y egresados.<\/p>\n\n\n\n<p>De acuerdo con el sitio web de Eduniversal, este rubro espec\u00edfico de programa ejecutivo ofrece una visi\u00f3n general completa del mercado de Executive MBA (EMBA) en Am\u00e9rica Latina para 2025.<\/p>\n\n\n\n<p>El an\u00e1lisis de Eduniversal abarc\u00f3 los impulsores del crecimiento del mercado, las tendencias curriculares, el panorama regulatorio y las perspectivas futuras, trazando las influencias regionales y globales que configuran la educaci\u00f3n ejecutiva en todo el continente.<\/p>\n\n\n\n<p>Hern\u00e1ndez Arizpe explic\u00f3 que la UDEM participa peri\u00f3dicamente en diversas clasificaciones internacionales y sectoriales con el fin de evaluar y reafirmar la calidad de sus programas acad\u00e9micos.<\/p>\n\n\n\n<p>Eduniversal llev\u00f3 a cabo una investigaci\u00f3n profunda que incluy\u00f3 la consulta con los decanos de diferentes universidades, quienes valoraron de los modelos acad\u00e9micos de los distintos programas MBA en la regi\u00f3n Latinoam\u00e9rica, obteniendo el MBA de la UDEM la evaluaci\u00f3n m\u00e1s alta en categor\u00eda.<\/p>\n\n\n\n<p>El director de Posgrados en Administraci\u00f3n de la UDEM enfatiz\u00f3 que el programa subi\u00f3 del tercer lugar obtenido previamente al primer puesto, lo que confirm\u00f3 su trayectoria de mejora continua.<\/p>\n\n\n\n<p>Hern\u00e1ndez Arizpe se\u00f1al\u00f3 que la distinci\u00f3n se bas\u00f3 en la programaci\u00f3n acad\u00e9mica de la UDEM, el nivel de su facultad, el modelo educativo que implementan, y la profundidad y alcance de las materias.<\/p>\n\n\n\n<p>Hern\u00e1ndez Arizpe detall\u00f3 que otro factor clave fue la evaluaci\u00f3n cruzada donde decanos de universidades latinoamericanas evaluaron los modelos de negocio de otras instituciones, resultando el de la UDEM con una puntuaci\u00f3n superior.<\/p>\n\n\n\n<p>El directivo de la UDEM destac\u00f3 que el programa de Maestr\u00eda en Administraci\u00f3n se centr\u00f3 en la formaci\u00f3n directiva internacional, con el objetivo de permitir al alumno ampliar su visi\u00f3n de negocio y generar estrategias de alto impacto.<\/p>\n\n\n\n<p>\u201cB\u00e1sicamente, el programa del MBA lo que te ofrece es esa formaci\u00f3n directiva que te lleve a tener una amplitud de visi\u00f3n focalizada en el negocio en el cual est\u00e1s trabajando\u201d, mencion\u00f3 el director sobre el perfil de egreso.<\/p>\n\n\n\n<p>El tambi\u00e9n catedr\u00e1tico detall\u00f3 que el MBA Ejecutivo de la UDEM exigi\u00f3 como requisito que los aspirantes tuvieran al menos tres a\u00f1os de experiencia laboral previa antes de ingresar al posgrado.<\/p>\n\n\n\n<p>Este requerimiento garantiz\u00f3 que cada clase estuviera ligada a la realidad que vivieron los ejecutivos en sus oficinas, facilitando el intercambio de conocimientos y la creaci\u00f3n de redes profesionales o&nbsp;<em>networking<\/em>.<\/p>\n\n\n\n<p>Los horarios de las clases, de 7 a 10 de la noche, se dise\u00f1aron espec\u00edficamente para adaptarse a la jornada de las personas que trabajan en niveles gerenciales o directivos.<\/p>\n\n\n\n<p>El programa tambi\u00e9n cuenta con la exigencia de un periodo de capacitaci\u00f3n internacional y la obligaci\u00f3n de desarrollar un Proyecto de Innovaci\u00f3n y Cambio real dentro de una empresa, que funciona como tesis de grado.<\/p>\n\n\n\n<p>El director mencion\u00f3 que la UDEM tambi\u00e9n se enfoca en el desarrollo de competencias transversales, que consider\u00f3 fundamentales en la formaci\u00f3n del ejecutivo, junto con los valores y el humanismo.<\/p>\n\n\n\n<p>\u201cYo creo que son fundamentales, ya que marcan un par\u00e1metro a trav\u00e9s del cual se va formando el ejecutivo, y me voy un poco m\u00e1s all\u00e1 de las competencias transversales, me voy a la parte de los valores, los principios y en enfoque en el humanismo (en la UDEM)\u201d, afirm\u00f3.<\/p>\n\n\n\n<p>Finalmente, Hern\u00e1ndez Arizpe comparti\u00f3 que el programa continu\u00f3 su crecimiento en n\u00famero de alumnos y en la generaci\u00f3n de convenios con universidades extranjeras para enriquecer la oferta acad\u00e9mica.<\/p>\n\n\n\n<p>La UDEM ha ofrecido a sus estudiantes opciones de aprendizaje que les permiten conocer c\u00f3mo se abordaron diferentes problemas en distintas culturas, con estancias en el extranjero, as\u00ed como recibiendo alumnos de MBA de Universidades de Am\u00e9rica Latina y Europa.<\/p>\n\n\n\n<p>Se fortaleci\u00f3 tambi\u00e9n la capacitaci\u00f3n de profesores mediante la invitaci\u00f3n de acad\u00e9micos extranjeros para impartir talleres y clases especializadas, a trav\u00e9s de programas como el&nbsp;<em>Global Community Professor<\/em>.<\/p>\n\n\n\n<p>Otro ejemplo de esta internacionalizaci\u00f3n de los posgrados en negocios de la UDEM&nbsp; fue el programa Tricontinental, un convenio de triple titulaci\u00f3n con universidades de Alemania o Taiw\u00e1n, en la que participa con una nueva maestr\u00eda en Gesti\u00f3n de Negocios, que permite a los alumnos de esta maestr\u00eda tomar sesiones en diferentes pa\u00edses y realizar un valioso intercambio cultural con la posibilidad de obtener los grados de maestr\u00eda otorgados por las universidades participantes en este convenio.<\/p>\n\n\n\n<figure class=\"wp-block-image size-large\"><img loading=\"lazy\" decoding=\"async\" width=\"1024\" height=\"683\" src=\"https:\/\/digitalreportmx.com\/wp-content\/uploads\/2025\/12\/Distincion-udem-2-1024x683.jpg\" alt=\"\" class=\"wp-image-26201\" srcset=\"https:\/\/digitalreportmx.com\/wp-content\/uploads\/2025\/12\/Distincion-udem-2-1024x683.jpg 1024w, https:\/\/digitalreportmx.com\/wp-content\/uploads\/2025\/12\/Distincion-udem-2-300x200.jpg 300w, https:\/\/digitalreportmx.com\/wp-content\/uploads\/2025\/12\/Distincion-udem-2-768x512.jpg 768w, https:\/\/digitalreportmx.com\/wp-content\/uploads\/2025\/12\/Distincion-udem-2.jpg 1200w\" sizes=\"auto, (max-width: 1024px) 100vw, 1024px\" \/><\/figure>\n","protected":false},"excerpt":{"rendered":"<p>San Pedro Garza Garc\u00eda, Nuevo Le\u00f3n El\u00a0Executive MBA\u00a0de la UDEM fue distinguido como el mejor programa de su tipo en Latinoam\u00e9rica por el\u00a0ranking\u00a0internacional Eduniversal, y ha sido valorado no solo por su rigor acad\u00e9mico, sino por la manera en que conecta la formaci\u00f3n directiva con la realidad cotidiana de sus egresados y el impacto que [&hellip;]<\/p>\n","protected":false},"author":1,"featured_media":26200,"comment_status":"open","ping_status":"open","sticky":false,"template":"","format":"standard","meta":{"om_disable_all_campaigns":false,"_monsterinsights_skip_tracking":false,"_monsterinsights_sitenote_active":false,"_monsterinsights_sitenote_note":"","_monsterinsights_sitenote_category":0,"footnotes":""},"categories":[12,16],"tags":[],"class_list":["post-26199","post","type-post","status-publish","format-standard","has-post-thumbnail","hentry","category-cooltura","category-relevante-2"],"aioseo_notices":[],"_links":{"self":[{"href":"https:\/\/digitalreportmx.com\/index.php\/wp-json\/wp\/v2\/posts\/26199","targetHints":{"allow":["GET"]}}],"collection":[{"href":"https:\/\/digitalreportmx.com\/index.php\/wp-json\/wp\/v2\/posts"}],"about":[{"href":"https:\/\/digitalreportmx.com\/index.php\/wp-json\/wp\/v2\/types\/post"}],"author":[{"embeddable":true,"href":"https:\/\/digitalreportmx.com\/index.php\/wp-json\/wp\/v2\/users\/1"}],"replies":[{"embeddable":true,"href":"https:\/\/digitalreportmx.com\/index.php\/wp-json\/wp\/v2\/comments?post=26199"}],"version-history":[{"count":1,"href":"https:\/\/digitalreportmx.com\/index.php\/wp-json\/wp\/v2\/posts\/26199\/revisions"}],"predecessor-version":[{"id":26202,"href":"https:\/\/digitalreportmx.com\/index.php\/wp-json\/wp\/v2\/posts\/26199\/revisions\/26202"}],"wp:featuredmedia":[{"embeddable":true,"href":"https:\/\/digitalreportmx.com\/index.php\/wp-json\/wp\/v2\/media\/26200"}],"wp:attachment":[{"href":"https:\/\/digitalreportmx.com\/index.php\/wp-json\/wp\/v2\/media?parent=26199"}],"wp:term":[{"taxonomy":"category","embeddable":true,"href":"https:\/\/digitalreportmx.com\/index.php\/wp-json\/wp\/v2\/categories?post=26199"},{"taxonomy":"post_tag","embeddable":true,"href":"https:\/\/digitalreportmx.com\/index.php\/wp-json\/wp\/v2\/tags?post=26199"}],"curies":[{"name":"wp","href":"https:\/\/api.w.org\/{rel}","templated":true}]}}