{"id":26265,"date":"2025-12-10T23:11:57","date_gmt":"2025-12-11T05:11:57","guid":{"rendered":"https:\/\/digitalreportmx.com\/?p=26265"},"modified":"2025-12-10T23:20:47","modified_gmt":"2025-12-11T05:20:47","slug":"rotundo-no-al-impuesto-sobre-nomina-ip-pri-pan-prd","status":"publish","type":"post","link":"https:\/\/digitalreportmx.com\/index.php\/2025\/12\/10\/rotundo-no-al-impuesto-sobre-nomina-ip-pri-pan-prd\/","title":{"rendered":"Rotundo No al Impuesto Sobre N\u00f3mina: IP, PRI, PAN, PRD"},"content":{"rendered":"\n<p><kbd>Monterrey<\/kbd><\/p>\n\n\n\n<p>Acompa\u00f1ados de representantes de C\u00e1maras empresariales y el alcalde de Monterrey, Adri\u00e1n de la Garza, en representaci\u00f3n de los municipios metropolitanos, las bancadas de los Grupos legislativos del PRI, PAN y PRD expresaron un \u201cNO\u201d contundente al Incremento del Impuesto Sobre N\u00f3mina que pretende aplicar el gobierno estatal en el Paquete Fiscal 2026.<\/p>\n\n\n\n<p>La presidenta de la Comisi\u00f3n de Presupuesto en el Poder Legislativo, Lorena de la Garza, fue la vocera de fijar postura de los legisladores al rechazar al alza del 33 por ciento en el Impuesto Sobre N\u00f3mina.<\/p>\n\n\n\n<p>\u201cNuestra postura hoy es firme y contundente. Nuevo Le\u00f3n ha salido adelante por el impulso de su industria, por la \u00e9tica, el trabajo de su gente y por la visi\u00f3n de quienes sembraron futuro en nuestro Estado. No vamos a votar a favor de un aumento que afecta la econom\u00eda formal, que desincentiva la contrataci\u00f3n y que golpea las pymes y castiga al trabajador. Nuestro deber es exigir un gobierno que gaste bien antes de pedirle m\u00e1s a la gente que trabaja\u201d, asegur\u00f3.<\/p>\n\n\n\n<p>\u201cY en medio de este contexto, aumentar en 33% el impuesto que grava la n\u00f3mina es mandar un mensaje equivocado, es mandar el mensaje de que en vez de ordenar el gasto, mejor le cobremos m\u00e1s para que sigan financiando los excesos. Eso no es correcto, eso no es justo, no es justo para el empresario que arriesga su capital, no es justo para la pyme que lucha por no despedir a su gente, y menos para el trabajador\u201d, agreg\u00f3.<\/p>\n\n\n\n<p>De la Garza Venecia subray\u00f3 que al final de la semana podr\u00edan presentar una contrapropuesta de Presupuesto que no implique un alza de impuestos.<\/p>\n\n\n\n<p>\u201cEste Congreso tiene una obligaci\u00f3n, que es defender a quienes producen, a quienes innovan y a quienes generan empleo. El d\u00eda de hoy acompa\u00f1amos la postura de las empresas de Nuevo Le\u00f3n, de los emprendedores y empresarios, y lo hacemos con un profundo sentimiento de responsabilidad. El Gobierno del Estado pide m\u00e1s recursos, pero no ha presentado un plan serio de uso, transparencia ni disciplina en el uso de los mismos\u201d, enfatiz\u00f3.<\/p>\n\n\n\n<p>\u201cNo hay un compromiso cre\u00edble de austeridad, no hay claridad en los macroproyectos de obra e inversi\u00f3n, no hay indicadores de desempe\u00f1o medibles, pero sobre todo comprobables\u201d, asever\u00f3.<\/p>\n\n\n\n<p>Por su parte, la legisladora panista Claudia Caballero, en representaci\u00f3n de esa bancada, rechaz\u00f3 el alza al ISN porque contin\u00faan los gastos excesivos en la promoci\u00f3n de dos personas.<\/p>\n\n\n\n<p>En la conferencia de prensa, realizada en el Sal\u00f3n Bicentenario del Congreso local, estuvieron representantes de Caintra, Coparmex, Canadevi, Caprobi, Index Nuevo Le\u00f3n, Canaco, Ccinlac y otras c\u00e1maras y pymes.<\/p>\n\n\n\n<p>El alcalde de Monterrey, Adri\u00e1n de la Garza tambi\u00e9n se manifest\u00f3 en contra del ISN porque frena el desarrollo de Nuevo Le\u00f3n.<\/p>\n\n\n\n<p>\u201cEstamos aqu\u00ed hoy para decirle no al aumento del impuesto sobre n\u00f3minas, porque esto no es un aumento t\u00e9cnico ni es un asunto t\u00e9cnico, es un asunto humano. Este incremento afectar\u00eda directamente la atracci\u00f3n de inversi\u00f3n, la creaci\u00f3n de nuevos empleos, el surgimiento de negocios, la competitividad de Nuevo Le\u00f3n y lo m\u00e1s importante, el bolsillo de las familias\u201d, apunt\u00f3.<\/p>\n\n\n\n<p>\u201cPor eso, solicitamos, respetuosamente, pero con total claridad que las diputadas y los diputados rechacen por completo esta propuesta. Nuevo Le\u00f3n no crece poniendo barreras\u201d, a\u00f1adi\u00f3 de la Garza Santos.<\/p>\n\n\n\n<p>En representaci\u00f3n de la iniciativa privada, Jorge Santos, presidente de Caintra, dijo aumentar el ISN no es la v\u00eda para lograr los objetivos que tiene el Estado.<\/p>\n\n\n\n<p>\u201cEl hacer este aumento lo \u00fanico que propiciar\u00eda pues es malgastar el dinero\u201d, advirti\u00f3.<\/p>\n\n\n\n<p>\u201cEstamos dando la cara para poder decir \u2018no\u2019 es la manera de poder solucionar los problemas de Nuevo Le\u00f3n, el solamente incrementar los impuestos. Hay que abrocharse el cintur\u00f3n, hay mucho lugar de donde recortar y por supuesto que no estar\u00edamos de acuerdo en que nos puedan hacer sujeto de responsabilidad en el tema de seguridad en caso de que no aumenten los impuestos\u201d, se\u00f1al\u00f3.<\/p>\n\n\n\n<figure class=\"wp-block-image size-large\"><img loading=\"lazy\" decoding=\"async\" width=\"1024\" height=\"683\" src=\"https:\/\/digitalreportmx.com\/wp-content\/uploads\/2025\/12\/diputados-1024x683.jpg\" alt=\"\" class=\"wp-image-26268\" srcset=\"https:\/\/digitalreportmx.com\/wp-content\/uploads\/2025\/12\/diputados-1024x683.jpg 1024w, https:\/\/digitalreportmx.com\/wp-content\/uploads\/2025\/12\/diputados-300x200.jpg 300w, https:\/\/digitalreportmx.com\/wp-content\/uploads\/2025\/12\/diputados-768x512.jpg 768w, https:\/\/digitalreportmx.com\/wp-content\/uploads\/2025\/12\/diputados-1536x1024.jpg 1536w, https:\/\/digitalreportmx.com\/wp-content\/uploads\/2025\/12\/diputados-2048x1366.jpg 2048w\" sizes=\"auto, (max-width: 1024px) 100vw, 1024px\" \/><\/figure>\n","protected":false},"excerpt":{"rendered":"<p>Monterrey Acompa\u00f1ados de representantes de C\u00e1maras empresariales y el alcalde de Monterrey, Adri\u00e1n de la Garza, en representaci\u00f3n de los municipios metropolitanos, las bancadas de los Grupos legislativos del PRI, PAN y PRD expresaron un \u201cNO\u201d contundente al Incremento del Impuesto Sobre N\u00f3mina que pretende aplicar el gobierno estatal en el Paquete Fiscal 2026. La [&hellip;]<\/p>\n","protected":false},"author":1,"featured_media":26267,"comment_status":"open","ping_status":"open","sticky":false,"template":"","format":"standard","meta":{"om_disable_all_campaigns":false,"_monsterinsights_skip_tracking":false,"_monsterinsights_sitenote_active":false,"_monsterinsights_sitenote_note":"","_monsterinsights_sitenote_category":0,"footnotes":""},"categories":[16],"tags":[],"class_list":["post-26265","post","type-post","status-publish","format-standard","has-post-thumbnail","hentry","category-relevante-2"],"aioseo_notices":[],"_links":{"self":[{"href":"https:\/\/digitalreportmx.com\/index.php\/wp-json\/wp\/v2\/posts\/26265","targetHints":{"allow":["GET"]}}],"collection":[{"href":"https:\/\/digitalreportmx.com\/index.php\/wp-json\/wp\/v2\/posts"}],"about":[{"href":"https:\/\/digitalreportmx.com\/index.php\/wp-json\/wp\/v2\/types\/post"}],"author":[{"embeddable":true,"href":"https:\/\/digitalreportmx.com\/index.php\/wp-json\/wp\/v2\/users\/1"}],"replies":[{"embeddable":true,"href":"https:\/\/digitalreportmx.com\/index.php\/wp-json\/wp\/v2\/comments?post=26265"}],"version-history":[{"count":2,"href":"https:\/\/digitalreportmx.com\/index.php\/wp-json\/wp\/v2\/posts\/26265\/revisions"}],"predecessor-version":[{"id":26269,"href":"https:\/\/digitalreportmx.com\/index.php\/wp-json\/wp\/v2\/posts\/26265\/revisions\/26269"}],"wp:featuredmedia":[{"embeddable":true,"href":"https:\/\/digitalreportmx.com\/index.php\/wp-json\/wp\/v2\/media\/26267"}],"wp:attachment":[{"href":"https:\/\/digitalreportmx.com\/index.php\/wp-json\/wp\/v2\/media?parent=26265"}],"wp:term":[{"taxonomy":"category","embeddable":true,"href":"https:\/\/digitalreportmx.com\/index.php\/wp-json\/wp\/v2\/categories?post=26265"},{"taxonomy":"post_tag","embeddable":true,"href":"https:\/\/digitalreportmx.com\/index.php\/wp-json\/wp\/v2\/tags?post=26265"}],"curies":[{"name":"wp","href":"https:\/\/api.w.org\/{rel}","templated":true}]}}