{"id":26385,"date":"2025-12-13T15:48:10","date_gmt":"2025-12-13T21:48:10","guid":{"rendered":"https:\/\/digitalreportmx.com\/?p=26385"},"modified":"2025-12-13T15:53:01","modified_gmt":"2025-12-13T21:53:01","slug":"enciende-san-pedro-la-navidad-en-el-parque-el-capitan","status":"publish","type":"post","link":"https:\/\/digitalreportmx.com\/index.php\/2025\/12\/13\/enciende-san-pedro-la-navidad-en-el-parque-el-capitan\/","title":{"rendered":"Enciende San Pedro la Navidad en el Parque El Capit\u00e1n"},"content":{"rendered":"\n<p>San Pedro Garza Garc\u00eda<\/p>\n\n\n\n<p>El Alcalde de San Pedro Garza Garc\u00eda, Mauricio Farah Giacom\u00e1n, realiz\u00f3 el encendido del pino y de la iluminaci\u00f3n navide\u00f1a en el Parque El Capit\u00e1n, ante casi mil personas, quienes vivieron por primera vez esta experiencia en este espacio p\u00fablico de la colonia Fuentes del Valle.<\/p>\n\n\n\n<p>En su mensaje a las familias presentes, el Alcalde manifest\u00f3 su deseo de que el encendido del pino y la iluminaci\u00f3n navide\u00f1a se conviertan en una tradici\u00f3n en El Capit\u00e1n, a fin de fortalecer la uni\u00f3n y los valores que siempre han caracterizado a los sampetrinos.<\/p>\n\n\n\n<figure class=\"wp-block-image size-large\"><img loading=\"lazy\" decoding=\"async\" width=\"1024\" height=\"682\" src=\"https:\/\/digitalreportmx.com\/wp-content\/uploads\/2025\/12\/1000173280-1024x682.jpg\" alt=\"\" class=\"wp-image-26390\" srcset=\"https:\/\/digitalreportmx.com\/wp-content\/uploads\/2025\/12\/1000173280-1024x682.jpg 1024w, https:\/\/digitalreportmx.com\/wp-content\/uploads\/2025\/12\/1000173280-300x200.jpg 300w, https:\/\/digitalreportmx.com\/wp-content\/uploads\/2025\/12\/1000173280-768x512.jpg 768w, https:\/\/digitalreportmx.com\/wp-content\/uploads\/2025\/12\/1000173280-1536x1023.jpg 1536w, https:\/\/digitalreportmx.com\/wp-content\/uploads\/2025\/12\/1000173280.jpg 1600w\" sizes=\"auto, (max-width: 1024px) 100vw, 1024px\" \/><\/figure>\n\n\n\n<p>Adem\u00e1s del pino, se colocaron adornos con iluminaci\u00f3n navide\u00f1a en la zona del lago, donde la columna de agua de la fuente ubicada en el espacio fue iluminada con colores alusivos a la temporada.<\/p>\n\n\n\n<p>La ceremonia de encendido del pino cont\u00f3 con la presencia del Secretario Ejecutivo del Alcalde, Juan Pablo Castuera; el Secretario de Participaci\u00f3n Ciudadana, Ricardo Rodr\u00edguez; el titular de San Pedro + Parques, Ricardo Bonilla; as\u00ed como del presidente de la junta de vecinos de Fuentes del Valle, Javier Villarreal, quien invit\u00f3 a los habitantes de la colonia a trabajar unidos en beneficio de su comunidad y agradeci\u00f3 el apoyo brindado por el Alcalde.<\/p>\n\n\n\n<figure class=\"wp-block-image size-large\"><img loading=\"lazy\" decoding=\"async\" width=\"1024\" height=\"682\" src=\"https:\/\/digitalreportmx.com\/wp-content\/uploads\/2025\/12\/1000173283-1024x682.jpg\" alt=\"\" class=\"wp-image-26391\" srcset=\"https:\/\/digitalreportmx.com\/wp-content\/uploads\/2025\/12\/1000173283-1024x682.jpg 1024w, https:\/\/digitalreportmx.com\/wp-content\/uploads\/2025\/12\/1000173283-300x200.jpg 300w, https:\/\/digitalreportmx.com\/wp-content\/uploads\/2025\/12\/1000173283-768x512.jpg 768w, https:\/\/digitalreportmx.com\/wp-content\/uploads\/2025\/12\/1000173283-1536x1023.jpg 1536w, https:\/\/digitalreportmx.com\/wp-content\/uploads\/2025\/12\/1000173283.jpg 1600w\" sizes=\"auto, (max-width: 1024px) 100vw, 1024px\" \/><\/figure>\n\n\n\n<p>Al t\u00e9rmino del evento, las familias tuvieron la oportunidad de convivir y tomarse fotograf\u00edas junto al pino y los distintos adornos navide\u00f1os, adem\u00e1s de disfrutar de churros y chocolate.<\/p>\n","protected":false},"excerpt":{"rendered":"<p>San Pedro Garza Garc\u00eda El Alcalde de San Pedro Garza Garc\u00eda, Mauricio Farah Giacom\u00e1n, realiz\u00f3 el encendido del pino y de la iluminaci\u00f3n navide\u00f1a en el Parque El Capit\u00e1n, ante casi mil personas, quienes vivieron por primera vez esta experiencia en este espacio p\u00fablico de la colonia Fuentes del Valle. En su mensaje a las [&hellip;]<\/p>\n","protected":false},"author":1,"featured_media":26386,"comment_status":"open","ping_status":"open","sticky":false,"template":"","format":"standard","meta":{"om_disable_all_campaigns":false,"_monsterinsights_skip_tracking":false,"_monsterinsights_sitenote_active":false,"_monsterinsights_sitenote_note":"","_monsterinsights_sitenote_category":0,"footnotes":""},"categories":[16,13],"tags":[],"class_list":["post-26385","post","type-post","status-publish","format-standard","has-post-thumbnail","hentry","category-relevante-2","category-reporte-local"],"aioseo_notices":[],"_links":{"self":[{"href":"https:\/\/digitalreportmx.com\/index.php\/wp-json\/wp\/v2\/posts\/26385","targetHints":{"allow":["GET"]}}],"collection":[{"href":"https:\/\/digitalreportmx.com\/index.php\/wp-json\/wp\/v2\/posts"}],"about":[{"href":"https:\/\/digitalreportmx.com\/index.php\/wp-json\/wp\/v2\/types\/post"}],"author":[{"embeddable":true,"href":"https:\/\/digitalreportmx.com\/index.php\/wp-json\/wp\/v2\/users\/1"}],"replies":[{"embeddable":true,"href":"https:\/\/digitalreportmx.com\/index.php\/wp-json\/wp\/v2\/comments?post=26385"}],"version-history":[{"count":2,"href":"https:\/\/digitalreportmx.com\/index.php\/wp-json\/wp\/v2\/posts\/26385\/revisions"}],"predecessor-version":[{"id":26393,"href":"https:\/\/digitalreportmx.com\/index.php\/wp-json\/wp\/v2\/posts\/26385\/revisions\/26393"}],"wp:featuredmedia":[{"embeddable":true,"href":"https:\/\/digitalreportmx.com\/index.php\/wp-json\/wp\/v2\/media\/26386"}],"wp:attachment":[{"href":"https:\/\/digitalreportmx.com\/index.php\/wp-json\/wp\/v2\/media?parent=26385"}],"wp:term":[{"taxonomy":"category","embeddable":true,"href":"https:\/\/digitalreportmx.com\/index.php\/wp-json\/wp\/v2\/categories?post=26385"},{"taxonomy":"post_tag","embeddable":true,"href":"https:\/\/digitalreportmx.com\/index.php\/wp-json\/wp\/v2\/tags?post=26385"}],"curies":[{"name":"wp","href":"https:\/\/api.w.org\/{rel}","templated":true}]}}