{"id":2676,"date":"2024-05-28T17:42:51","date_gmt":"2024-05-28T23:42:51","guid":{"rendered":"https:\/\/digitalreportmx.com\/?p=2676"},"modified":"2024-05-28T17:42:52","modified_gmt":"2024-05-28T23:42:52","slug":"autorizan-dar-en-adopcion-a-darius-perro-rescatado-de-la-colonia-caracol","status":"publish","type":"post","link":"https:\/\/digitalreportmx.com\/index.php\/2024\/05\/28\/autorizan-dar-en-adopcion-a-darius-perro-rescatado-de-la-colonia-caracol\/","title":{"rendered":"Autorizan dar en adopci\u00f3n a Darius, perro rescatado de la colonia Caracol"},"content":{"rendered":"\n<p><strong>STAFF<\/strong> <kbd>Monterrey<\/kbd><\/p>\n\n\n\n<p>El perro criollo cruza con pastor alem\u00e1n que fue rescatado a principios de mes del abandono en que viv\u00eda en un solar en la colonia Caracol est\u00e1 listo para ser adoptado.<\/p>\n\n\n\n<p>As\u00ed lo defini\u00f3 este martes una Jueza de Justicia C\u00edvica en la comparecencia que tuvieron los elementos del Centro municipal de Bienestar Animal que resguardaron y atendieron al can desde el 8 de mayo a la fecha.<\/p>\n\n\n\n<p>Debido a una denuncia ciudadana y tras varias visitas y el intento porque su propietario le brindara los cuidados m\u00ednimos necesarios, se procedi\u00f3 al rescate ya que el perro sigui\u00f3 viviendo en condiciones insalubres para \u00e9l mismo.<\/p>\n\n\n\n<p>No contaba con un lugar para resguardarse de las inclemencias del tiempo, ni ten\u00eda libre acceso a agua limpia ni a alimento, adem\u00e1s estaba infestado de par\u00e1sitos, y empezaba con s\u00edntomas de golpe de calor.<\/p>\n\n\n\n<p>Ya fue evaluado y estuvo en observaci\u00f3n tres semanas, se esteriliz\u00f3 y desparacit\u00f3, se le aplicaron vacunas y se aliment\u00f3 debidamente, por lo que ya puede vivir con una familia que s\u00ed quiera y pueda atenderlo, coment\u00f3 el Director de Justicia C\u00edvica municipal, Jos\u00e9 Antonio G\u00f3mez Villarreal.<\/p>\n\n\n\n<p>A su vez, Aldo de la Garza, coordinador de Bienestar Animal de Monterrey, explic\u00f3 que Darius tiene aproximadamente dos a\u00f1os de edad, necesita su propio espacio, que sus due\u00f1os le procuren paseos y esparcimiento, adem\u00e1s de los cuidados normales como visitas al veterinario y una adecuada alimentaci\u00f3n.<\/p>\n","protected":false},"excerpt":{"rendered":"<p>STAFF Monterrey El perro criollo cruza con pastor alem\u00e1n que fue rescatado a principios de mes del abandono en que viv\u00eda en un solar en la colonia Caracol est\u00e1 listo para ser adoptado. As\u00ed lo defini\u00f3 este martes una Jueza de Justicia C\u00edvica en la comparecencia que tuvieron los elementos del Centro municipal de Bienestar [&hellip;]<\/p>\n","protected":false},"author":1,"featured_media":2677,"comment_status":"open","ping_status":"open","sticky":false,"template":"","format":"standard","meta":{"om_disable_all_campaigns":false,"_monsterinsights_skip_tracking":false,"_monsterinsights_sitenote_active":false,"_monsterinsights_sitenote_note":"","_monsterinsights_sitenote_category":0,"footnotes":""},"categories":[17],"tags":[],"class_list":["post-2676","post","type-post","status-publish","format-standard","has-post-thumbnail","hentry","category-principal"],"aioseo_notices":[],"_links":{"self":[{"href":"https:\/\/digitalreportmx.com\/index.php\/wp-json\/wp\/v2\/posts\/2676","targetHints":{"allow":["GET"]}}],"collection":[{"href":"https:\/\/digitalreportmx.com\/index.php\/wp-json\/wp\/v2\/posts"}],"about":[{"href":"https:\/\/digitalreportmx.com\/index.php\/wp-json\/wp\/v2\/types\/post"}],"author":[{"embeddable":true,"href":"https:\/\/digitalreportmx.com\/index.php\/wp-json\/wp\/v2\/users\/1"}],"replies":[{"embeddable":true,"href":"https:\/\/digitalreportmx.com\/index.php\/wp-json\/wp\/v2\/comments?post=2676"}],"version-history":[{"count":1,"href":"https:\/\/digitalreportmx.com\/index.php\/wp-json\/wp\/v2\/posts\/2676\/revisions"}],"predecessor-version":[{"id":2678,"href":"https:\/\/digitalreportmx.com\/index.php\/wp-json\/wp\/v2\/posts\/2676\/revisions\/2678"}],"wp:featuredmedia":[{"embeddable":true,"href":"https:\/\/digitalreportmx.com\/index.php\/wp-json\/wp\/v2\/media\/2677"}],"wp:attachment":[{"href":"https:\/\/digitalreportmx.com\/index.php\/wp-json\/wp\/v2\/media?parent=2676"}],"wp:term":[{"taxonomy":"category","embeddable":true,"href":"https:\/\/digitalreportmx.com\/index.php\/wp-json\/wp\/v2\/categories?post=2676"},{"taxonomy":"post_tag","embeddable":true,"href":"https:\/\/digitalreportmx.com\/index.php\/wp-json\/wp\/v2\/tags?post=2676"}],"curies":[{"name":"wp","href":"https:\/\/api.w.org\/{rel}","templated":true}]}}