{"id":26926,"date":"2025-12-21T22:21:48","date_gmt":"2025-12-22T04:21:48","guid":{"rendered":"https:\/\/digitalreportmx.com\/?p=26926"},"modified":"2025-12-21T22:21:49","modified_gmt":"2025-12-22T04:21:49","slug":"celebra-mariana-la-navidad-con-peques-de-centros-monarcas","status":"publish","type":"post","link":"https:\/\/digitalreportmx.com\/index.php\/2025\/12\/21\/celebra-mariana-la-navidad-con-peques-de-centros-monarcas\/","title":{"rendered":"Celebra Mariana la Navidad con peques de Centros Monarcas"},"content":{"rendered":"\n<p><kbd>Escobedo, Nuevo Le\u00f3n<\/kbd><\/p>\n\n\n\n<p>Entre risas, juegos y mucha diversi\u00f3n, las ni\u00f1as, ni\u00f1os y adolescentes del Centro Monarcas disfrutaron de la calidez de las fiestas decembrinas con una comida navide\u00f1a, organizada por el DIF Nuevo Le\u00f3n.<\/p>\n\n\n\n<p>El evento fue encabezado por la Titular de AMAR a Nuevo Le\u00f3n, Mariana Rodr\u00edguez quien convivi\u00f3 con los peque\u00f1os y refrend\u00f3 el compromiso del Estado en ofrecer un entorno seguro a los menores que se les da albergue temporal en el lugar.<\/p>\n\n\n\n<p>Adem\u00e1s, de compartir con ellos los alimentos, Rodr\u00edguez aprovech\u00f3 para platicar con algunos de los chiquitines, quienes alegres y entusiasmados le agradecieron por su presencia y el festejo.<\/p>\n\n\n\n<p>Posteriormente, las ni\u00f1as, ni\u00f1os y adolescentes gozaron al pasar a romper la tradicional pi\u00f1ata como parte de la posada navide\u00f1a, que fue llenada por la Titular de AMAR a Nuevo Le\u00f3n de diferentes dulces.<\/p>\n\n\n\n<p>En el evento participaron adem\u00e1s, la Directora General del Sistema DIF Nuevo Le\u00f3n, Gloria Ivette Baz\u00e1n, como directivos, personal administrativo, de enfermer\u00eda y cuidados de la instituci\u00f3n de asistencia.<\/p>\n","protected":false},"excerpt":{"rendered":"<p>Escobedo, Nuevo Le\u00f3n Entre risas, juegos y mucha diversi\u00f3n, las ni\u00f1as, ni\u00f1os y adolescentes del Centro Monarcas disfrutaron de la calidez de las fiestas decembrinas con una comida navide\u00f1a, organizada por el DIF Nuevo Le\u00f3n. El evento fue encabezado por la Titular de AMAR a Nuevo Le\u00f3n, Mariana Rodr\u00edguez quien convivi\u00f3 con los peque\u00f1os y [&hellip;]<\/p>\n","protected":false},"author":1,"featured_media":26927,"comment_status":"open","ping_status":"open","sticky":false,"template":"","format":"standard","meta":{"om_disable_all_campaigns":false,"_monsterinsights_skip_tracking":false,"_monsterinsights_sitenote_active":false,"_monsterinsights_sitenote_note":"","_monsterinsights_sitenote_category":0,"footnotes":""},"categories":[16,13],"tags":[],"class_list":["post-26926","post","type-post","status-publish","format-standard","has-post-thumbnail","hentry","category-relevante-2","category-reporte-local"],"aioseo_notices":[],"_links":{"self":[{"href":"https:\/\/digitalreportmx.com\/index.php\/wp-json\/wp\/v2\/posts\/26926","targetHints":{"allow":["GET"]}}],"collection":[{"href":"https:\/\/digitalreportmx.com\/index.php\/wp-json\/wp\/v2\/posts"}],"about":[{"href":"https:\/\/digitalreportmx.com\/index.php\/wp-json\/wp\/v2\/types\/post"}],"author":[{"embeddable":true,"href":"https:\/\/digitalreportmx.com\/index.php\/wp-json\/wp\/v2\/users\/1"}],"replies":[{"embeddable":true,"href":"https:\/\/digitalreportmx.com\/index.php\/wp-json\/wp\/v2\/comments?post=26926"}],"version-history":[{"count":1,"href":"https:\/\/digitalreportmx.com\/index.php\/wp-json\/wp\/v2\/posts\/26926\/revisions"}],"predecessor-version":[{"id":26928,"href":"https:\/\/digitalreportmx.com\/index.php\/wp-json\/wp\/v2\/posts\/26926\/revisions\/26928"}],"wp:featuredmedia":[{"embeddable":true,"href":"https:\/\/digitalreportmx.com\/index.php\/wp-json\/wp\/v2\/media\/26927"}],"wp:attachment":[{"href":"https:\/\/digitalreportmx.com\/index.php\/wp-json\/wp\/v2\/media?parent=26926"}],"wp:term":[{"taxonomy":"category","embeddable":true,"href":"https:\/\/digitalreportmx.com\/index.php\/wp-json\/wp\/v2\/categories?post=26926"},{"taxonomy":"post_tag","embeddable":true,"href":"https:\/\/digitalreportmx.com\/index.php\/wp-json\/wp\/v2\/tags?post=26926"}],"curies":[{"name":"wp","href":"https:\/\/api.w.org\/{rel}","templated":true}]}}