{"id":2792,"date":"2024-06-04T15:51:06","date_gmt":"2024-06-04T21:51:06","guid":{"rendered":"https:\/\/digitalreportmx.com\/?p=2792"},"modified":"2024-06-04T16:14:26","modified_gmt":"2024-06-04T22:14:26","slug":"regresa-martha-herrera-a-la-secretaria-de-inclusion","status":"publish","type":"post","link":"https:\/\/digitalreportmx.com\/index.php\/2024\/06\/04\/regresa-martha-herrera-a-la-secretaria-de-inclusion\/","title":{"rendered":"Regresa Martha Herrera a la Secretar\u00eda de Inclusi\u00f3n"},"content":{"rendered":"\n<p><strong>STAFF <\/strong><kbd>Monterrey<\/kbd><\/p>\n\n\n\n<p>Martha Herrera, candidata de MC a la senadur\u00eda junto con Luis Donaldo Colosio, regres\u00f3 a la Secretar\u00eda de Igualdad E Inclusi\u00f3n del Gobierno del Estado.<\/p>\n\n\n\n<p>Aunque a\u00fan no se define la senadur\u00eda por Nuevo Le\u00f3n en la contienda electoral del pasado 2 de junio, la funcionaria estatal dijo que est\u00e1 de regreso al gabinete que encabeza Samuel Garc\u00eda Sep\u00falveda.<\/p>\n\n\n\n<p>\u00a0Herrera public\u00f3 un video en sus redes sociales donde anuncia su regreso a la secretar\u00eda a la que pidi\u00f3 licencia hace dos meses para unirse a la carrera por la Senadur\u00eda, cuya f\u00f3rmula encabeza Colosio.<\/p>\n\n\n\n<p>\u201cAqu\u00ed ya de regreso con este gran recibimiento me regalaron mi saco rosa con este gran, gran equipo de trabajo que lo dio todo, muchas muchas, gracias por ese recibimiento cari\u00f1osos, por esos aplausos, por esos abrazos y sobre todo por su trabajo un trabajo que no dej\u00f3 de estar enfocado que es la gente.<\/p>\n\n\n\n<p>\u201cUn saludo desde aqu\u00ed a mi partner, a Luis Donaldo Colosio te quiero mucho te extra\u00f1o, seguimos ya trabajando y en espera de lo que suceda en el c\u00f3mputo final que est\u00e1 en la carrera por el Senado\u201d , dijo.<\/p>\n\n\n\n<figure class=\"wp-block-gallery has-nested-images columns-default is-cropped wp-block-gallery-1 is-layout-flex wp-block-gallery-is-layout-flex\"><\/figure>\n","protected":false},"excerpt":{"rendered":"<p>STAFF Monterrey Martha Herrera, candidata de MC a la senadur\u00eda junto con Luis Donaldo Colosio, regres\u00f3 a la Secretar\u00eda de Igualdad E Inclusi\u00f3n del Gobierno del Estado. Aunque a\u00fan no se define la senadur\u00eda por Nuevo Le\u00f3n en la contienda electoral del pasado 2 de junio, la funcionaria estatal dijo que est\u00e1 de regreso al [&hellip;]<\/p>\n","protected":false},"author":1,"featured_media":1513,"comment_status":"open","ping_status":"open","sticky":false,"template":"","format":"standard","meta":{"om_disable_all_campaigns":false,"_monsterinsights_skip_tracking":false,"_monsterinsights_sitenote_active":false,"_monsterinsights_sitenote_note":"","_monsterinsights_sitenote_category":0,"footnotes":""},"categories":[16,13],"tags":[],"class_list":["post-2792","post","type-post","status-publish","format-standard","has-post-thumbnail","hentry","category-relevante-2","category-reporte-local"],"aioseo_notices":[],"_links":{"self":[{"href":"https:\/\/digitalreportmx.com\/index.php\/wp-json\/wp\/v2\/posts\/2792","targetHints":{"allow":["GET"]}}],"collection":[{"href":"https:\/\/digitalreportmx.com\/index.php\/wp-json\/wp\/v2\/posts"}],"about":[{"href":"https:\/\/digitalreportmx.com\/index.php\/wp-json\/wp\/v2\/types\/post"}],"author":[{"embeddable":true,"href":"https:\/\/digitalreportmx.com\/index.php\/wp-json\/wp\/v2\/users\/1"}],"replies":[{"embeddable":true,"href":"https:\/\/digitalreportmx.com\/index.php\/wp-json\/wp\/v2\/comments?post=2792"}],"version-history":[{"count":3,"href":"https:\/\/digitalreportmx.com\/index.php\/wp-json\/wp\/v2\/posts\/2792\/revisions"}],"predecessor-version":[{"id":2798,"href":"https:\/\/digitalreportmx.com\/index.php\/wp-json\/wp\/v2\/posts\/2792\/revisions\/2798"}],"wp:featuredmedia":[{"embeddable":true,"href":"https:\/\/digitalreportmx.com\/index.php\/wp-json\/wp\/v2\/media\/1513"}],"wp:attachment":[{"href":"https:\/\/digitalreportmx.com\/index.php\/wp-json\/wp\/v2\/media?parent=2792"}],"wp:term":[{"taxonomy":"category","embeddable":true,"href":"https:\/\/digitalreportmx.com\/index.php\/wp-json\/wp\/v2\/categories?post=2792"},{"taxonomy":"post_tag","embeddable":true,"href":"https:\/\/digitalreportmx.com\/index.php\/wp-json\/wp\/v2\/tags?post=2792"}],"curies":[{"name":"wp","href":"https:\/\/api.w.org\/{rel}","templated":true}]}}