{"id":28118,"date":"2026-01-10T22:06:48","date_gmt":"2026-01-11T04:06:48","guid":{"rendered":"https:\/\/digitalreportmx.com\/?p=28118"},"modified":"2026-01-10T22:10:08","modified_gmt":"2026-01-11T04:10:08","slug":"entrega-nava-cobertores-y-bebidas-calientes-por-frio","status":"publish","type":"post","link":"https:\/\/digitalreportmx.com\/index.php\/2026\/01\/10\/entrega-nava-cobertores-y-bebidas-calientes-por-frio\/","title":{"rendered":"Entrega Nava cobertores y bebidas calientes por fr\u00edo"},"content":{"rendered":"\n<p>Santa Catarina<\/p>\n\n\n\n<p>Ante el descenso en la temperatura, el Alcalde de Santa Catarina, Jes\u00fas Nava Rivera y la presidenta del DIF Paola Garc\u00eda Yves entregaron cobertores y bebidas calientes en sectores del municipio.<\/p>\n\n\n\n<p>Acompa\u00f1ados de elementos de Jaguares de Protecci\u00f3n Civil recorrieron diversos puntos del municipio ubicados en faldas del Cerro de las Mitras para ponerse a disposici\u00f3n de los vecinos y entregarles cobijas y chocolate caliente.<\/p>\n\n\n\n<p>\u201cEstamos visitando sectores para entregar cobijas y bebidas calientes para que mitiguen el fr\u00edo, y exhortando a que sigan las recomendaciones para protegerse de las bajas temperaturas\u201d, dijo el Edil.<\/p>\n\n\n\n<p>Debido a las bajas temperaturas el Gobierno Municipal permanecer\u00e1 atento para prestar la atenci\u00f3n que sea necesaria a trav\u00e9s de sus cuerpos de auxilio.<\/p>\n\n\n\n<p>As\u00ed como tambi\u00e9n la administraci\u00f3n encabezada por Nava Rivera est\u00e1 24\/7 atendiendo reportes en el C4 al 8186761908.<\/p>\n\n\n\n<figure class=\"wp-block-video\"><video controls src=\"https:\/\/digitalreportmx.com\/wp-content\/uploads\/2026\/01\/copy_97B58858-5668-43B1-9D02-1013AEF9908A.mov\"><\/video><\/figure>\n","protected":false},"excerpt":{"rendered":"<p>Santa Catarina Ante el descenso en la temperatura, el Alcalde de Santa Catarina, Jes\u00fas Nava Rivera y la presidenta del DIF Paola Garc\u00eda Yves entregaron cobertores y bebidas calientes en sectores del municipio. Acompa\u00f1ados de elementos de Jaguares de Protecci\u00f3n Civil recorrieron diversos puntos del municipio ubicados en faldas del Cerro de las Mitras para [&hellip;]<\/p>\n","protected":false},"author":1,"featured_media":28119,"comment_status":"open","ping_status":"open","sticky":false,"template":"","format":"standard","meta":{"om_disable_all_campaigns":false,"_monsterinsights_skip_tracking":false,"_monsterinsights_sitenote_active":false,"_monsterinsights_sitenote_note":"","_monsterinsights_sitenote_category":0,"footnotes":""},"categories":[16,13],"tags":[],"class_list":["post-28118","post","type-post","status-publish","format-standard","has-post-thumbnail","hentry","category-relevante-2","category-reporte-local"],"aioseo_notices":[],"_links":{"self":[{"href":"https:\/\/digitalreportmx.com\/index.php\/wp-json\/wp\/v2\/posts\/28118","targetHints":{"allow":["GET"]}}],"collection":[{"href":"https:\/\/digitalreportmx.com\/index.php\/wp-json\/wp\/v2\/posts"}],"about":[{"href":"https:\/\/digitalreportmx.com\/index.php\/wp-json\/wp\/v2\/types\/post"}],"author":[{"embeddable":true,"href":"https:\/\/digitalreportmx.com\/index.php\/wp-json\/wp\/v2\/users\/1"}],"replies":[{"embeddable":true,"href":"https:\/\/digitalreportmx.com\/index.php\/wp-json\/wp\/v2\/comments?post=28118"}],"version-history":[{"count":2,"href":"https:\/\/digitalreportmx.com\/index.php\/wp-json\/wp\/v2\/posts\/28118\/revisions"}],"predecessor-version":[{"id":28123,"href":"https:\/\/digitalreportmx.com\/index.php\/wp-json\/wp\/v2\/posts\/28118\/revisions\/28123"}],"wp:featuredmedia":[{"embeddable":true,"href":"https:\/\/digitalreportmx.com\/index.php\/wp-json\/wp\/v2\/media\/28119"}],"wp:attachment":[{"href":"https:\/\/digitalreportmx.com\/index.php\/wp-json\/wp\/v2\/media?parent=28118"}],"wp:term":[{"taxonomy":"category","embeddable":true,"href":"https:\/\/digitalreportmx.com\/index.php\/wp-json\/wp\/v2\/categories?post=28118"},{"taxonomy":"post_tag","embeddable":true,"href":"https:\/\/digitalreportmx.com\/index.php\/wp-json\/wp\/v2\/tags?post=28118"}],"curies":[{"name":"wp","href":"https:\/\/api.w.org\/{rel}","templated":true}]}}