{"id":28232,"date":"2026-01-12T16:51:33","date_gmt":"2026-01-12T22:51:33","guid":{"rendered":"https:\/\/digitalreportmx.com\/?p=28232"},"modified":"2026-01-12T16:53:30","modified_gmt":"2026-01-12T22:53:30","slug":"lleva-victor-perez-manitas-calientes-a-vecinos-de-santa-catarina","status":"publish","type":"post","link":"https:\/\/digitalreportmx.com\/index.php\/2026\/01\/12\/lleva-victor-perez-manitas-calientes-a-vecinos-de-santa-catarina\/","title":{"rendered":"Lleva V\u00edctor P\u00e9rez  &#8216;Manitas Calientes&#8217; a vecinos de SC"},"content":{"rendered":"\n<p><em>Santa Catarina<\/em><\/p>\n\n\n\n<p>Con el objetivo de proteger a ni\u00f1as y ni\u00f1os de las bajas temperaturas que se registran durante la temporada invernal, el diputado federal panista V\u00edctor P\u00e9rez, dio inicio al programa \u201cManitas Calientes\u201d en el municipio de Santa Catarina.<\/p>\n\n\n\n<p>Este programa tiene como finalidad brindar apoyo directo mediante la entrega de guantes para fr\u00edo, priorizando a las colonias ubicadas en zonas altas y de mayor vulnerabilidad, particularmente en los alrededores del cerro de Las Mitras y el sector de La Huasteca.<\/p>\n\n\n\n<p>El arranque de estas acciones se llev\u00f3 a cabo en las colonias Lomas de la Fama y Lomas del Mirador, donde se entregaron los primeros apoyos. El programa continuar\u00e1 su recorrido en otros sectores del municipio, como La Ermita, Sombrillas y San Gilberto, entre otros.<\/p>\n\n\n\n<p>&#8220;A trav\u00e9s de &#8216;Manitas Calientes&#8217;, se contempla la entrega de m\u00e1s de 2 mil pares de guantes, con el prop\u00f3sito de ayudar a que las ni\u00f1as y ni\u00f1os santacatarinenses enfrenten de mejor manera los d\u00edas de fr\u00edo y cuenten con condiciones m\u00e1s dignas para su bienestar y desarrollo,&#8221; indic\u00f3 el diputado federal.<\/p>\n\n\n\n<p>Con este tipo de iniciativas, el diputado V\u00edctor P\u00e9rez refrenda su compromiso con las familias de Santa Catarina, impulsando acciones solidarias que atienden necesidades inmediatas de la comunidad.<\/p>\n","protected":false},"excerpt":{"rendered":"<p>Santa Catarina Con el objetivo de proteger a ni\u00f1as y ni\u00f1os de las bajas temperaturas que se registran durante la temporada invernal, el diputado federal panista V\u00edctor P\u00e9rez, dio inicio al programa \u201cManitas Calientes\u201d en el municipio de Santa Catarina. Este programa tiene como finalidad brindar apoyo directo mediante la entrega de guantes para fr\u00edo, [&hellip;]<\/p>\n","protected":false},"author":1,"featured_media":28233,"comment_status":"open","ping_status":"open","sticky":false,"template":"","format":"standard","meta":{"om_disable_all_campaigns":false,"_monsterinsights_skip_tracking":false,"_monsterinsights_sitenote_active":false,"_monsterinsights_sitenote_note":"","_monsterinsights_sitenote_category":0,"footnotes":""},"categories":[16,13],"tags":[],"class_list":["post-28232","post","type-post","status-publish","format-standard","has-post-thumbnail","hentry","category-relevante-2","category-reporte-local"],"aioseo_notices":[],"_links":{"self":[{"href":"https:\/\/digitalreportmx.com\/index.php\/wp-json\/wp\/v2\/posts\/28232","targetHints":{"allow":["GET"]}}],"collection":[{"href":"https:\/\/digitalreportmx.com\/index.php\/wp-json\/wp\/v2\/posts"}],"about":[{"href":"https:\/\/digitalreportmx.com\/index.php\/wp-json\/wp\/v2\/types\/post"}],"author":[{"embeddable":true,"href":"https:\/\/digitalreportmx.com\/index.php\/wp-json\/wp\/v2\/users\/1"}],"replies":[{"embeddable":true,"href":"https:\/\/digitalreportmx.com\/index.php\/wp-json\/wp\/v2\/comments?post=28232"}],"version-history":[{"count":5,"href":"https:\/\/digitalreportmx.com\/index.php\/wp-json\/wp\/v2\/posts\/28232\/revisions"}],"predecessor-version":[{"id":28238,"href":"https:\/\/digitalreportmx.com\/index.php\/wp-json\/wp\/v2\/posts\/28232\/revisions\/28238"}],"wp:featuredmedia":[{"embeddable":true,"href":"https:\/\/digitalreportmx.com\/index.php\/wp-json\/wp\/v2\/media\/28233"}],"wp:attachment":[{"href":"https:\/\/digitalreportmx.com\/index.php\/wp-json\/wp\/v2\/media?parent=28232"}],"wp:term":[{"taxonomy":"category","embeddable":true,"href":"https:\/\/digitalreportmx.com\/index.php\/wp-json\/wp\/v2\/categories?post=28232"},{"taxonomy":"post_tag","embeddable":true,"href":"https:\/\/digitalreportmx.com\/index.php\/wp-json\/wp\/v2\/tags?post=28232"}],"curies":[{"name":"wp","href":"https:\/\/api.w.org\/{rel}","templated":true}]}}