{"id":28247,"date":"2026-01-12T17:27:05","date_gmt":"2026-01-12T23:27:05","guid":{"rendered":"https:\/\/digitalreportmx.com\/?p=28247"},"modified":"2026-01-12T19:03:00","modified_gmt":"2026-01-13T01:03:00","slug":"refuerza-santa-catarina-vacunacion-contra-influenza","status":"publish","type":"post","link":"https:\/\/digitalreportmx.com\/index.php\/2026\/01\/12\/refuerza-santa-catarina-vacunacion-contra-influenza\/","title":{"rendered":"Refuerza Santa Catarina vacunaci\u00f3n contra influenza"},"content":{"rendered":"\n<p><kbd>Santa Catarina <\/kbd><\/p>\n\n\n\n<p>Ante el descenso en la temperatura, el Gobierno de Santa Catarina, en coordinaci\u00f3n con el IMSS, activ\u00f3 la vacunaci\u00f3n contra la influenza y otras enfermedades respiratorias.<\/p>\n\n\n\n<p>Durante toda esta semana operar\u00e1 un m\u00f3dulo de vacunaci\u00f3n en la Plaza Principal del municipio, en un horario de 9:00 am a 2:00 pm.<\/p>\n\n\n\n<p>\u201cDebido a las bajas temperaturas estamos reforzando las acciones para prever la salud de los santacatarinenses, lo estamos haciendo con este m\u00f3dulo de vacunaci\u00f3n\u201d, dijo el Alcalde Jes\u00fas Nava Rivera.<\/p>\n\n\n\n<figure class=\"wp-block-image size-large\"><img loading=\"lazy\" decoding=\"async\" width=\"1024\" height=\"768\" src=\"https:\/\/digitalreportmx.com\/wp-content\/uploads\/2026\/01\/IMG-20260112-WA0162-1024x768.jpg\" alt=\"\" class=\"wp-image-28249\" srcset=\"https:\/\/digitalreportmx.com\/wp-content\/uploads\/2026\/01\/IMG-20260112-WA0162-1024x768.jpg 1024w, https:\/\/digitalreportmx.com\/wp-content\/uploads\/2026\/01\/IMG-20260112-WA0162-300x225.jpg 300w, https:\/\/digitalreportmx.com\/wp-content\/uploads\/2026\/01\/IMG-20260112-WA0162-768x576.jpg 768w, https:\/\/digitalreportmx.com\/wp-content\/uploads\/2026\/01\/IMG-20260112-WA0162-1536x1152.jpg 1536w, https:\/\/digitalreportmx.com\/wp-content\/uploads\/2026\/01\/IMG-20260112-WA0162-2048x1536.jpg 2048w\" sizes=\"auto, (max-width: 1024px) 100vw, 1024px\" \/><\/figure>\n\n\n\n<p>En el m\u00f3dulo se estar\u00e1n aplicando las vacunas contra el COVID, influenza, neumococo hexavalente, rotavirus y VPH.<\/p>\n\n\n\n<p>Nava Rivera exhort\u00f3 a la poblaci\u00f3n a aprovechar este m\u00f3dulo y tener cubierto el esquema de vacunaci\u00f3n para enfermedades.<\/p>\n\n\n\n<figure class=\"wp-block-image size-large\"><img loading=\"lazy\" decoding=\"async\" width=\"1024\" height=\"575\" src=\"https:\/\/digitalreportmx.com\/wp-content\/uploads\/2026\/01\/IMG-20260112-WA0158-1024x575.jpg\" alt=\"\" class=\"wp-image-28250\" srcset=\"https:\/\/digitalreportmx.com\/wp-content\/uploads\/2026\/01\/IMG-20260112-WA0158-1024x575.jpg 1024w, https:\/\/digitalreportmx.com\/wp-content\/uploads\/2026\/01\/IMG-20260112-WA0158-300x169.jpg 300w, https:\/\/digitalreportmx.com\/wp-content\/uploads\/2026\/01\/IMG-20260112-WA0158-768x431.jpg 768w, https:\/\/digitalreportmx.com\/wp-content\/uploads\/2026\/01\/IMG-20260112-WA0158-1536x863.jpg 1536w, https:\/\/digitalreportmx.com\/wp-content\/uploads\/2026\/01\/IMG-20260112-WA0158-2048x1151.jpg 2048w\" sizes=\"auto, (max-width: 1024px) 100vw, 1024px\" \/><\/figure>\n\n\n\n<figure class=\"wp-block-video\"><video controls src=\"https:\/\/digitalreportmx.com\/wp-content\/uploads\/2026\/01\/VID-20260112-WA0089.mp4\"><\/video><\/figure>\n","protected":false},"excerpt":{"rendered":"<p>Santa Catarina Ante el descenso en la temperatura, el Gobierno de Santa Catarina, en coordinaci\u00f3n con el IMSS, activ\u00f3 la vacunaci\u00f3n contra la influenza y otras enfermedades respiratorias. Durante toda esta semana operar\u00e1 un m\u00f3dulo de vacunaci\u00f3n en la Plaza Principal del municipio, en un horario de 9:00 am a 2:00 pm. \u201cDebido a las [&hellip;]<\/p>\n","protected":false},"author":1,"featured_media":28248,"comment_status":"open","ping_status":"open","sticky":false,"template":"","format":"standard","meta":{"om_disable_all_campaigns":false,"_monsterinsights_skip_tracking":false,"_monsterinsights_sitenote_active":false,"_monsterinsights_sitenote_note":"","_monsterinsights_sitenote_category":0,"footnotes":""},"categories":[16,13],"tags":[],"class_list":["post-28247","post","type-post","status-publish","format-standard","has-post-thumbnail","hentry","category-relevante-2","category-reporte-local"],"aioseo_notices":[],"_links":{"self":[{"href":"https:\/\/digitalreportmx.com\/index.php\/wp-json\/wp\/v2\/posts\/28247","targetHints":{"allow":["GET"]}}],"collection":[{"href":"https:\/\/digitalreportmx.com\/index.php\/wp-json\/wp\/v2\/posts"}],"about":[{"href":"https:\/\/digitalreportmx.com\/index.php\/wp-json\/wp\/v2\/types\/post"}],"author":[{"embeddable":true,"href":"https:\/\/digitalreportmx.com\/index.php\/wp-json\/wp\/v2\/users\/1"}],"replies":[{"embeddable":true,"href":"https:\/\/digitalreportmx.com\/index.php\/wp-json\/wp\/v2\/comments?post=28247"}],"version-history":[{"count":4,"href":"https:\/\/digitalreportmx.com\/index.php\/wp-json\/wp\/v2\/posts\/28247\/revisions"}],"predecessor-version":[{"id":28259,"href":"https:\/\/digitalreportmx.com\/index.php\/wp-json\/wp\/v2\/posts\/28247\/revisions\/28259"}],"wp:featuredmedia":[{"embeddable":true,"href":"https:\/\/digitalreportmx.com\/index.php\/wp-json\/wp\/v2\/media\/28248"}],"wp:attachment":[{"href":"https:\/\/digitalreportmx.com\/index.php\/wp-json\/wp\/v2\/media?parent=28247"}],"wp:term":[{"taxonomy":"category","embeddable":true,"href":"https:\/\/digitalreportmx.com\/index.php\/wp-json\/wp\/v2\/categories?post=28247"},{"taxonomy":"post_tag","embeddable":true,"href":"https:\/\/digitalreportmx.com\/index.php\/wp-json\/wp\/v2\/tags?post=28247"}],"curies":[{"name":"wp","href":"https:\/\/api.w.org\/{rel}","templated":true}]}}