{"id":28260,"date":"2026-01-12T19:05:04","date_gmt":"2026-01-13T01:05:04","guid":{"rendered":"https:\/\/digitalreportmx.com\/?p=28260"},"modified":"2026-01-12T19:07:37","modified_gmt":"2026-01-13T01:07:37","slug":"arman-vecinos-y-gobierno-de-sc-alianza-anti-contaminacion","status":"publish","type":"post","link":"https:\/\/digitalreportmx.com\/index.php\/2026\/01\/12\/arman-vecinos-y-gobierno-de-sc-alianza-anti-contaminacion\/","title":{"rendered":"Van vecinos y gobierno de SC contra contaminaci\u00f3n"},"content":{"rendered":"\n<p><kbd>Santa Catarina<\/kbd> <\/p>\n\n\n\n<p>El Gobierno de Santa Catarina y vecinos hicieron un frente com\u00fan para combatir la contaminaci\u00f3n, tras firmar una denuncia el Alcalde Jes\u00fas Nava Rivera y habitantes de la Colonia Trabajadores y sus alrededores para ser presentada ante autoridades estatales y federales por presuntas emisiones, que han provocado malestares en la poblaci\u00f3n.<\/p>\n\n\n\n<p>Ya es el segundo recurso que vecinos y el Edil firman para ser presentado en la Procuradur\u00eda Estatal del Medio Ambiente de Nuevo Le\u00f3n y la Procuradur\u00eda Federal de Protecci\u00f3n al Medio Ambiente (PROFEPA), tras registrarse fuertes olores en el ambiente y en el interior de las viviendas.<\/p>\n\n\n\n<p>El Edil indic\u00f3 que esta acci\u00f3n responde a la prioridad de salvaguardar y garantizar la salud de los ciudadanos.<\/p>\n\n\n\n<p>\u201cEs la primera vez que el Municipio interpone denuncias y lo estamos haciendo en conjunto con los vecinos, primero fue con vecinos del sector Portales, Cuauht\u00e9moc y ahora es con quienes viven en la Colonia Trabajadores y cerca de esa zona\u201d, dijo.<\/p>\n\n\n\n<p>\u201cLo que buscamos es que la Ley se aplique, que se garantice que las actividades de las grandes empresas, que son competencia estatal y federal, no pongan en riesgo la salud de los santacatarinenses\u201d.<\/p>\n\n\n\n<figure class=\"wp-block-image size-large\"><img loading=\"lazy\" decoding=\"async\" width=\"1024\" height=\"576\" src=\"https:\/\/digitalreportmx.com\/wp-content\/uploads\/2026\/01\/IMG-20260112-WA0168-1024x576.jpg\" alt=\"\" class=\"wp-image-28264\" srcset=\"https:\/\/digitalreportmx.com\/wp-content\/uploads\/2026\/01\/IMG-20260112-WA0168-1024x576.jpg 1024w, https:\/\/digitalreportmx.com\/wp-content\/uploads\/2026\/01\/IMG-20260112-WA0168-300x169.jpg 300w, https:\/\/digitalreportmx.com\/wp-content\/uploads\/2026\/01\/IMG-20260112-WA0168-768x432.jpg 768w, https:\/\/digitalreportmx.com\/wp-content\/uploads\/2026\/01\/IMG-20260112-WA0168-1536x864.jpg 1536w, https:\/\/digitalreportmx.com\/wp-content\/uploads\/2026\/01\/IMG-20260112-WA0168.jpg 1600w\" sizes=\"auto, (max-width: 1024px) 100vw, 1024px\" \/><\/figure>\n\n\n\n<p>Con estas denuncias se solicita formalmente que se realicen las investigaciones correspondientes y se proceda conforme a derecho, ya que en el \u00e1rea de la Colonia Trabajadores y sectores aleda\u00f1os se localiza una empresa de ramo alimenticio, la cual presuntamente trabaja con materiales que generan part\u00edculas en forma de nube blanca que se liberan en la atm\u00f3sfera.<\/p>\n\n\n\n<p>Los documentos van acompa\u00f1ados de los testimonios de quienes presenciaron dichos hechos, as\u00ed como evidencia fotogr\u00e1fica a fin de fortalecer el proceso de inspecci\u00f3n y vigilancia ambiental.<\/p>\n\n\n\n<p>Aunado a ello, Nava Rivera se\u00f1al\u00f3 que el Municipio continuar\u00e1 con los operativos para rastrear el origen de los olores, a trav\u00e9s de Protecci\u00f3n Civil y de la Secretar\u00eda de Desarrollo Sustentable y Movilidad.<\/p>\n\n\n\n<figure class=\"wp-block-video\"><video controls src=\"https:\/\/digitalreportmx.com\/wp-content\/uploads\/2026\/01\/VID-20260112-WA0171.mp4\"><\/video><\/figure>\n","protected":false},"excerpt":{"rendered":"<p>Santa Catarina El Gobierno de Santa Catarina y vecinos hicieron un frente com\u00fan para combatir la contaminaci\u00f3n, tras firmar una denuncia el Alcalde Jes\u00fas Nava Rivera y habitantes de la Colonia Trabajadores y sus alrededores para ser presentada ante autoridades estatales y federales por presuntas emisiones, que han provocado malestares en la poblaci\u00f3n. Ya es [&hellip;]<\/p>\n","protected":false},"author":1,"featured_media":28262,"comment_status":"open","ping_status":"open","sticky":false,"template":"","format":"standard","meta":{"om_disable_all_campaigns":false,"_monsterinsights_skip_tracking":false,"_monsterinsights_sitenote_active":false,"_monsterinsights_sitenote_note":"","_monsterinsights_sitenote_category":0,"footnotes":""},"categories":[16,13],"tags":[],"class_list":["post-28260","post","type-post","status-publish","format-standard","has-post-thumbnail","hentry","category-relevante-2","category-reporte-local"],"aioseo_notices":[],"_links":{"self":[{"href":"https:\/\/digitalreportmx.com\/index.php\/wp-json\/wp\/v2\/posts\/28260","targetHints":{"allow":["GET"]}}],"collection":[{"href":"https:\/\/digitalreportmx.com\/index.php\/wp-json\/wp\/v2\/posts"}],"about":[{"href":"https:\/\/digitalreportmx.com\/index.php\/wp-json\/wp\/v2\/types\/post"}],"author":[{"embeddable":true,"href":"https:\/\/digitalreportmx.com\/index.php\/wp-json\/wp\/v2\/users\/1"}],"replies":[{"embeddable":true,"href":"https:\/\/digitalreportmx.com\/index.php\/wp-json\/wp\/v2\/comments?post=28260"}],"version-history":[{"count":5,"href":"https:\/\/digitalreportmx.com\/index.php\/wp-json\/wp\/v2\/posts\/28260\/revisions"}],"predecessor-version":[{"id":28269,"href":"https:\/\/digitalreportmx.com\/index.php\/wp-json\/wp\/v2\/posts\/28260\/revisions\/28269"}],"wp:featuredmedia":[{"embeddable":true,"href":"https:\/\/digitalreportmx.com\/index.php\/wp-json\/wp\/v2\/media\/28262"}],"wp:attachment":[{"href":"https:\/\/digitalreportmx.com\/index.php\/wp-json\/wp\/v2\/media?parent=28260"}],"wp:term":[{"taxonomy":"category","embeddable":true,"href":"https:\/\/digitalreportmx.com\/index.php\/wp-json\/wp\/v2\/categories?post=28260"},{"taxonomy":"post_tag","embeddable":true,"href":"https:\/\/digitalreportmx.com\/index.php\/wp-json\/wp\/v2\/tags?post=28260"}],"curies":[{"name":"wp","href":"https:\/\/api.w.org\/{rel}","templated":true}]}}