{"id":28277,"date":"2026-01-13T11:29:24","date_gmt":"2026-01-13T17:29:24","guid":{"rendered":"https:\/\/digitalreportmx.com\/?p=28277"},"modified":"2026-01-13T12:18:02","modified_gmt":"2026-01-13T18:18:02","slug":"lidera-udem-con-innovacion-en-este-regreso-a-clases","status":"publish","type":"post","link":"https:\/\/digitalreportmx.com\/index.php\/2026\/01\/13\/lidera-udem-con-innovacion-en-este-regreso-a-clases\/","title":{"rendered":"Lidera UDEM en innovaci\u00f3n en este regreso a clases"},"content":{"rendered":"\n<p><kbd>San Pedro Garza Garc\u00eda<\/kbd><\/p>\n\n\n\n<p>El semestre Primavera 2026 de la Universidad de Monterrey abri\u00f3 sus aulas a las alumnas y los alumnos de nuevo ingreso y de reingreso a sus diversos programas acad\u00e9micos de los niveles de preparatoria y profesional.\u00a0<\/p>\n\n\n\n<p>Durante la jornada del lunes 12 de enero, tanto el campus como los planteles de Prepa UDEM registraron una intensa actividad en la que estudiantes y docentes retomaron las labores escolares en un entorno que privilegi\u00f3 el aprendizaje y la integraci\u00f3n comunitaria.&nbsp;<\/p>\n\n\n\n<p>Esta reactivaci\u00f3n acad\u00e9mica se ver\u00e1 respaldada por una serie de programas estrat\u00e9gicos que han buscado fortalecer el desarrollo personal y profesional de la comunidad estudiantil desde semestres recientes.<\/p>\n\n\n\n<figure class=\"wp-block-image size-large\"><img loading=\"lazy\" decoding=\"async\" width=\"1024\" height=\"683\" src=\"https:\/\/digitalreportmx.com\/wp-content\/uploads\/2026\/01\/Convocan-a-aprovechar-todos-los-recursos-y-espacios-que-ofrece-la-UDEM-para-estudiar-y-colaborar-1024x683.jpg\" alt=\"\" class=\"wp-image-28282\" srcset=\"https:\/\/digitalreportmx.com\/wp-content\/uploads\/2026\/01\/Convocan-a-aprovechar-todos-los-recursos-y-espacios-que-ofrece-la-UDEM-para-estudiar-y-colaborar-1024x683.jpg 1024w, https:\/\/digitalreportmx.com\/wp-content\/uploads\/2026\/01\/Convocan-a-aprovechar-todos-los-recursos-y-espacios-que-ofrece-la-UDEM-para-estudiar-y-colaborar-300x200.jpg 300w, https:\/\/digitalreportmx.com\/wp-content\/uploads\/2026\/01\/Convocan-a-aprovechar-todos-los-recursos-y-espacios-que-ofrece-la-UDEM-para-estudiar-y-colaborar-768x512.jpg 768w, https:\/\/digitalreportmx.com\/wp-content\/uploads\/2026\/01\/Convocan-a-aprovechar-todos-los-recursos-y-espacios-que-ofrece-la-UDEM-para-estudiar-y-colaborar.jpg 1200w\" sizes=\"auto, (max-width: 1024px) 100vw, 1024px\" \/><\/figure>\n\n\n\n<p>En un mensaje del rector Mario P\u00e1ez distribuido en diferentes redes sociales, se\u00f1al\u00f3 que el nuevo Plan Estrat\u00e9gico de la UDEM guiar\u00e1 con pasos firmes al futuro que se quiere construir: este a\u00f1o se iniciar\u00e1 enfatizando la excelencia acad\u00e9mica que caracteriza a esta casa de estudios, as\u00ed como la formaci\u00f3n integral y las experiencias \u00fanicas que inspiran, que son el sello de la educaci\u00f3n UDEM.&nbsp;<\/p>\n\n\n\n<p>\u201cUn nuevo a\u00f1o comienza y, con \u00e9l, nuevas oportunidades para crecer, aprender, inspirar y transformar nuestro entorno; nuestro campus nuevamente se llena de vida, con la comunidad estudiantil y los colaboradores UDEM nos recuerda la fuerza de nuestra misi\u00f3n y el valor de cada persona que forma parte de esta comunidad\u201d, se\u00f1al\u00f3.&nbsp;<\/p>\n\n\n\n<figure class=\"wp-block-image size-large\"><img loading=\"lazy\" decoding=\"async\" width=\"1024\" height=\"682\" src=\"https:\/\/digitalreportmx.com\/wp-content\/uploads\/2026\/01\/Un-ano-con-nuevas-oportunidades-para-crecer-aprender-e-inspirar-1024x682.jpg\" alt=\"\" class=\"wp-image-28283\" srcset=\"https:\/\/digitalreportmx.com\/wp-content\/uploads\/2026\/01\/Un-ano-con-nuevas-oportunidades-para-crecer-aprender-e-inspirar-1024x682.jpg 1024w, https:\/\/digitalreportmx.com\/wp-content\/uploads\/2026\/01\/Un-ano-con-nuevas-oportunidades-para-crecer-aprender-e-inspirar-300x200.jpg 300w, https:\/\/digitalreportmx.com\/wp-content\/uploads\/2026\/01\/Un-ano-con-nuevas-oportunidades-para-crecer-aprender-e-inspirar-768x512.jpg 768w, https:\/\/digitalreportmx.com\/wp-content\/uploads\/2026\/01\/Un-ano-con-nuevas-oportunidades-para-crecer-aprender-e-inspirar.jpg 1100w\" sizes=\"auto, (max-width: 1024px) 100vw, 1024px\" \/><\/figure>\n\n\n\n<p>El rector convoc\u00f3 al alumnado a que, en este 2026, aprovechen todos y cada uno de los recursos y espacios &nbsp;que ofrece la UDEM para estudiar y colaborar, porque es en el trato humano, en la convivencia y en el acompa\u00f1amiento, donde realmente se crea comunidad.&nbsp;<\/p>\n\n\n\n<p>Por otro lado, la UDEM ofrecer\u00e1 la continuidad del programa <em>Global Community Professor<\/em>, mediante el cual atrae a especialistas internacionales de diversas disciplinas.&nbsp;<\/p>\n\n\n\n<figure class=\"wp-block-image size-large\"><img loading=\"lazy\" decoding=\"async\" width=\"1024\" height=\"682\" src=\"https:\/\/digitalreportmx.com\/wp-content\/uploads\/2026\/01\/Los-pasillos-del-campus-UDEM-se-llenaron-de-vida-estudiantil-1024x682.jpg\" alt=\"\" class=\"wp-image-28279\" srcset=\"https:\/\/digitalreportmx.com\/wp-content\/uploads\/2026\/01\/Los-pasillos-del-campus-UDEM-se-llenaron-de-vida-estudiantil-1024x682.jpg 1024w, https:\/\/digitalreportmx.com\/wp-content\/uploads\/2026\/01\/Los-pasillos-del-campus-UDEM-se-llenaron-de-vida-estudiantil-300x200.jpg 300w, https:\/\/digitalreportmx.com\/wp-content\/uploads\/2026\/01\/Los-pasillos-del-campus-UDEM-se-llenaron-de-vida-estudiantil-768x512.jpg 768w, https:\/\/digitalreportmx.com\/wp-content\/uploads\/2026\/01\/Los-pasillos-del-campus-UDEM-se-llenaron-de-vida-estudiantil.jpg 1100w\" sizes=\"auto, (max-width: 1024px) 100vw, 1024px\" \/><\/figure>\n\n\n\n<p>Estos expertos comparten sus conocimientos a trav\u00e9s de c\u00e1tedras, mentor\u00edas y proyectos colaborativos, enriqueciendo la perspectiva multicultural y el rigor acad\u00e9mico de los programas de estudio durante los meses que comprenden este semestre.<\/p>\n\n\n\n<p>Asimismo, se habilitaron diversas plataformas para el fortalecimiento de talentos, tales como brigadas m\u00e9dicas, misiones, expresiones art\u00edsticas y disciplinas deportivas, las cuales buscan fomentar el liderazgo y el compromiso social entre la comunidad universitaria.<\/p>\n\n\n\n<p>Dentro del compromiso de la UDEM de formar l\u00edderes \u00edntegros que encuentren en la innovaci\u00f3n una herramienta para el bienestar com\u00fan, esta casa de estudios reafirma con el inicio de semestre su compromiso de proyectar a sus estudiantes hacia un futuro donde la excelencia profesional y la \u00e9tica se unan para transformar positivamente el entorno social.<\/p>\n\n\n\n<figure class=\"wp-block-image size-large\"><img loading=\"lazy\" decoding=\"async\" width=\"1024\" height=\"682\" src=\"https:\/\/digitalreportmx.com\/wp-content\/uploads\/2026\/01\/Los-reencuentros-se-vivieron-en-los-pasillos-1024x682.jpg\" alt=\"\" class=\"wp-image-28280\" srcset=\"https:\/\/digitalreportmx.com\/wp-content\/uploads\/2026\/01\/Los-reencuentros-se-vivieron-en-los-pasillos-1024x682.jpg 1024w, https:\/\/digitalreportmx.com\/wp-content\/uploads\/2026\/01\/Los-reencuentros-se-vivieron-en-los-pasillos-300x200.jpg 300w, https:\/\/digitalreportmx.com\/wp-content\/uploads\/2026\/01\/Los-reencuentros-se-vivieron-en-los-pasillos-768x512.jpg 768w, https:\/\/digitalreportmx.com\/wp-content\/uploads\/2026\/01\/Los-reencuentros-se-vivieron-en-los-pasillos.jpg 1100w\" sizes=\"auto, (max-width: 1024px) 100vw, 1024px\" \/><\/figure>\n","protected":false},"excerpt":{"rendered":"<p>San Pedro Garza Garc\u00eda El semestre Primavera 2026 de la Universidad de Monterrey abri\u00f3 sus aulas a las alumnas y los alumnos de nuevo ingreso y de reingreso a sus diversos programas acad\u00e9micos de los niveles de preparatoria y profesional.\u00a0 Durante la jornada del lunes 12 de enero, tanto el campus como los planteles de [&hellip;]<\/p>\n","protected":false},"author":1,"featured_media":28278,"comment_status":"open","ping_status":"open","sticky":false,"template":"","format":"standard","meta":{"om_disable_all_campaigns":false,"_monsterinsights_skip_tracking":false,"_monsterinsights_sitenote_active":false,"_monsterinsights_sitenote_note":"","_monsterinsights_sitenote_category":0,"footnotes":""},"categories":[16,13],"tags":[],"class_list":["post-28277","post","type-post","status-publish","format-standard","has-post-thumbnail","hentry","category-relevante-2","category-reporte-local"],"aioseo_notices":[],"_links":{"self":[{"href":"https:\/\/digitalreportmx.com\/index.php\/wp-json\/wp\/v2\/posts\/28277","targetHints":{"allow":["GET"]}}],"collection":[{"href":"https:\/\/digitalreportmx.com\/index.php\/wp-json\/wp\/v2\/posts"}],"about":[{"href":"https:\/\/digitalreportmx.com\/index.php\/wp-json\/wp\/v2\/types\/post"}],"author":[{"embeddable":true,"href":"https:\/\/digitalreportmx.com\/index.php\/wp-json\/wp\/v2\/users\/1"}],"replies":[{"embeddable":true,"href":"https:\/\/digitalreportmx.com\/index.php\/wp-json\/wp\/v2\/comments?post=28277"}],"version-history":[{"count":4,"href":"https:\/\/digitalreportmx.com\/index.php\/wp-json\/wp\/v2\/posts\/28277\/revisions"}],"predecessor-version":[{"id":28297,"href":"https:\/\/digitalreportmx.com\/index.php\/wp-json\/wp\/v2\/posts\/28277\/revisions\/28297"}],"wp:featuredmedia":[{"embeddable":true,"href":"https:\/\/digitalreportmx.com\/index.php\/wp-json\/wp\/v2\/media\/28278"}],"wp:attachment":[{"href":"https:\/\/digitalreportmx.com\/index.php\/wp-json\/wp\/v2\/media?parent=28277"}],"wp:term":[{"taxonomy":"category","embeddable":true,"href":"https:\/\/digitalreportmx.com\/index.php\/wp-json\/wp\/v2\/categories?post=28277"},{"taxonomy":"post_tag","embeddable":true,"href":"https:\/\/digitalreportmx.com\/index.php\/wp-json\/wp\/v2\/tags?post=28277"}],"curies":[{"name":"wp","href":"https:\/\/api.w.org\/{rel}","templated":true}]}}