{"id":28404,"date":"2026-01-14T14:20:04","date_gmt":"2026-01-14T20:20:04","guid":{"rendered":"https:\/\/digitalreportmx.com\/?p=28404"},"modified":"2026-01-14T14:20:04","modified_gmt":"2026-01-14T20:20:04","slug":"arranca-san-pedro-el-nuevo-circuito-de-transporte-alfonso-reyes","status":"publish","type":"post","link":"https:\/\/digitalreportmx.com\/index.php\/2026\/01\/14\/arranca-san-pedro-el-nuevo-circuito-de-transporte-alfonso-reyes\/","title":{"rendered":"Arranca San Pedro el nuevo Circuito de transporte Alfonso Reyes"},"content":{"rendered":"\n<p><kbd>San Pedro Garza Garc\u00eda<\/kbd><\/p>\n\n\n\n<p>El Municipio de San Pedro Garza Garc\u00eda puso en circulaci\u00f3n la nueva ruta intramunicipal gratuita Circuito Alfonso Reyes, que recorrer\u00e1 de oriente a poniente toda la ciudad en un trayecto de alrededor de 12 kil\u00f3metros.<\/p>\n\n\n\n<p>Esta ruta fue presentada por el Alcalde Mauricio Farah Giacom\u00e1n, quien inform\u00f3 que contar\u00e1 con seis unidades, con las que se prev\u00e9 trasladar alrededor de 8 mil personas mensualmente.<\/p>\n\n\n\n<p>Farah Giacom\u00e1n agreg\u00f3 que las unidades tendr\u00e1n un recorrido por la avenida Alfonso Reyes desde la UDEM, en los l\u00edmites con Santa Catarina, hasta los l\u00edmites con la ciudad de Monterrey, en el oriente del municipio, y ser\u00e1n una soluci\u00f3n en materia de movilidad, en la que San Pedro ha registrado importantes avances.<\/p>\n\n\n\n<figure class=\"wp-block-image size-large\"><img loading=\"lazy\" decoding=\"async\" width=\"1024\" height=\"682\" src=\"https:\/\/digitalreportmx.com\/wp-content\/uploads\/2026\/01\/IMG-20260114-WA0152-1024x682.jpg\" alt=\"\" class=\"wp-image-28406\" srcset=\"https:\/\/digitalreportmx.com\/wp-content\/uploads\/2026\/01\/IMG-20260114-WA0152-1024x682.jpg 1024w, https:\/\/digitalreportmx.com\/wp-content\/uploads\/2026\/01\/IMG-20260114-WA0152-300x200.jpg 300w, https:\/\/digitalreportmx.com\/wp-content\/uploads\/2026\/01\/IMG-20260114-WA0152-768x512.jpg 768w, https:\/\/digitalreportmx.com\/wp-content\/uploads\/2026\/01\/IMG-20260114-WA0152-1536x1024.jpg 1536w, https:\/\/digitalreportmx.com\/wp-content\/uploads\/2026\/01\/IMG-20260114-WA0152-2048x1365.jpg 2048w\" sizes=\"auto, (max-width: 1024px) 100vw, 1024px\" \/><\/figure>\n\n\n\n<p>\u201cEs un servicio de primera calidad, integral, accesible, obviamente para todos, y algo muy importante, es gratuito y damos una gran soluci\u00f3n a un gran problema que tenemos en el estado, cuando menos aqu\u00ed en San Pedro estamos avanzando much\u00edsimo en esa materia\u201d, dijo el Alcalde.<\/p>\n\n\n\n<figure class=\"wp-block-image size-large\"><img loading=\"lazy\" decoding=\"async\" width=\"1024\" height=\"682\" src=\"https:\/\/digitalreportmx.com\/wp-content\/uploads\/2026\/01\/IMG-20260114-WA0147-1024x682.jpg\" alt=\"\" class=\"wp-image-28407\" srcset=\"https:\/\/digitalreportmx.com\/wp-content\/uploads\/2026\/01\/IMG-20260114-WA0147-1024x682.jpg 1024w, https:\/\/digitalreportmx.com\/wp-content\/uploads\/2026\/01\/IMG-20260114-WA0147-300x200.jpg 300w, https:\/\/digitalreportmx.com\/wp-content\/uploads\/2026\/01\/IMG-20260114-WA0147-768x512.jpg 768w, https:\/\/digitalreportmx.com\/wp-content\/uploads\/2026\/01\/IMG-20260114-WA0147-1536x1024.jpg 1536w, https:\/\/digitalreportmx.com\/wp-content\/uploads\/2026\/01\/IMG-20260114-WA0147-2048x1365.jpg 2048w\" sizes=\"auto, (max-width: 1024px) 100vw, 1024px\" \/><\/figure>\n\n\n\n<p>Actualmente San Pedro tiene 19 rutas que ofrecen servicio gratuito, entre intramunicipales, de Unib\u00fas (que dan servicio a estudiantes universitarios) y de transporte escolar para alumnos de colegios del Centrito y poniente.<\/p>\n\n\n\n<figure class=\"wp-block-image size-large\"><img loading=\"lazy\" decoding=\"async\" width=\"1024\" height=\"682\" src=\"https:\/\/digitalreportmx.com\/wp-content\/uploads\/2026\/01\/IMG-20260114-WA0156-1024x682.jpg\" alt=\"\" class=\"wp-image-28408\" srcset=\"https:\/\/digitalreportmx.com\/wp-content\/uploads\/2026\/01\/IMG-20260114-WA0156-1024x682.jpg 1024w, https:\/\/digitalreportmx.com\/wp-content\/uploads\/2026\/01\/IMG-20260114-WA0156-300x200.jpg 300w, https:\/\/digitalreportmx.com\/wp-content\/uploads\/2026\/01\/IMG-20260114-WA0156-768x512.jpg 768w, https:\/\/digitalreportmx.com\/wp-content\/uploads\/2026\/01\/IMG-20260114-WA0156-1536x1024.jpg 1536w, https:\/\/digitalreportmx.com\/wp-content\/uploads\/2026\/01\/IMG-20260114-WA0156-2048x1365.jpg 2048w\" sizes=\"auto, (max-width: 1024px) 100vw, 1024px\" \/><\/figure>\n\n\n\n<p>El arranque del Circuito Alfonso Reyes se realiz\u00f3 en el estacionamiento del Parque Rufino Tamayo, en la parada del Museo La Milarca, donde estuvieron presentes tambi\u00e9n el Secretario General, Luis Susarrey; el Secretario de Desarrollo Urbano y Movilidad, Gabriel Todd, y el Director de Movilidad, Gabriel Ponce.<\/p>\n","protected":false},"excerpt":{"rendered":"<p>San Pedro Garza Garc\u00eda El Municipio de San Pedro Garza Garc\u00eda puso en circulaci\u00f3n la nueva ruta intramunicipal gratuita Circuito Alfonso Reyes, que recorrer\u00e1 de oriente a poniente toda la ciudad en un trayecto de alrededor de 12 kil\u00f3metros. Esta ruta fue presentada por el Alcalde Mauricio Farah Giacom\u00e1n, quien inform\u00f3 que contar\u00e1 con seis [&hellip;]<\/p>\n","protected":false},"author":1,"featured_media":28405,"comment_status":"open","ping_status":"open","sticky":false,"template":"","format":"standard","meta":{"om_disable_all_campaigns":false,"_monsterinsights_skip_tracking":false,"_monsterinsights_sitenote_active":false,"_monsterinsights_sitenote_note":"","_monsterinsights_sitenote_category":0,"footnotes":""},"categories":[16,13],"tags":[],"class_list":["post-28404","post","type-post","status-publish","format-standard","has-post-thumbnail","hentry","category-relevante-2","category-reporte-local"],"aioseo_notices":[],"_links":{"self":[{"href":"https:\/\/digitalreportmx.com\/index.php\/wp-json\/wp\/v2\/posts\/28404","targetHints":{"allow":["GET"]}}],"collection":[{"href":"https:\/\/digitalreportmx.com\/index.php\/wp-json\/wp\/v2\/posts"}],"about":[{"href":"https:\/\/digitalreportmx.com\/index.php\/wp-json\/wp\/v2\/types\/post"}],"author":[{"embeddable":true,"href":"https:\/\/digitalreportmx.com\/index.php\/wp-json\/wp\/v2\/users\/1"}],"replies":[{"embeddable":true,"href":"https:\/\/digitalreportmx.com\/index.php\/wp-json\/wp\/v2\/comments?post=28404"}],"version-history":[{"count":2,"href":"https:\/\/digitalreportmx.com\/index.php\/wp-json\/wp\/v2\/posts\/28404\/revisions"}],"predecessor-version":[{"id":28410,"href":"https:\/\/digitalreportmx.com\/index.php\/wp-json\/wp\/v2\/posts\/28404\/revisions\/28410"}],"wp:featuredmedia":[{"embeddable":true,"href":"https:\/\/digitalreportmx.com\/index.php\/wp-json\/wp\/v2\/media\/28405"}],"wp:attachment":[{"href":"https:\/\/digitalreportmx.com\/index.php\/wp-json\/wp\/v2\/media?parent=28404"}],"wp:term":[{"taxonomy":"category","embeddable":true,"href":"https:\/\/digitalreportmx.com\/index.php\/wp-json\/wp\/v2\/categories?post=28404"},{"taxonomy":"post_tag","embeddable":true,"href":"https:\/\/digitalreportmx.com\/index.php\/wp-json\/wp\/v2\/tags?post=28404"}],"curies":[{"name":"wp","href":"https:\/\/api.w.org\/{rel}","templated":true}]}}