{"id":28420,"date":"2026-01-14T15:29:13","date_gmt":"2026-01-14T21:29:13","guid":{"rendered":"https:\/\/digitalreportmx.com\/?p=28420"},"modified":"2026-01-14T15:30:54","modified_gmt":"2026-01-14T21:30:54","slug":"consolidan-monterrey-y-saltillo-alianza-turistica-rumbo-al-mundial-2026","status":"publish","type":"post","link":"https:\/\/digitalreportmx.com\/index.php\/2026\/01\/14\/consolidan-monterrey-y-saltillo-alianza-turistica-rumbo-al-mundial-2026\/","title":{"rendered":"Consolidan Monterrey y Saltillo alianza tur\u00edstica rumbo al Mundial 2026"},"content":{"rendered":"\n<p><kbd>Monterrey<\/kbd><\/p>\n\n\n\n<p>Con el objetivo de fortalecer la proyecci\u00f3n tur\u00edstica y cultural de la regi\u00f3n noreste del pa\u00eds, el alcalde de Monterrey, Adri\u00e1n de la Garza, recibi\u00f3 en el Palacio Municipal, a su hom\u00f3logo de Saltillo, Javier D\u00edaz Gonz\u00e1lez, para formalizar una alianza que impulse el desarrollo conjunto de ambas ciudades.<\/p>\n\n\n\n<p>Con la firma de un convenio, se tiene como prop\u00f3sito aprovechar la cercan\u00eda territorial y la complementariedad de atractivos tur\u00edsticos entre ambas capitales en un corredor regional atractivo para visitantes mexicanos e internacionales, especialmente ante la afluencia tur\u00edstica esperada rumbo a la Copa Mundial de la FIFA 2026.<\/p>\n\n\n\n<p>\u201cSaltillo y Monterrey son ciudades que se complementan y que mejor que como autoridades podamos poner condiciones para que se hagan y que se manifiesten, se estructuren y se fortalezcan a trav\u00e9s de este convenio que estoy seguro que va a servir para potenciar a\u00fan m\u00e1s lo que las mismas ciudades, por su naturaleza, han desarrollado\u201d, dijo De la Garza.<\/p>\n\n\n\n<p>Confi\u00f3 en que, as\u00ed como el mundial colocar\u00e1 a Monterrey en un aparador global, tambi\u00e9n beneficie a la capital del vecino estado de Coahuila.<\/p>\n\n\n\n<p>Durante el encuentro, ambos ediles coincidieron en la importancia de fortalecer la coordinaci\u00f3n intermunicipal para maximizar beneficios econ\u00f3micos, culturales y de proyecci\u00f3n internacional, posicionando a Monterrey y Saltillo como destinos estrat\u00e9gicos del norte de la Rep\u00fablica.<\/p>\n\n\n\n<p>\u201cLa firma de este convenio viene a dar el primer paso de una relaci\u00f3n muy fruct\u00edfera, no solamente en materia tur\u00edstica, sino en otro tipo de \u00e1reas que vamos a poder seguir consolidando\u201d, afirm\u00f3 Javier D\u00edaz.<\/p>\n\n\n\n<p>La alianza contempla acciones conjuntas de promoci\u00f3n, intercambio cultural, coordinaci\u00f3n log\u00edstica para grandes eventos y el fortalecimiento de pol\u00edticas p\u00fablicas que impulsen la econom\u00eda local, el sector servicios y la identidad de ambas ciudades.<\/p>\n\n\n\n<p>Por parte de Monterrey estuvieron en la firma del convenio; Ximena Tamariz Garc\u00eda, secretaria de Desarrollo Econ\u00f3mico; H\u00e9ctor Antonio Galv\u00e1n Ancira, director de Asuntos Jur\u00eddicos de la Secretar\u00eda del Ayuntamiento; y Arturo Alejandro Cant\u00fa Gonz\u00e1lez, director de Turismo.<\/p>\n\n\n\n<p>De Saltillo acudieron Francisco C\u00e9sar Iv\u00e1n Moreno Aguirre, jefe de Gabinete y Proyectos Estrat\u00e9gicos; Francisco Saracho Navarro, secretario del Ayuntamiento; y Lydia Mar\u00eda Gonz\u00e1lez Rodr\u00edguez, titular de Turismo.<\/p>\n\n\n\n<p>Con este acuerdo, Monterrey y Saltillo refrendan su compromiso de trabajar de manera coordinada para consolidar una regi\u00f3n competitiva, atractiva y preparada para recibir eventos de talla internacional, impulsando el bienestar y desarrollo de sus comunidades.<\/p>\n\n\n\n<figure class=\"wp-block-video\"><video controls src=\"https:\/\/digitalreportmx.com\/wp-content\/uploads\/2026\/01\/VID-20260114-WA0170.mp4\"><\/video><\/figure>\n","protected":false},"excerpt":{"rendered":"<p>Monterrey Con el objetivo de fortalecer la proyecci\u00f3n tur\u00edstica y cultural de la regi\u00f3n noreste del pa\u00eds, el alcalde de Monterrey, Adri\u00e1n de la Garza, recibi\u00f3 en el Palacio Municipal, a su hom\u00f3logo de Saltillo, Javier D\u00edaz Gonz\u00e1lez, para formalizar una alianza que impulse el desarrollo conjunto de ambas ciudades. Con la firma de un [&hellip;]<\/p>\n","protected":false},"author":1,"featured_media":28422,"comment_status":"open","ping_status":"open","sticky":false,"template":"","format":"standard","meta":{"om_disable_all_campaigns":false,"_monsterinsights_skip_tracking":false,"_monsterinsights_sitenote_active":false,"_monsterinsights_sitenote_note":"","_monsterinsights_sitenote_category":0,"footnotes":""},"categories":[16,13],"tags":[],"class_list":["post-28420","post","type-post","status-publish","format-standard","has-post-thumbnail","hentry","category-relevante-2","category-reporte-local"],"aioseo_notices":[],"_links":{"self":[{"href":"https:\/\/digitalreportmx.com\/index.php\/wp-json\/wp\/v2\/posts\/28420","targetHints":{"allow":["GET"]}}],"collection":[{"href":"https:\/\/digitalreportmx.com\/index.php\/wp-json\/wp\/v2\/posts"}],"about":[{"href":"https:\/\/digitalreportmx.com\/index.php\/wp-json\/wp\/v2\/types\/post"}],"author":[{"embeddable":true,"href":"https:\/\/digitalreportmx.com\/index.php\/wp-json\/wp\/v2\/users\/1"}],"replies":[{"embeddable":true,"href":"https:\/\/digitalreportmx.com\/index.php\/wp-json\/wp\/v2\/comments?post=28420"}],"version-history":[{"count":2,"href":"https:\/\/digitalreportmx.com\/index.php\/wp-json\/wp\/v2\/posts\/28420\/revisions"}],"predecessor-version":[{"id":28424,"href":"https:\/\/digitalreportmx.com\/index.php\/wp-json\/wp\/v2\/posts\/28420\/revisions\/28424"}],"wp:featuredmedia":[{"embeddable":true,"href":"https:\/\/digitalreportmx.com\/index.php\/wp-json\/wp\/v2\/media\/28422"}],"wp:attachment":[{"href":"https:\/\/digitalreportmx.com\/index.php\/wp-json\/wp\/v2\/media?parent=28420"}],"wp:term":[{"taxonomy":"category","embeddable":true,"href":"https:\/\/digitalreportmx.com\/index.php\/wp-json\/wp\/v2\/categories?post=28420"},{"taxonomy":"post_tag","embeddable":true,"href":"https:\/\/digitalreportmx.com\/index.php\/wp-json\/wp\/v2\/tags?post=28420"}],"curies":[{"name":"wp","href":"https:\/\/api.w.org\/{rel}","templated":true}]}}