{"id":28577,"date":"2026-01-17T00:35:44","date_gmt":"2026-01-17T06:35:44","guid":{"rendered":"https:\/\/digitalreportmx.com\/?p=28577"},"modified":"2026-01-17T00:47:37","modified_gmt":"2026-01-17T06:47:37","slug":"arrancan-obras-del-parque-lineal-hacia-fundidora","status":"publish","type":"post","link":"https:\/\/digitalreportmx.com\/index.php\/2026\/01\/17\/arrancan-obras-del-parque-lineal-hacia-fundidora\/","title":{"rendered":"Arrancan obras del Parque Lineal hacia Fundidora"},"content":{"rendered":"\n<p> <kbd>Guadalupe<\/kbd>, Nuevo Le\u00f3n<\/p>\n\n\n\n<p>El Gobernador Samuel Alejandro Garc\u00eda Sep\u00falveda arranc\u00f3 las obras de construcci\u00f3n del Parque Lineal Palacio Federal-Fundidora y supervis\u00f3 el Parque Lineal en Avenida Constituci\u00f3n, que unir\u00e1n la Torre Rice con el Estadio de los Rayados, a trav\u00e9s del Parque Fundidora y el Corredor Verde. <\/p>\n\n\n\n<p>En el Parque Lineal de Guadalupe, se ubicar\u00e1 sobre las avenidas Morones Prieto y Churubusco, el Mandatario estatal se\u00f1al\u00f3 que con estas obras se embellecer\u00e1 la ciudad con la reforestaci\u00f3n y la recuperaci\u00f3n de carriles que mejorar\u00e1n la vialidad.<\/p>\n\n\n\n<p>\u201cHoy toda la gente de Guadalupe, de Ju\u00e1rez se puede venir en Metro, bajan en la estaci\u00f3n Palacio y se pueden ir caminando hasta Fundidora Fanfest o hasta el Estadio de Rayados\u201d, expres\u00f3.<\/p>\n\n\n\n<p>\u201cIgualmente toda la gente de Monterrey, del centro, se puede ir caminando ahora al Parque Lineal de Constituci\u00f3n, puede bajarse en Obispado, en el Issste, Venustiano Carranza, en el Puente del Papa, en los nuevos puentes que vamos a hacer, en Barrio Antiguo, caminas con una vista preciosa a nuestro r\u00edo y puedes llegar a Fundidora, al Fan Fest o al estadio v\u00eda el Puente Verde\u201d, agreg\u00f3. <\/p>\n\n\n\n<figure class=\"wp-block-image size-large\"><img loading=\"lazy\" decoding=\"async\" width=\"1024\" height=\"683\" src=\"https:\/\/digitalreportmx.com\/wp-content\/uploads\/2026\/01\/IMG_5812-1-1024x683.jpg\" alt=\"\" class=\"wp-image-28580\" srcset=\"https:\/\/digitalreportmx.com\/wp-content\/uploads\/2026\/01\/IMG_5812-1-1024x683.jpg 1024w, https:\/\/digitalreportmx.com\/wp-content\/uploads\/2026\/01\/IMG_5812-1-300x200.jpg 300w, https:\/\/digitalreportmx.com\/wp-content\/uploads\/2026\/01\/IMG_5812-1-768x512.jpg 768w, https:\/\/digitalreportmx.com\/wp-content\/uploads\/2026\/01\/IMG_5812-1-1536x1024.jpg 1536w, https:\/\/digitalreportmx.com\/wp-content\/uploads\/2026\/01\/IMG_5812-1-2048x1365.jpg 2048w\" sizes=\"auto, (max-width: 1024px) 100vw, 1024px\" \/><\/figure>\n\n\n\n<p>El Subsecretario de Infraestructura, Jos\u00e9 Francisco Ibarg\u00fcengoytia explic\u00f3 que el proyecto consiste en la construcci\u00f3n de un andador peatonal de movilidad no motorizada y rehabilitaci\u00f3n de calle que permita el traslado de manera r\u00e1pida y segura desde la Estaci\u00f3n del Metro Eloy Cavazos al acceso A6 del Parque Fundidora. <\/p>\n\n\n\n<p>De una longitud de1.82 kil\u00f3metros, el Parque Lineal Palacio Federal-Fundidora tendr\u00e1 un impacto social de m\u00e1s de 5 mil 250 beneficiarios. <\/p>\n\n\n\n<p>Posteriormente, el Gobernador supervis\u00f3 los trabajos del Parque Lineal Av. Constituci\u00f3n, donde record\u00f3 que estos espacios permanecieron por a\u00f1os en el abandono, con basura, hierba y carriles desaprovechados. <\/p>\n\n\n\n<figure class=\"wp-block-image size-large\"><img loading=\"lazy\" decoding=\"async\" width=\"1024\" height=\"683\" src=\"https:\/\/digitalreportmx.com\/wp-content\/uploads\/2026\/01\/IMG_5828-1024x683.jpg\" alt=\"\" class=\"wp-image-28581\" srcset=\"https:\/\/digitalreportmx.com\/wp-content\/uploads\/2026\/01\/IMG_5828-1024x683.jpg 1024w, https:\/\/digitalreportmx.com\/wp-content\/uploads\/2026\/01\/IMG_5828-300x200.jpg 300w, https:\/\/digitalreportmx.com\/wp-content\/uploads\/2026\/01\/IMG_5828-768x512.jpg 768w, https:\/\/digitalreportmx.com\/wp-content\/uploads\/2026\/01\/IMG_5828-1536x1024.jpg 1536w, https:\/\/digitalreportmx.com\/wp-content\/uploads\/2026\/01\/IMG_5828-2048x1365.jpg 2048w\" sizes=\"auto, (max-width: 1024px) 100vw, 1024px\" \/><\/figure>\n\n\n\n<p>Al recorrer la zona, se\u00f1al\u00f3 que, desde el inicio de su Administraci\u00f3n, se instruy\u00f3 a la Secretar\u00eda de Movilidad a transformar la zona con una visi\u00f3n de ciudad de primer mundo, dando paso a las L\u00edneas 4 y 6, las m\u00e1s largas del continente, conectando San Jer\u00f3nimo con el Aeropuerto. <\/p>\n\n\n\n<p>\u201cEn un espacio que estaba tirado y desaprovechado, hoy ya se ven columnas, viaducto y estaciones; y abajo del Metro vamos a tener un parque lineal de siete kil\u00f3metros\u201d, mencion\u00f3 el Ejecutivo estatal. <\/p>\n\n\n\n<p>La obra desarrolla un corredor de movilidad no motorizada de m\u00e1s de seis kil\u00f3metros, incluyendo andadores peatonales, \u00e1reas verdes, iluminaci\u00f3n, accesibilidad universal, mobiliario urbano y se\u00f1alizaci\u00f3n. <\/p>\n\n\n\n<figure class=\"wp-block-image size-large\"><img loading=\"lazy\" decoding=\"async\" width=\"1024\" height=\"683\" src=\"https:\/\/digitalreportmx.com\/wp-content\/uploads\/2026\/01\/IMG_8858-1024x683.jpg\" alt=\"\" class=\"wp-image-28582\" srcset=\"https:\/\/digitalreportmx.com\/wp-content\/uploads\/2026\/01\/IMG_8858-1024x683.jpg 1024w, https:\/\/digitalreportmx.com\/wp-content\/uploads\/2026\/01\/IMG_8858-300x200.jpg 300w, https:\/\/digitalreportmx.com\/wp-content\/uploads\/2026\/01\/IMG_8858-768x512.jpg 768w, https:\/\/digitalreportmx.com\/wp-content\/uploads\/2026\/01\/IMG_8858-1536x1024.jpg 1536w, https:\/\/digitalreportmx.com\/wp-content\/uploads\/2026\/01\/IMG_8858-2048x1365.jpg 2048w\" sizes=\"auto, (max-width: 1024px) 100vw, 1024px\" \/><\/figure>\n\n\n\n<p>El Parque Lineal Av. Constituci\u00f3n beneficiar\u00e1 a 10 mil 250 personas y se desarrolla en seis tramos que conectan zonas clave como Barrio Antiguo, el Palacio Municipal, Fundidora y Obispado.<\/p>\n","protected":false},"excerpt":{"rendered":"<p>Guadalupe, Nuevo Le\u00f3n El Gobernador Samuel Alejandro Garc\u00eda Sep\u00falveda arranc\u00f3 las obras de construcci\u00f3n del Parque Lineal Palacio Federal-Fundidora y supervis\u00f3 el Parque Lineal en Avenida Constituci\u00f3n, que unir\u00e1n la Torre Rice con el Estadio de los Rayados, a trav\u00e9s del Parque Fundidora y el Corredor Verde. En el Parque Lineal de Guadalupe, se ubicar\u00e1 [&hellip;]<\/p>\n","protected":false},"author":1,"featured_media":28578,"comment_status":"open","ping_status":"open","sticky":false,"template":"","format":"standard","meta":{"om_disable_all_campaigns":false,"_monsterinsights_skip_tracking":false,"_monsterinsights_sitenote_active":false,"_monsterinsights_sitenote_note":"","_monsterinsights_sitenote_category":0,"footnotes":""},"categories":[16,13],"tags":[],"class_list":["post-28577","post","type-post","status-publish","format-standard","has-post-thumbnail","hentry","category-relevante-2","category-reporte-local"],"aioseo_notices":[],"_links":{"self":[{"href":"https:\/\/digitalreportmx.com\/index.php\/wp-json\/wp\/v2\/posts\/28577","targetHints":{"allow":["GET"]}}],"collection":[{"href":"https:\/\/digitalreportmx.com\/index.php\/wp-json\/wp\/v2\/posts"}],"about":[{"href":"https:\/\/digitalreportmx.com\/index.php\/wp-json\/wp\/v2\/types\/post"}],"author":[{"embeddable":true,"href":"https:\/\/digitalreportmx.com\/index.php\/wp-json\/wp\/v2\/users\/1"}],"replies":[{"embeddable":true,"href":"https:\/\/digitalreportmx.com\/index.php\/wp-json\/wp\/v2\/comments?post=28577"}],"version-history":[{"count":2,"href":"https:\/\/digitalreportmx.com\/index.php\/wp-json\/wp\/v2\/posts\/28577\/revisions"}],"predecessor-version":[{"id":28585,"href":"https:\/\/digitalreportmx.com\/index.php\/wp-json\/wp\/v2\/posts\/28577\/revisions\/28585"}],"wp:featuredmedia":[{"embeddable":true,"href":"https:\/\/digitalreportmx.com\/index.php\/wp-json\/wp\/v2\/media\/28578"}],"wp:attachment":[{"href":"https:\/\/digitalreportmx.com\/index.php\/wp-json\/wp\/v2\/media?parent=28577"}],"wp:term":[{"taxonomy":"category","embeddable":true,"href":"https:\/\/digitalreportmx.com\/index.php\/wp-json\/wp\/v2\/categories?post=28577"},{"taxonomy":"post_tag","embeddable":true,"href":"https:\/\/digitalreportmx.com\/index.php\/wp-json\/wp\/v2\/tags?post=28577"}],"curies":[{"name":"wp","href":"https:\/\/api.w.org\/{rel}","templated":true}]}}