{"id":28620,"date":"2026-01-17T15:49:51","date_gmt":"2026-01-17T21:49:51","guid":{"rendered":"https:\/\/digitalreportmx.com\/?p=28620"},"modified":"2026-01-17T20:44:22","modified_gmt":"2026-01-18T02:44:22","slug":"conviven-leyendas-del-futbol-con-jovenes-con-discapacidad","status":"publish","type":"post","link":"https:\/\/digitalreportmx.com\/index.php\/2026\/01\/17\/conviven-leyendas-del-futbol-con-jovenes-con-discapacidad\/","title":{"rendered":"Conviven leyendas del futbol y chavos especiales"},"content":{"rendered":"\n<p><kbd>San Pedro Garza Garc\u00eda <\/kbd><\/p>\n\n\n\n<p>Un partido inclusivo reuni\u00f3 en San Pedro Garza Garc\u00eda a \u201cleyendas\u201d del futbol mexicano e internacional y a jugadores del deporte adaptado Powerchair, en una jornada que promovi\u00f3 la inclusi\u00f3n, la convivencia y el respeto a trav\u00e9s del deporte,<\/p>\n\n\n\n<p>Previo al encuentro realizado en las instalaciones del Colegio Irland\u00e9s, el Alcalde de San Pedro, Mauricio Farah Giacom\u00e1n, destac\u00f3 la importancia de impulsar actividades deportivas incluyentes que fomenten la integraci\u00f3n social y brinden igualdad de oportunidades para ni\u00f1as, ni\u00f1os y j\u00f3venes con discapacidad.<\/p>\n\n\n\n<figure class=\"wp-block-image size-large\"><img loading=\"lazy\" decoding=\"async\" width=\"1024\" height=\"683\" src=\"https:\/\/digitalreportmx.com\/wp-content\/uploads\/2026\/01\/IMG-20260117-WA0072-1024x683.jpg\" alt=\"\" class=\"wp-image-28623\" srcset=\"https:\/\/digitalreportmx.com\/wp-content\/uploads\/2026\/01\/IMG-20260117-WA0072-1024x683.jpg 1024w, https:\/\/digitalreportmx.com\/wp-content\/uploads\/2026\/01\/IMG-20260117-WA0072-300x200.jpg 300w, https:\/\/digitalreportmx.com\/wp-content\/uploads\/2026\/01\/IMG-20260117-WA0072-768x512.jpg 768w, https:\/\/digitalreportmx.com\/wp-content\/uploads\/2026\/01\/IMG-20260117-WA0072-1536x1024.jpg 1536w, https:\/\/digitalreportmx.com\/wp-content\/uploads\/2026\/01\/IMG-20260117-WA0072-2048x1366.jpg 2048w\" sizes=\"auto, (max-width: 1024px) 100vw, 1024px\" \/><\/figure>\n\n\n\n<p>\u201cEl deporte no discrimina, no tiene fronteras, y de esta manera, con esta inclusi\u00f3n. Yo creo que es un orgullo para los ni\u00f1os que participen en este juego\u201d.<\/p>\n\n\n\n<p>Asimismo, el Alcalde reconoci\u00f3 el trabajo de las organizaciones e instituciones que hicieron posible esta actividad.<\/p>\n\n\n\n<figure class=\"wp-block-image size-large\"><img loading=\"lazy\" decoding=\"async\" width=\"1024\" height=\"683\" src=\"https:\/\/digitalreportmx.com\/wp-content\/uploads\/2026\/01\/IMG-20260117-WA0078-1024x683.jpg\" alt=\"\" class=\"wp-image-28624\" srcset=\"https:\/\/digitalreportmx.com\/wp-content\/uploads\/2026\/01\/IMG-20260117-WA0078-1024x683.jpg 1024w, https:\/\/digitalreportmx.com\/wp-content\/uploads\/2026\/01\/IMG-20260117-WA0078-300x200.jpg 300w, https:\/\/digitalreportmx.com\/wp-content\/uploads\/2026\/01\/IMG-20260117-WA0078-768x512.jpg 768w, https:\/\/digitalreportmx.com\/wp-content\/uploads\/2026\/01\/IMG-20260117-WA0078-1536x1024.jpg 1536w, https:\/\/digitalreportmx.com\/wp-content\/uploads\/2026\/01\/IMG-20260117-WA0078-2048x1366.jpg 2048w\" sizes=\"auto, (max-width: 1024px) 100vw, 1024px\" \/><\/figure>\n\n\n\n<p>\u201cQuiero agradecerle much\u00edsimo a Powerchair por esta oportunidad, y por comunicarnos a todo el mundo, y agradecerles mucho al Colegio Irland\u00e9s por prestarnos las instalaciones\u201d, expres\u00f3.<\/p>\n\n\n\n<p>Durante el encuentro, figuras del futbol como Pepe, Caf\u00fa y Luis Hern\u00e1ndez \u201cEl Matador\u201d, as\u00ed como Mois\u00e9s Mu\u00f1oz y otras \u201cleyendas\u201d, compartieron la cancha y sus experiencias con los jugadores de Powerchair, enviando un mensaje de inclusi\u00f3n, respeto y superaci\u00f3n a trav\u00e9s del deporte.<\/p>\n\n\n\n<p>La actividad se llev\u00f3 a cabo en el marco del \u201cJuego de Leyendas\u201d y previo al Mundial que se realizar\u00e1 en M\u00e9xico durante el verano, contexto en el que el Alcalde Farah Giacom\u00e1n se\u00f1al\u00f3 que San Pedro est\u00e1 preparado para recibir a visitantes nacionales e internacionales.<\/p>\n\n\n\n<figure class=\"wp-block-image size-large\"><img loading=\"lazy\" decoding=\"async\" width=\"1024\" height=\"683\" src=\"https:\/\/digitalreportmx.com\/wp-content\/uploads\/2026\/01\/IMG-20260117-WA0076-1024x683.jpg\" alt=\"\" class=\"wp-image-28626\" srcset=\"https:\/\/digitalreportmx.com\/wp-content\/uploads\/2026\/01\/IMG-20260117-WA0076-1024x683.jpg 1024w, https:\/\/digitalreportmx.com\/wp-content\/uploads\/2026\/01\/IMG-20260117-WA0076-300x200.jpg 300w, https:\/\/digitalreportmx.com\/wp-content\/uploads\/2026\/01\/IMG-20260117-WA0076-768x512.jpg 768w, https:\/\/digitalreportmx.com\/wp-content\/uploads\/2026\/01\/IMG-20260117-WA0076-1536x1024.jpg 1536w, https:\/\/digitalreportmx.com\/wp-content\/uploads\/2026\/01\/IMG-20260117-WA0076-2048x1366.jpg 2048w\" sizes=\"auto, (max-width: 1024px) 100vw, 1024px\" \/><\/figure>\n\n\n\n<p>\u201cEstamos listos para recibir a todo el mundo, estamos listos para recibir al mundo, y en temas de seguridad, esta es la ciudad m\u00e1s segura, vamos a decir, en la capacidad hotelera, estamos preparados en el esparcimiento que podr\u00e1n tener tambi\u00e9n para los visitantes\u201d, enfatiz\u00f3.<\/p>\n\n\n\n<p>La jornada transcurri\u00f3 en un ambiente de entusiasmo y compa\u00f1erismo, en el que se hizo visible el impacto positivo del deporte adaptado y la inspiraci\u00f3n que generan este tipo de encuentros entre \u00eddolos del futbol y nuevas generaciones.<\/p>\n\n\n\n<figure class=\"wp-block-video\"><video controls src=\"https:\/\/digitalreportmx.com\/wp-content\/uploads\/2026\/01\/VID-20260117-WA0079.mp4\"><\/video><\/figure>\n","protected":false},"excerpt":{"rendered":"<p>San Pedro Garza Garc\u00eda Un partido inclusivo reuni\u00f3 en San Pedro Garza Garc\u00eda a \u201cleyendas\u201d del futbol mexicano e internacional y a jugadores del deporte adaptado Powerchair, en una jornada que promovi\u00f3 la inclusi\u00f3n, la convivencia y el respeto a trav\u00e9s del deporte, Previo al encuentro realizado en las instalaciones del Colegio Irland\u00e9s, el Alcalde [&hellip;]<\/p>\n","protected":false},"author":1,"featured_media":28621,"comment_status":"open","ping_status":"open","sticky":false,"template":"","format":"standard","meta":{"om_disable_all_campaigns":false,"_monsterinsights_skip_tracking":false,"_monsterinsights_sitenote_active":false,"_monsterinsights_sitenote_note":"","_monsterinsights_sitenote_category":0,"footnotes":""},"categories":[16,9],"tags":[],"class_list":["post-28620","post","type-post","status-publish","format-standard","has-post-thumbnail","hentry","category-relevante-2","category-sports"],"aioseo_notices":[],"_links":{"self":[{"href":"https:\/\/digitalreportmx.com\/index.php\/wp-json\/wp\/v2\/posts\/28620","targetHints":{"allow":["GET"]}}],"collection":[{"href":"https:\/\/digitalreportmx.com\/index.php\/wp-json\/wp\/v2\/posts"}],"about":[{"href":"https:\/\/digitalreportmx.com\/index.php\/wp-json\/wp\/v2\/types\/post"}],"author":[{"embeddable":true,"href":"https:\/\/digitalreportmx.com\/index.php\/wp-json\/wp\/v2\/users\/1"}],"replies":[{"embeddable":true,"href":"https:\/\/digitalreportmx.com\/index.php\/wp-json\/wp\/v2\/comments?post=28620"}],"version-history":[{"count":5,"href":"https:\/\/digitalreportmx.com\/index.php\/wp-json\/wp\/v2\/posts\/28620\/revisions"}],"predecessor-version":[{"id":28640,"href":"https:\/\/digitalreportmx.com\/index.php\/wp-json\/wp\/v2\/posts\/28620\/revisions\/28640"}],"wp:featuredmedia":[{"embeddable":true,"href":"https:\/\/digitalreportmx.com\/index.php\/wp-json\/wp\/v2\/media\/28621"}],"wp:attachment":[{"href":"https:\/\/digitalreportmx.com\/index.php\/wp-json\/wp\/v2\/media?parent=28620"}],"wp:term":[{"taxonomy":"category","embeddable":true,"href":"https:\/\/digitalreportmx.com\/index.php\/wp-json\/wp\/v2\/categories?post=28620"},{"taxonomy":"post_tag","embeddable":true,"href":"https:\/\/digitalreportmx.com\/index.php\/wp-json\/wp\/v2\/tags?post=28620"}],"curies":[{"name":"wp","href":"https:\/\/api.w.org\/{rel}","templated":true}]}}