{"id":28950,"date":"2026-01-22T10:36:52","date_gmt":"2026-01-22T16:36:52","guid":{"rendered":"https:\/\/digitalreportmx.com\/?p=28950"},"modified":"2026-01-22T12:16:42","modified_gmt":"2026-01-22T18:16:42","slug":"busca-arquidiocesis-fortalecer-tejido-social-con-nuevo-templo-parroquial-en-valle-poniente","status":"publish","type":"post","link":"https:\/\/digitalreportmx.com\/index.php\/2026\/01\/22\/busca-arquidiocesis-fortalecer-tejido-social-con-nuevo-templo-parroquial-en-valle-poniente\/","title":{"rendered":"Inician templo dise\u00f1ado por arquitecta Tatiana Bilbao"},"content":{"rendered":"\n<p><kbd>San Pedro Garza Garc\u00eda,<\/kbd><strong> Nuevo Le\u00f3n<\/strong><\/p>\n\n\n\n<p>En busca fortalecer el tejido social y la identidad comunitaria en Valle Poniente, la Arquidi\u00f3cesis de Monterrey inici\u00f3 la construcci\u00f3n de un nuevo espacio de fe, dise\u00f1ado por la afamada arquitecta mexicana Tatiana Bilbao.<\/p>\n\n\n\n<p>El espacio de lo que ser\u00e1 la parroquia San Jos\u00e9 est\u00e1 ubicado en la zona de Valle Poniente, sobre la avenida Jos\u00e9 Calder\u00f3n, en la colonia Jes\u00fas M. Garza, a un lado del estacionamiento Franca y frente al campus de la Universidad de Monterrey.<\/p>\n\n\n\n<p>La ceremonia de la colocaci\u00f3n de la primera piedra de la parroquia se realiz\u00f3 la ma\u00f1ana de este mi\u00e9rcoles 21 de enero, con la participaci\u00f3n de monse\u00f1or Rogelio Cabrera L\u00f3pez, arzobispo de Monterrey; \u00c1lvaro Fern\u00e1ndez Garza, en representaci\u00f3n de la familia Fern\u00e1ndez Garza; Juan Carlos Calder\u00f3n, representante de la familia Calder\u00f3n; la arquitecta Tatiana Bilbao, encargada del proyecto arquitect\u00f3nico; as\u00ed como el sacerdote Santiago P\u00e9rez Santana.&nbsp;<\/p>\n\n\n\n<figure class=\"wp-block-image size-full\"><img loading=\"lazy\" decoding=\"async\" width=\"900\" height=\"600\" src=\"https:\/\/digitalreportmx.com\/wp-content\/uploads\/2026\/01\/primera-piedra-del-proyecto-parroquia-San-Jose.jpg\" alt=\"\" class=\"wp-image-28956\" srcset=\"https:\/\/digitalreportmx.com\/wp-content\/uploads\/2026\/01\/primera-piedra-del-proyecto-parroquia-San-Jose.jpg 900w, https:\/\/digitalreportmx.com\/wp-content\/uploads\/2026\/01\/primera-piedra-del-proyecto-parroquia-San-Jose-300x200.jpg 300w, https:\/\/digitalreportmx.com\/wp-content\/uploads\/2026\/01\/primera-piedra-del-proyecto-parroquia-San-Jose-768x512.jpg 768w\" sizes=\"auto, (max-width: 900px) 100vw, 900px\" \/><\/figure>\n\n\n\n<p>Durante la ceremonia, el arzobispo de Monterrey reflexion\u00f3 sobre la constante llegada de nuevos habitantes al estado, situaci\u00f3n que gener\u00f3 una demanda sin precedentes de servicios b\u00e1sicos y de diversos espacios dedicados al culto religioso.<\/p>\n\n\n\n<p>El prelado record\u00f3 sus inicios en la di\u00f3cesis y c\u00f3mo impuls\u00f3 el concepto de comunidades espirituales activas a pesar de carecer inicialmente de infraestructuras f\u00edsicas en los municipios perif\u00e9ricos con mayor \u00edndice de rezago.<\/p>\n\n\n\n<p>Monse\u00f1or Cabrera L\u00f3pez destac\u00f3 que el nuevo templo llevar\u00e1 el nombre de San Jos\u00e9, enfatizando que el recinto ser\u00e1 un punto de encuentro humano esencial para superar las divisiones actuales observadas en la estructura de la sociedad.<\/p>\n\n\n\n<figure class=\"wp-block-image size-full\"><img loading=\"lazy\" decoding=\"async\" width=\"900\" height=\"600\" src=\"https:\/\/digitalreportmx.com\/wp-content\/uploads\/2026\/01\/Alvaro-Fernandez-Garza-en-representacion-de-la-familia-Fernandez-Garza_-Rogelio-Cabrera-Lopez-arzobispo-de-Monterrey-y-Juan-Carlos-Calderon-representante-de-la-familia-Calderon.jpg\" alt=\"\" class=\"wp-image-28957\" srcset=\"https:\/\/digitalreportmx.com\/wp-content\/uploads\/2026\/01\/Alvaro-Fernandez-Garza-en-representacion-de-la-familia-Fernandez-Garza_-Rogelio-Cabrera-Lopez-arzobispo-de-Monterrey-y-Juan-Carlos-Calderon-representante-de-la-familia-Calderon.jpg 900w, https:\/\/digitalreportmx.com\/wp-content\/uploads\/2026\/01\/Alvaro-Fernandez-Garza-en-representacion-de-la-familia-Fernandez-Garza_-Rogelio-Cabrera-Lopez-arzobispo-de-Monterrey-y-Juan-Carlos-Calderon-representante-de-la-familia-Calderon-300x200.jpg 300w, https:\/\/digitalreportmx.com\/wp-content\/uploads\/2026\/01\/Alvaro-Fernandez-Garza-en-representacion-de-la-familia-Fernandez-Garza_-Rogelio-Cabrera-Lopez-arzobispo-de-Monterrey-y-Juan-Carlos-Calderon-representante-de-la-familia-Calderon-768x512.jpg 768w\" sizes=\"auto, (max-width: 900px) 100vw, 900px\" \/><\/figure>\n\n\n\n<p>\u201cLa primera piedra es la oportunidad de mirar hacia adelante. El templo material es importante como lo es la casa, pero sabemos que lo m\u00e1s importante es lo que ocurre en un hogar\u201d, afirm\u00f3.<\/p>\n\n\n\n<p>Por su parte, la arquitecta Tatiana Bilbao explic\u00f3 que el dise\u00f1o arquitect\u00f3nico de la parroquia fue el resultado de un an\u00e1lisis profundo sobre las condiciones clim\u00e1ticas extremas y la geograf\u00eda accidentada de la zona mencionada.<\/p>\n\n\n\n<p>\u201cLo que celebramos hoy es el acto simb\u00f3lico de colocar la primera piedra para el comienzo de un proceso colectivo, el inicio de una obra que se construir\u00e1 con el tiempo y el trabajo\u201d, manifest\u00f3.<\/p>\n\n\n\n<p>La proyectista subray\u00f3 que la construcci\u00f3n no fue planeada como un objeto aislado, sino como una respuesta \u00e9tica para integrar el entorno urbano con la imponente presencia natural que ofrece la Sierra Madre.<\/p>\n\n\n\n<p>\u201cEste proyecto nace con la intenci\u00f3n de echar ra\u00edces y de crecer junto a ustedes. Para nosotros empezar este proyecto en Santa Catarina no fue un ejercicio de dibujo, sino de escucha\u201d, detall\u00f3 Bilbao.<\/p>\n\n\n\n<figure class=\"wp-block-image size-full\"><img loading=\"lazy\" decoding=\"async\" width=\"900\" height=\"600\" src=\"https:\/\/digitalreportmx.com\/wp-content\/uploads\/2026\/01\/Arquitecta-Tatiana-Bilbao-encargada-del-proyecto-arquitectonico.jpg\" alt=\"\" class=\"wp-image-28958\" srcset=\"https:\/\/digitalreportmx.com\/wp-content\/uploads\/2026\/01\/Arquitecta-Tatiana-Bilbao-encargada-del-proyecto-arquitectonico.jpg 900w, https:\/\/digitalreportmx.com\/wp-content\/uploads\/2026\/01\/Arquitecta-Tatiana-Bilbao-encargada-del-proyecto-arquitectonico-300x200.jpg 300w, https:\/\/digitalreportmx.com\/wp-content\/uploads\/2026\/01\/Arquitecta-Tatiana-Bilbao-encargada-del-proyecto-arquitectonico-768x512.jpg 768w\" sizes=\"auto, (max-width: 900px) 100vw, 900px\" \/><\/figure>\n\n\n\n<p>La especialista detall\u00f3 que el complejo incluir\u00e1 una plaza, oficinas y salas comunitarias, aprovechando la pendiente del terreno para crear una fluidez natural entre los espacios de culto y las \u00e1reas de servicio vecinal.<\/p>\n\n\n\n<p>\u201c\u00bfC\u00f3mo puede la arquitectura proteger y dignificar el cuerpo de una comunidad que habita este lugar? La arquitectura es un conjunto de elementos que proveen una forma esencial de cuidado para nuestros cuerpos f\u00edsicos\u201d, sostuvo.<\/p>\n\n\n\n<figure class=\"wp-block-image size-full\"><img loading=\"lazy\" decoding=\"async\" width=\"900\" height=\"600\" src=\"https:\/\/digitalreportmx.com\/wp-content\/uploads\/2026\/01\/ceremonia-de-la-colocacion-de-la-primera-piedra-de-la-parroquia-San-Jose.jpg\" alt=\"\" class=\"wp-image-28960\" srcset=\"https:\/\/digitalreportmx.com\/wp-content\/uploads\/2026\/01\/ceremonia-de-la-colocacion-de-la-primera-piedra-de-la-parroquia-San-Jose.jpg 900w, https:\/\/digitalreportmx.com\/wp-content\/uploads\/2026\/01\/ceremonia-de-la-colocacion-de-la-primera-piedra-de-la-parroquia-San-Jose-300x200.jpg 300w, https:\/\/digitalreportmx.com\/wp-content\/uploads\/2026\/01\/ceremonia-de-la-colocacion-de-la-primera-piedra-de-la-parroquia-San-Jose-768x512.jpg 768w\" sizes=\"auto, (max-width: 900px) 100vw, 900px\" \/><\/figure>\n\n\n\n<p>Finalmente, Bilbao describi\u00f3 la jerarqu\u00eda visual del conjunto, donde el templo principal destacar\u00e1 sobre las dem\u00e1s estructuras para ofrecer una transici\u00f3n armoniosa desde el bullicio del tr\u00e1fico hacia la serenidad de la interioridad.<\/p>\n\n\n\n<p>\u201cDesde lejos, la iglesia es el \u00fanico elemento que se eleva, marcando su jerarqu\u00eda espiritual a escala humana. Buscamos la interioridad, protegerse del ruido, del tr\u00e1fico y del calor\u201d, concluy\u00f3 la reconocida arquitecta mexicana.<\/p>\n\n\n\n<p>Al final, el presidium realiz\u00f3 el acto de la colocaci\u00f3n de la primera piedra y, posteriormente, los invitados asistentes hicieron un recorrido por una exposici\u00f3n integrada por renders del proyecto arquitect\u00f3nico y maquetas.&nbsp;<\/p>\n\n\n\n<figure class=\"wp-block-image size-full\"><img loading=\"lazy\" decoding=\"async\" width=\"478\" height=\"600\" src=\"https:\/\/digitalreportmx.com\/wp-content\/uploads\/2026\/01\/Interiores-parroquia-San-Jose.jpg\" alt=\"\" class=\"wp-image-28961\" srcset=\"https:\/\/digitalreportmx.com\/wp-content\/uploads\/2026\/01\/Interiores-parroquia-San-Jose.jpg 478w, https:\/\/digitalreportmx.com\/wp-content\/uploads\/2026\/01\/Interiores-parroquia-San-Jose-239x300.jpg 239w\" sizes=\"auto, (max-width: 478px) 100vw, 478px\" \/><\/figure>\n","protected":false},"excerpt":{"rendered":"<p>San Pedro Garza Garc\u00eda, Nuevo Le\u00f3n En busca fortalecer el tejido social y la identidad comunitaria en Valle Poniente, la Arquidi\u00f3cesis de Monterrey inici\u00f3 la construcci\u00f3n de un nuevo espacio de fe, dise\u00f1ado por la afamada arquitecta mexicana Tatiana Bilbao. El espacio de lo que ser\u00e1 la parroquia San Jos\u00e9 est\u00e1 ubicado en la zona [&hellip;]<\/p>\n","protected":false},"author":1,"featured_media":28951,"comment_status":"open","ping_status":"open","sticky":false,"template":"","format":"standard","meta":{"om_disable_all_campaigns":false,"_monsterinsights_skip_tracking":false,"_monsterinsights_sitenote_active":false,"_monsterinsights_sitenote_note":"","_monsterinsights_sitenote_category":0,"footnotes":""},"categories":[12,16],"tags":[],"class_list":["post-28950","post","type-post","status-publish","format-standard","has-post-thumbnail","hentry","category-cooltura","category-relevante-2"],"aioseo_notices":[],"_links":{"self":[{"href":"https:\/\/digitalreportmx.com\/index.php\/wp-json\/wp\/v2\/posts\/28950","targetHints":{"allow":["GET"]}}],"collection":[{"href":"https:\/\/digitalreportmx.com\/index.php\/wp-json\/wp\/v2\/posts"}],"about":[{"href":"https:\/\/digitalreportmx.com\/index.php\/wp-json\/wp\/v2\/types\/post"}],"author":[{"embeddable":true,"href":"https:\/\/digitalreportmx.com\/index.php\/wp-json\/wp\/v2\/users\/1"}],"replies":[{"embeddable":true,"href":"https:\/\/digitalreportmx.com\/index.php\/wp-json\/wp\/v2\/comments?post=28950"}],"version-history":[{"count":6,"href":"https:\/\/digitalreportmx.com\/index.php\/wp-json\/wp\/v2\/posts\/28950\/revisions"}],"predecessor-version":[{"id":28965,"href":"https:\/\/digitalreportmx.com\/index.php\/wp-json\/wp\/v2\/posts\/28950\/revisions\/28965"}],"wp:featuredmedia":[{"embeddable":true,"href":"https:\/\/digitalreportmx.com\/index.php\/wp-json\/wp\/v2\/media\/28951"}],"wp:attachment":[{"href":"https:\/\/digitalreportmx.com\/index.php\/wp-json\/wp\/v2\/media?parent=28950"}],"wp:term":[{"taxonomy":"category","embeddable":true,"href":"https:\/\/digitalreportmx.com\/index.php\/wp-json\/wp\/v2\/categories?post=28950"},{"taxonomy":"post_tag","embeddable":true,"href":"https:\/\/digitalreportmx.com\/index.php\/wp-json\/wp\/v2\/tags?post=28950"}],"curies":[{"name":"wp","href":"https:\/\/api.w.org\/{rel}","templated":true}]}}