{"id":29176,"date":"2026-01-25T20:47:33","date_gmt":"2026-01-26T02:47:33","guid":{"rendered":"https:\/\/digitalreportmx.com\/?p=29176"},"modified":"2026-01-25T20:51:02","modified_gmt":"2026-01-26T02:51:02","slug":"montan-en-cdmx-ruta-de-las-empresas-como-punto-de-encuentro","status":"publish","type":"post","link":"https:\/\/digitalreportmx.com\/index.php\/2026\/01\/25\/montan-en-cdmx-ruta-de-las-empresas-como-punto-de-encuentro\/","title":{"rendered":"Es la Ruta de las Empresas un punto de encuentro"},"content":{"rendered":"\n<p><strong>Ciudad de M\u00e9xico<\/strong><\/p>\n\n\n\n<p>El d\u00eda de hoy se llev\u00f3 a cabo la inauguraci\u00f3n de la Exposici\u00f3n de Arte \u201cRuta de las Empresas\u201d conformada por esculturas en forma de mundo, que muestran las principales acciones de responsabilidad social que realizan 17 destacadas empresas de diversos sectores.<\/p>\n\n\n\n<p>Cada empresa cuenta con una pieza art\u00edstica \u00fanica, que plasma iniciativas que normalmente no son visibles, pero que impactan de manera positiva en la vida cotidiana de millones de personas, resaltando que, adem\u00e1s de generar 8 de cada 10 empleos en el pa\u00eds, el sector empresarial contribuye de manera significativa al desarrollo social y econ\u00f3mico de M\u00e9xico.<\/p>\n\n\n\n<figure class=\"wp-block-image size-large\"><img loading=\"lazy\" decoding=\"async\" width=\"1024\" height=\"577\" src=\"https:\/\/digitalreportmx.com\/wp-content\/uploads\/2026\/01\/Ruta-de-las-Empresas-19-1024x577.jpg\" alt=\"\" class=\"wp-image-29179\" srcset=\"https:\/\/digitalreportmx.com\/wp-content\/uploads\/2026\/01\/Ruta-de-las-Empresas-19-1024x577.jpg 1024w, https:\/\/digitalreportmx.com\/wp-content\/uploads\/2026\/01\/Ruta-de-las-Empresas-19-300x169.jpg 300w, https:\/\/digitalreportmx.com\/wp-content\/uploads\/2026\/01\/Ruta-de-las-Empresas-19-768x432.jpg 768w, https:\/\/digitalreportmx.com\/wp-content\/uploads\/2026\/01\/Ruta-de-las-Empresas-19-1536x865.jpg 1536w, https:\/\/digitalreportmx.com\/wp-content\/uploads\/2026\/01\/Ruta-de-las-Empresas-19-2048x1153.jpg 2048w\" sizes=\"auto, (max-width: 1024px) 100vw, 1024px\" \/><\/figure>\n\n\n\n<p>Las empresas que participan en esta iniciativa son: 3M, Alpura, Bausen, Coppel, Cotemar, Cin\u00e9polis, Danone, Devlyn, Fundaci\u00f3n Aleatica, Gayosso, Grupo Modelo, Liverpool, Natura, Qu\u00e1litas, Unilever, Whirlpool, Xignux; as\u00ed como una pieza representativa del Consejo de la Comunicaci\u00f3n, Voz de las Empresas.<\/p>\n\n\n\n<p>Se estima que Ruta de las Empresas en la Ciudad de M\u00e9xico tenga un impacto superior a 4 millones de personas, quienes podr\u00e1n conocer que, adem\u00e1s de generar empleos, las empresas est\u00e1n comprometidas con el pa\u00eds y la sociedad, mediante acciones concretas en temas como: medio ambiente, salud, educaci\u00f3n y desarrollo de sus colaboradores.<\/p>\n\n\n\n<figure class=\"wp-block-image size-large\"><img loading=\"lazy\" decoding=\"async\" width=\"1024\" height=\"683\" src=\"https:\/\/digitalreportmx.com\/wp-content\/uploads\/2026\/01\/Ruta-de-las-Empresas-14-1024x683.jpg\" alt=\"\" class=\"wp-image-29181\" srcset=\"https:\/\/digitalreportmx.com\/wp-content\/uploads\/2026\/01\/Ruta-de-las-Empresas-14-1024x683.jpg 1024w, https:\/\/digitalreportmx.com\/wp-content\/uploads\/2026\/01\/Ruta-de-las-Empresas-14-300x200.jpg 300w, https:\/\/digitalreportmx.com\/wp-content\/uploads\/2026\/01\/Ruta-de-las-Empresas-14-768x512.jpg 768w, https:\/\/digitalreportmx.com\/wp-content\/uploads\/2026\/01\/Ruta-de-las-Empresas-14-1536x1024.jpg 1536w, https:\/\/digitalreportmx.com\/wp-content\/uploads\/2026\/01\/Ruta-de-las-Empresas-14-2048x1365.jpg 2048w\" sizes=\"auto, (max-width: 1024px) 100vw, 1024px\" \/><\/figure>\n\n\n\n<p>Los artistas que dan vida a esta exposici\u00f3n son: Ana Banana, Carlos Badillo, Erick Nadam\u00e1s, Gatica, Hech Uno, Mahdez, Marco Lpz, Perla Crespo, Paulina Flores G\u00fazman, Regina Philippe, Selene Medina Art, Sof\u00eda Castellanos, Tlacuilo y Yim Miyaki<\/p>\n\n\n\n<p>A partir del 25 de enero la exposici\u00f3n estar\u00e1 ubicada del \u00c1ngel de la Independencia a la Glorieta del Ahuehuete en la Ciudad de M\u00e9xico.<\/p>\n\n\n\n<p>Durante el lanzamiento de la exposici\u00f3n se cont\u00f3 con la participaci\u00f3n de la Lic. Ana Mar\u00eda Lomel\u00ed, Coordinadora de Comunicaci\u00f3n Social del Gobierno de la Ciudad de M\u00e9xico en representaci\u00f3n de la Lic. Clara Brugada, Jefa de Gobierno de la Ciudad de M\u00e9xico; Mtro. Salvador Villalobos, Presidente Ejecutivo del Consejo de la Comunicaci\u00f3n; Mtra. Fernanda Guarro, Directora de 3M M\u00e9xico; Licenciado Gabriel Sander, CHRO de El Puerto de Liverpool; Lic. Juan Rodr\u00edguez, CEO de Gayosso; Lic. Juan Zamora, CEO de Devlyn; Lic. Alejandra G\u00f3mez, Directora General de Bausen.<\/p>\n\n\n\n<figure class=\"wp-block-image size-large\"><img loading=\"lazy\" decoding=\"async\" width=\"1024\" height=\"683\" src=\"https:\/\/digitalreportmx.com\/wp-content\/uploads\/2026\/01\/Ruta-de-las-Empresas-8-1024x683.jpg\" alt=\"\" class=\"wp-image-29182\" srcset=\"https:\/\/digitalreportmx.com\/wp-content\/uploads\/2026\/01\/Ruta-de-las-Empresas-8-1024x683.jpg 1024w, https:\/\/digitalreportmx.com\/wp-content\/uploads\/2026\/01\/Ruta-de-las-Empresas-8-300x200.jpg 300w, https:\/\/digitalreportmx.com\/wp-content\/uploads\/2026\/01\/Ruta-de-las-Empresas-8-768x512.jpg 768w, https:\/\/digitalreportmx.com\/wp-content\/uploads\/2026\/01\/Ruta-de-las-Empresas-8-1536x1024.jpg 1536w, https:\/\/digitalreportmx.com\/wp-content\/uploads\/2026\/01\/Ruta-de-las-Empresas-8-2048x1365.jpg 2048w\" sizes=\"auto, (max-width: 1024px) 100vw, 1024px\" \/><\/figure>\n\n\n\n<p>Adem\u00e1s de Lic. Sara Peredo, Directora Reputaci\u00f3n y Comunicaci\u00f3n Corporativa de Natura Avon; Lic. Mei Crespo, Directora de Asuntos Corporativos de Unilever de M\u00e9xico; Lic. Emilio Aguilar, Vicepresidente de Asuntos P\u00fablicos de Danone; Lic. Fernanda Espinosa, Directora General Fundaci\u00f3n Aleatica; Lic. Carla Su\u00e1rez, Directora de Asuntos P\u00fablicos y Relaciones Institucionales Xignux M\u00e9xico y LATAM; Lic. Delia S\u00e1nchez, Head de Comunicaci\u00f3n, Relaciones P\u00fablicas, Responsabilidad Social y Cultural de Whirlpool Corporation para Latinoam\u00e9rica; Pancho Name, Piloto de Rally y vocero de Conducta Vial Qu\u00e1litas; Lic. Andrea S\u00e1nchez, Directora de Comunicaci\u00f3n y Reputaci\u00f3n de Grupo Modelo; Mtro. Pedro Estrella, Director de Asuntos P\u00fablicos de Grupo Coppel.<\/p>\n\n\n\n<figure class=\"wp-block-image size-large\"><img loading=\"lazy\" decoding=\"async\" width=\"1024\" height=\"683\" src=\"https:\/\/digitalreportmx.com\/wp-content\/uploads\/2026\/01\/Ruta-de-las-Empresas-9-1024x683.jpg\" alt=\"\" class=\"wp-image-29183\" srcset=\"https:\/\/digitalreportmx.com\/wp-content\/uploads\/2026\/01\/Ruta-de-las-Empresas-9-1024x683.jpg 1024w, https:\/\/digitalreportmx.com\/wp-content\/uploads\/2026\/01\/Ruta-de-las-Empresas-9-300x200.jpg 300w, https:\/\/digitalreportmx.com\/wp-content\/uploads\/2026\/01\/Ruta-de-las-Empresas-9-768x512.jpg 768w, https:\/\/digitalreportmx.com\/wp-content\/uploads\/2026\/01\/Ruta-de-las-Empresas-9-1536x1024.jpg 1536w, https:\/\/digitalreportmx.com\/wp-content\/uploads\/2026\/01\/Ruta-de-las-Empresas-9-2048x1365.jpg 2048w\" sizes=\"auto, (max-width: 1024px) 100vw, 1024px\" \/><\/figure>\n\n\n\n<p>Tambi\u00e9n  Lic. Adri\u00e1n Varela, CMO de Alpura; Lic. Ram\u00f3n Ram\u00edrez, Director de Relaciones P\u00fablicas y Fundaci\u00f3n Cin\u00e9polis; Lic. Jos\u00e9 Gabriel Acosta Flores, Titular de la Coordinaci\u00f3n de Promoci\u00f3n y Difusi\u00f3n Cultural en representaci\u00f3n de la Maestra Ana Francis L\u00f3pez Bayghen Pati\u00f1o, Secretaria de Cultura de la Ciudad de M\u00e9xico.\u00a0El evento cont\u00f3 con la conducci\u00f3n de la periodista Yuriria Sierra.\u00a0<\/p>\n\n\n\n<figure class=\"wp-block-image size-large\"><img loading=\"lazy\" decoding=\"async\" width=\"1024\" height=\"683\" src=\"https:\/\/digitalreportmx.com\/wp-content\/uploads\/2026\/01\/Ruta-de-las-Empresas-6-1024x683.jpg\" alt=\"\" class=\"wp-image-29184\" srcset=\"https:\/\/digitalreportmx.com\/wp-content\/uploads\/2026\/01\/Ruta-de-las-Empresas-6-1024x683.jpg 1024w, https:\/\/digitalreportmx.com\/wp-content\/uploads\/2026\/01\/Ruta-de-las-Empresas-6-300x200.jpg 300w, https:\/\/digitalreportmx.com\/wp-content\/uploads\/2026\/01\/Ruta-de-las-Empresas-6-768x512.jpg 768w, https:\/\/digitalreportmx.com\/wp-content\/uploads\/2026\/01\/Ruta-de-las-Empresas-6-1536x1024.jpg 1536w, https:\/\/digitalreportmx.com\/wp-content\/uploads\/2026\/01\/Ruta-de-las-Empresas-6-2048x1365.jpg 2048w\" sizes=\"auto, (max-width: 1024px) 100vw, 1024px\" \/><\/figure>\n","protected":false},"excerpt":{"rendered":"<p>Ciudad de M\u00e9xico El d\u00eda de hoy se llev\u00f3 a cabo la inauguraci\u00f3n de la Exposici\u00f3n de Arte \u201cRuta de las Empresas\u201d conformada por esculturas en forma de mundo, que muestran las principales acciones de responsabilidad social que realizan 17 destacadas empresas de diversos sectores. Cada empresa cuenta con una pieza art\u00edstica \u00fanica, que plasma [&hellip;]<\/p>\n","protected":false},"author":1,"featured_media":29177,"comment_status":"open","ping_status":"open","sticky":false,"template":"","format":"standard","meta":{"om_disable_all_campaigns":false,"_monsterinsights_skip_tracking":false,"_monsterinsights_sitenote_active":false,"_monsterinsights_sitenote_note":"","_monsterinsights_sitenote_category":0,"footnotes":""},"categories":[16,13],"tags":[],"class_list":["post-29176","post","type-post","status-publish","format-standard","has-post-thumbnail","hentry","category-relevante-2","category-reporte-local"],"aioseo_notices":[],"_links":{"self":[{"href":"https:\/\/digitalreportmx.com\/index.php\/wp-json\/wp\/v2\/posts\/29176","targetHints":{"allow":["GET"]}}],"collection":[{"href":"https:\/\/digitalreportmx.com\/index.php\/wp-json\/wp\/v2\/posts"}],"about":[{"href":"https:\/\/digitalreportmx.com\/index.php\/wp-json\/wp\/v2\/types\/post"}],"author":[{"embeddable":true,"href":"https:\/\/digitalreportmx.com\/index.php\/wp-json\/wp\/v2\/users\/1"}],"replies":[{"embeddable":true,"href":"https:\/\/digitalreportmx.com\/index.php\/wp-json\/wp\/v2\/comments?post=29176"}],"version-history":[{"count":6,"href":"https:\/\/digitalreportmx.com\/index.php\/wp-json\/wp\/v2\/posts\/29176\/revisions"}],"predecessor-version":[{"id":29189,"href":"https:\/\/digitalreportmx.com\/index.php\/wp-json\/wp\/v2\/posts\/29176\/revisions\/29189"}],"wp:featuredmedia":[{"embeddable":true,"href":"https:\/\/digitalreportmx.com\/index.php\/wp-json\/wp\/v2\/media\/29177"}],"wp:attachment":[{"href":"https:\/\/digitalreportmx.com\/index.php\/wp-json\/wp\/v2\/media?parent=29176"}],"wp:term":[{"taxonomy":"category","embeddable":true,"href":"https:\/\/digitalreportmx.com\/index.php\/wp-json\/wp\/v2\/categories?post=29176"},{"taxonomy":"post_tag","embeddable":true,"href":"https:\/\/digitalreportmx.com\/index.php\/wp-json\/wp\/v2\/tags?post=29176"}],"curies":[{"name":"wp","href":"https:\/\/api.w.org\/{rel}","templated":true}]}}