{"id":29204,"date":"2026-01-26T14:08:49","date_gmt":"2026-01-26T20:08:49","guid":{"rendered":"https:\/\/digitalreportmx.com\/?p=29204"},"modified":"2026-01-26T14:08:49","modified_gmt":"2026-01-26T20:08:49","slug":"arranca-renovacion-de-andadores-en-parque-de-mirasierra","status":"publish","type":"post","link":"https:\/\/digitalreportmx.com\/index.php\/2026\/01\/26\/arranca-renovacion-de-andadores-en-parque-de-mirasierra\/","title":{"rendered":"Arranca renovaci\u00f3n de andadores en parque de Mirasierra"},"content":{"rendered":"\n<p><kbd>San Pedro Garza Garc\u00eda <\/kbd><\/p>\n\n\n\n<p>El Municipio de San Pedro Garza Garc\u00eda inici\u00f3 la renovaci\u00f3n de los andadores del Parque Norte de la colonia Mirasierra, como parte de las acciones para mejorar la infraestructura urbana y fortalecer los espacios p\u00fablicos del municipio.<\/p>\n\n\n\n<p>El proyecto, a propuesta de los vecinos, contempla la rehabilitaci\u00f3n de mil 505.70 metros cuadrados de andadores, manteniendo su ancho actual de 2.70 metros, lo que permitir\u00e1 conservar la funcionalidad y accesibilidad de las \u00e1reas peatonales del parque.<\/p>\n\n\n\n<figure class=\"wp-block-image size-large\"><img loading=\"lazy\" decoding=\"async\" width=\"1024\" height=\"683\" src=\"https:\/\/digitalreportmx.com\/wp-content\/uploads\/2026\/01\/1000196136-1024x683.jpg\" alt=\"\" class=\"wp-image-29205\" srcset=\"https:\/\/digitalreportmx.com\/wp-content\/uploads\/2026\/01\/1000196136-1024x683.jpg 1024w, https:\/\/digitalreportmx.com\/wp-content\/uploads\/2026\/01\/1000196136-300x200.jpg 300w, https:\/\/digitalreportmx.com\/wp-content\/uploads\/2026\/01\/1000196136-768x512.jpg 768w, https:\/\/digitalreportmx.com\/wp-content\/uploads\/2026\/01\/1000196136.jpg 1500w\" sizes=\"auto, (max-width: 1024px) 100vw, 1024px\" \/><\/figure>\n\n\n\n<p>La intervenci\u00f3n incluye la aplicaci\u00f3n de terrapl\u00e9n, base hidr\u00e1ulica y una carpeta asf\u00e1ltica de 4 cent\u00edmetros de espesor, garantizando una superficie m\u00e1s segura y durable para las y los usuarios.<\/p>\n\n\n\n<p>\u201cEste era un proyecto de esos que ya desde hace muchos a\u00f1os que hac\u00eda falta que le dieran un buen retoque, un buen mantenimiento, y con mucho gusto lo hacemos y obviamente esperemos antes de seis meses poder venir a inaugurar\u201d, dijo el Alcalde Mauricio Farah Giacom\u00e1n.<\/p>\n\n\n\n<p>En la obra se invertir\u00e1 1 mill\u00f3n de pesos del programa de presupuesto participativo y 3.5 millones de pesos de ahorros de obras p\u00fablicas realizadas el a\u00f1o pasado.<\/p>\n\n\n\n<figure class=\"wp-block-image size-large\"><img loading=\"lazy\" decoding=\"async\" width=\"1024\" height=\"682\" src=\"https:\/\/digitalreportmx.com\/wp-content\/uploads\/2026\/01\/1000196127-1024x682.jpg\" alt=\"\" class=\"wp-image-29206\" srcset=\"https:\/\/digitalreportmx.com\/wp-content\/uploads\/2026\/01\/1000196127-1024x682.jpg 1024w, https:\/\/digitalreportmx.com\/wp-content\/uploads\/2026\/01\/1000196127-300x200.jpg 300w, https:\/\/digitalreportmx.com\/wp-content\/uploads\/2026\/01\/1000196127-768x512.jpg 768w, https:\/\/digitalreportmx.com\/wp-content\/uploads\/2026\/01\/1000196127.jpg 1385w\" sizes=\"auto, (max-width: 1024px) 100vw, 1024px\" \/><\/figure>\n\n\n\n<p>En el arranque de la obra estuvieron presentes el Alcalde, el Secretario General, Luis Susarrey; la Secretaria de Infraestructura y Obras P\u00fablicas, \u00c1ngeles Galv\u00e1n; y el Secretario de Participaci\u00f3n Ciudadana y Gobierno Abierto, Ricardo Rodr\u00edguez, quienes destacaron la importancia de seguir invirtiendo en espacios p\u00fablicos de calidad que promuevan la convivencia y el bienestar comunitario.<\/p>\n\n\n\n<p>Con esta obra, el Municipio de San Pedro refrenda su compromiso de mantener parques y \u00e1reas recreativas en \u00f3ptimas condiciones, priorizando la seguridad y calidad de vida de las familias sampetrinas.<\/p>\n","protected":false},"excerpt":{"rendered":"<p>San Pedro Garza Garc\u00eda El Municipio de San Pedro Garza Garc\u00eda inici\u00f3 la renovaci\u00f3n de los andadores del Parque Norte de la colonia Mirasierra, como parte de las acciones para mejorar la infraestructura urbana y fortalecer los espacios p\u00fablicos del municipio. El proyecto, a propuesta de los vecinos, contempla la rehabilitaci\u00f3n de mil 505.70 metros [&hellip;]<\/p>\n","protected":false},"author":1,"featured_media":29207,"comment_status":"open","ping_status":"open","sticky":false,"template":"","format":"standard","meta":{"om_disable_all_campaigns":false,"_monsterinsights_skip_tracking":false,"_monsterinsights_sitenote_active":false,"_monsterinsights_sitenote_note":"","_monsterinsights_sitenote_category":0,"footnotes":""},"categories":[15,6],"tags":[],"class_list":["post-29204","post","type-post","status-publish","format-standard","has-post-thumbnail","hentry","category-relevante","category-local"],"aioseo_notices":[],"_links":{"self":[{"href":"https:\/\/digitalreportmx.com\/index.php\/wp-json\/wp\/v2\/posts\/29204","targetHints":{"allow":["GET"]}}],"collection":[{"href":"https:\/\/digitalreportmx.com\/index.php\/wp-json\/wp\/v2\/posts"}],"about":[{"href":"https:\/\/digitalreportmx.com\/index.php\/wp-json\/wp\/v2\/types\/post"}],"author":[{"embeddable":true,"href":"https:\/\/digitalreportmx.com\/index.php\/wp-json\/wp\/v2\/users\/1"}],"replies":[{"embeddable":true,"href":"https:\/\/digitalreportmx.com\/index.php\/wp-json\/wp\/v2\/comments?post=29204"}],"version-history":[{"count":1,"href":"https:\/\/digitalreportmx.com\/index.php\/wp-json\/wp\/v2\/posts\/29204\/revisions"}],"predecessor-version":[{"id":29208,"href":"https:\/\/digitalreportmx.com\/index.php\/wp-json\/wp\/v2\/posts\/29204\/revisions\/29208"}],"wp:featuredmedia":[{"embeddable":true,"href":"https:\/\/digitalreportmx.com\/index.php\/wp-json\/wp\/v2\/media\/29207"}],"wp:attachment":[{"href":"https:\/\/digitalreportmx.com\/index.php\/wp-json\/wp\/v2\/media?parent=29204"}],"wp:term":[{"taxonomy":"category","embeddable":true,"href":"https:\/\/digitalreportmx.com\/index.php\/wp-json\/wp\/v2\/categories?post=29204"},{"taxonomy":"post_tag","embeddable":true,"href":"https:\/\/digitalreportmx.com\/index.php\/wp-json\/wp\/v2\/tags?post=29204"}],"curies":[{"name":"wp","href":"https:\/\/api.w.org\/{rel}","templated":true}]}}