{"id":29485,"date":"2026-01-30T09:49:40","date_gmt":"2026-01-30T15:49:40","guid":{"rendered":"https:\/\/digitalreportmx.com\/?p=29485"},"modified":"2026-01-30T09:51:37","modified_gmt":"2026-01-30T15:51:37","slug":"tecmilenio-llama-a-humanizar-el-futuro-en-era-de-la-ia","status":"publish","type":"post","link":"https:\/\/digitalreportmx.com\/index.php\/2026\/01\/30\/tecmilenio-llama-a-humanizar-el-futuro-en-era-de-la-ia\/","title":{"rendered":"Tecmilenio llama a humanizar futuro en &#8216;era IA&#8217;"},"content":{"rendered":"\n<p><kbd>Monterrey<\/kbd>, N.L.<\/p>\n\n\n\n<p>En el marco de IFE Conference 2026, uno de los encuentros educativos m\u00e1s importantes en el mundo de habla hispana, Bruno Zepeda, rector de Tecmilenio, imparti\u00f3 la conferencia \u201cEducaci\u00f3n y empleabilidad con prop\u00f3sito: humanizar el futuro en la era de la IA\u201d el jueves 29 de enero, a las 15:45, en la Arena Borregos del Tecnol\u00f3gico de Monterrey.<\/p>\n\n\n\n<p>Desde el inicio, Zepeda plante\u00f3 el punto de partida de su tesis: \u201cestamos viviendo un cambio de era.\u201d<\/p>\n\n\n\n<p> Con esa l\u00f3gica, el rector situ\u00f3 a las universidades como instituciones que han influido en puntos de inflexi\u00f3n a lo largo de los siglos.<\/p>\n\n\n\n<figure class=\"wp-block-image size-large\"><img loading=\"lazy\" decoding=\"async\" width=\"1024\" height=\"768\" src=\"https:\/\/digitalreportmx.com\/wp-content\/uploads\/2026\/01\/IMG-20260129-WA0158-1024x768.jpg\" alt=\"\" class=\"wp-image-29489\" srcset=\"https:\/\/digitalreportmx.com\/wp-content\/uploads\/2026\/01\/IMG-20260129-WA0158-1024x768.jpg 1024w, https:\/\/digitalreportmx.com\/wp-content\/uploads\/2026\/01\/IMG-20260129-WA0158-300x225.jpg 300w, https:\/\/digitalreportmx.com\/wp-content\/uploads\/2026\/01\/IMG-20260129-WA0158-768x576.jpg 768w, https:\/\/digitalreportmx.com\/wp-content\/uploads\/2026\/01\/IMG-20260129-WA0158-1536x1152.jpg 1536w, https:\/\/digitalreportmx.com\/wp-content\/uploads\/2026\/01\/IMG-20260129-WA0158.jpg 1600w\" sizes=\"auto, (max-width: 1024px) 100vw, 1024px\" \/><\/figure>\n\n\n\n<p>Ese marco hist\u00f3rico condujo a una pregunta central: \u00bfqu\u00e9 define lo humano cuando la \u201cinteligencia\u201d deja de ser un atributo exclusivo de las personas? <\/p>\n\n\n\n<p>En ese punto, Zepeda advirti\u00f3 sobre un riesgo en la educaci\u00f3n: formar profesionales con excelencia t\u00e9cnica, pero con poco sentido, y confundir \u00e9xito con solo conseguir un empleo que pague bien. <\/p>\n\n\n\n<p>El resultado, se\u00f1al\u00f3, aparece en profesionales que no encuentran satisfacci\u00f3n ni prop\u00f3sito en su vida laboral y que viven una desconexi\u00f3n entre qui\u00e9nes son y lo que hacen.<\/p>\n\n\n\n<figure class=\"wp-block-image size-large\"><img loading=\"lazy\" decoding=\"async\" width=\"768\" height=\"1024\" src=\"https:\/\/digitalreportmx.com\/wp-content\/uploads\/2026\/01\/IMG-20260129-WA0156-768x1024.jpg\" alt=\"\" class=\"wp-image-29492\" srcset=\"https:\/\/digitalreportmx.com\/wp-content\/uploads\/2026\/01\/IMG-20260129-WA0156-768x1024.jpg 768w, https:\/\/digitalreportmx.com\/wp-content\/uploads\/2026\/01\/IMG-20260129-WA0156-225x300.jpg 225w, https:\/\/digitalreportmx.com\/wp-content\/uploads\/2026\/01\/IMG-20260129-WA0156-1152x1536.jpg 1152w, https:\/\/digitalreportmx.com\/wp-content\/uploads\/2026\/01\/IMG-20260129-WA0156.jpg 1200w\" sizes=\"auto, (max-width: 768px) 100vw, 768px\" \/><\/figure>\n\n\n\n<p>\u201cEl impacto de la inteligencia artificial en el mundo laboral preocupa a muchas personas, pero yo me mantengo optimista ya que creo que la educaci\u00f3n puede jugar un papel decisivo para rehumanizar el futuro\u201d.<\/p>\n\n\n\n<p>Ante ese escenario, el rector plante\u00f3 una redefinici\u00f3n del rol universitario e invit\u00f3 a revindicar \u201cel prop\u00f3sito de las instituciones educativas: servir a la sociedad formando a nuestros estudiantes no solo para el trabajo, sino tambi\u00e9n para la vida\u201d. <\/p>\n\n\n\n<p>En la conferencia, esa idea se tradujo en dos prioridades: dar el mismo peso a competencias t\u00e9cnicas y humanas, y avanzar hacia capacidades de liderazgo interior ligadas con criterio, agencia y discernimiento.<\/p>\n\n\n\n<figure class=\"wp-block-image size-large\"><img loading=\"lazy\" decoding=\"async\" width=\"1024\" height=\"768\" src=\"https:\/\/digitalreportmx.com\/wp-content\/uploads\/2026\/01\/IMG-20260129-WA0160-1-1024x768.jpg\" alt=\"\" class=\"wp-image-29491\" srcset=\"https:\/\/digitalreportmx.com\/wp-content\/uploads\/2026\/01\/IMG-20260129-WA0160-1-1024x768.jpg 1024w, https:\/\/digitalreportmx.com\/wp-content\/uploads\/2026\/01\/IMG-20260129-WA0160-1-300x225.jpg 300w, https:\/\/digitalreportmx.com\/wp-content\/uploads\/2026\/01\/IMG-20260129-WA0160-1-768x576.jpg 768w, https:\/\/digitalreportmx.com\/wp-content\/uploads\/2026\/01\/IMG-20260129-WA0160-1-1536x1152.jpg 1536w, https:\/\/digitalreportmx.com\/wp-content\/uploads\/2026\/01\/IMG-20260129-WA0160-1.jpg 1600w\" sizes=\"auto, (max-width: 1024px) 100vw, 1024px\" \/><\/figure>\n\n\n\n<p>En el apartado sobre inteligencia artificial, Zepeda propuso verla como un factor que ampl\u00eda el trabajo profesional y libera espacio para tareas de mayor valor humano \u2014an\u00e1lisis, creatividad aplicada y decisiones estrat\u00e9gicas\u2014, siempre con un marco \u00e9tico. <\/p>\n\n\n\n<p>En la misma l\u00ednea, expuso un eje conceptual sobre el paso de work-life balance hacia work-life harmony, con \u00e9nfasis en la integraci\u00f3n entre vida y trabajo como parte de una vida plena. <\/p>\n\n\n\n<p>Como referencia, retom\u00f3 el concepto japon\u00e9s de ikigai, entendido como la intersecci\u00f3n entre lo que una persona ama hacer, aquello para lo que es buena, lo que el mundo necesita y lo que el mercado remunera.<\/p>\n\n\n\n<p>Como parte de ese enfoque, el rector habl\u00f3 de MAPS el modelo educativo flexible deTecmilenio, 100% basado en certificados de competencias, enfocado no s\u00f3lo en formar profesionistas con las competencias que las empresas demandan, sino personas integrales que puedan actuar y decidir con \u00e9tica en contextos complejos. <\/p>\n\n\n\n<figure class=\"wp-block-video\"><video controls src=\"https:\/\/digitalreportmx.com\/wp-content\/uploads\/2026\/01\/VID-20260129-WA0171.mp4\"><\/video><\/figure>\n\n\n\n<p>Adem\u00e1s, explic\u00f3 que los certificados se co-crean con empresas y organizaciones l\u00edderes para alinear competencias relevantes para el trabajo, y que el esquema permite actualizar contenidos con mayor velocidad frente a los cambios de la era de la IA.<\/p>\n\n\n\n<p>Destac\u00f3 la Formaci\u00f3n Integrada al Trabajo (FIT), como el esquema con el que su modelo educativo MAPS conecta aprendizaje y experiencia profesional. <\/p>\n\n\n\n<p>En la conferencia se se\u00f1al\u00f3 que cada estudiante de Tecmilenio debe completar al menos tres experiencias FIT antes de graduarse, con opciones que incluyen estancias empresariales tipo Co-op, retos de innovaci\u00f3n como Innovation Meet-Up, pasant\u00edas o emprendimiento. <\/p>\n\n\n\n<figure class=\"wp-block-image size-large\"><img loading=\"lazy\" decoding=\"async\" width=\"1024\" height=\"768\" src=\"https:\/\/digitalreportmx.com\/wp-content\/uploads\/2026\/01\/IMG-20260129-WA0157-1024x768.jpg\" alt=\"\" class=\"wp-image-29494\" srcset=\"https:\/\/digitalreportmx.com\/wp-content\/uploads\/2026\/01\/IMG-20260129-WA0157-1024x768.jpg 1024w, https:\/\/digitalreportmx.com\/wp-content\/uploads\/2026\/01\/IMG-20260129-WA0157-300x225.jpg 300w, https:\/\/digitalreportmx.com\/wp-content\/uploads\/2026\/01\/IMG-20260129-WA0157-768x576.jpg 768w, https:\/\/digitalreportmx.com\/wp-content\/uploads\/2026\/01\/IMG-20260129-WA0157-1536x1152.jpg 1536w, https:\/\/digitalreportmx.com\/wp-content\/uploads\/2026\/01\/IMG-20260129-WA0157.jpg 1600w\" sizes=\"auto, (max-width: 1024px) 100vw, 1024px\" \/><\/figure>\n\n\n\n<p>El gui\u00f3n de la ponencia vincul\u00f3 estas experiencias con el fortalecimiento de competencias que la IA no sustituye: comunicaci\u00f3n entre personas, trabajo en equipo para resolver problemas, soluciones creativas y responsabilidad al tomar decisiones.<\/p>\n\n\n\n<p>Zepeda cerr\u00f3 con un llamado a la responsabilidad institucional en esta nueva etapa: la educaci\u00f3n superior no puede limitarse a formar t\u00e9cnicos y especialistas desconectados desu humanidad y de su entorno. <\/p>\n\n\n\n<p>El cierre fue un emotivo llamado a otras universidades para unir esfuerzos y resumi\u00f3 el sentido humanista de la ponencia: \u201cLa educaci\u00f3n es esperanza. Las universidades no somos solo un actor m\u00e1s en este cambio: debemos tomar postura e influir para que este cambio de era sea positivo\u201d.<\/p>\n\n\n\n<p>Agenda Tecmilenio en IFE Conference 2026: innovaci\u00f3n educativa, pensamiento cr\u00edtico y Formaci\u00f3n Integrada al TrabajoAdem\u00e1s de la conferencia magistral de Bruno Zepeda, Tecmilenio particip\u00f3 en IFE Conference 2026 con una agenda amplia de ponencias y paneles que abordaron temas clave de innovaci\u00f3n educativa: evaluaci\u00f3n de competencias con IA (AI with Puro ose), calidad acad\u00e9mica, as\u00ed como uso de IA generativa para el aprendizaje del ingl\u00e9s, y la experiencia institucional del Hackat\u00f3n Educativo con IA. <\/p>\n\n\n\n<figure class=\"wp-block-video\"><video controls src=\"https:\/\/digitalreportmx.com\/wp-content\/uploads\/2026\/01\/VID-20260129-WA0170.mp4\"><\/video><\/figure>\n\n\n\n<p>En el eje de empleabilidad se desarrollaron tres espacios de FIT en acci\u00f3n sobre el rol de las empresas, la integraci\u00f3n acad\u00e9mico-profesional liderada por docentes y testimonios de \u00e9xito estudiantil, adem\u00e1s de una charla sobre la importancia del pensamiento cr\u00edtico en la era de la posverdad.<\/p>\n","protected":false},"excerpt":{"rendered":"<p>Monterrey, N.L. En el marco de IFE Conference 2026, uno de los encuentros educativos m\u00e1s importantes en el mundo de habla hispana, Bruno Zepeda, rector de Tecmilenio, imparti\u00f3 la conferencia \u201cEducaci\u00f3n y empleabilidad con prop\u00f3sito: humanizar el futuro en la era de la IA\u201d el jueves 29 de enero, a las 15:45, en la Arena [&hellip;]<\/p>\n","protected":false},"author":1,"featured_media":29488,"comment_status":"open","ping_status":"open","sticky":false,"template":"","format":"standard","meta":{"om_disable_all_campaigns":false,"_monsterinsights_skip_tracking":false,"_monsterinsights_sitenote_active":false,"_monsterinsights_sitenote_note":"","_monsterinsights_sitenote_category":0,"footnotes":""},"categories":[16,13],"tags":[],"class_list":["post-29485","post","type-post","status-publish","format-standard","has-post-thumbnail","hentry","category-relevante-2","category-reporte-local"],"aioseo_notices":[],"_links":{"self":[{"href":"https:\/\/digitalreportmx.com\/index.php\/wp-json\/wp\/v2\/posts\/29485","targetHints":{"allow":["GET"]}}],"collection":[{"href":"https:\/\/digitalreportmx.com\/index.php\/wp-json\/wp\/v2\/posts"}],"about":[{"href":"https:\/\/digitalreportmx.com\/index.php\/wp-json\/wp\/v2\/types\/post"}],"author":[{"embeddable":true,"href":"https:\/\/digitalreportmx.com\/index.php\/wp-json\/wp\/v2\/users\/1"}],"replies":[{"embeddable":true,"href":"https:\/\/digitalreportmx.com\/index.php\/wp-json\/wp\/v2\/comments?post=29485"}],"version-history":[{"count":4,"href":"https:\/\/digitalreportmx.com\/index.php\/wp-json\/wp\/v2\/posts\/29485\/revisions"}],"predecessor-version":[{"id":29501,"href":"https:\/\/digitalreportmx.com\/index.php\/wp-json\/wp\/v2\/posts\/29485\/revisions\/29501"}],"wp:featuredmedia":[{"embeddable":true,"href":"https:\/\/digitalreportmx.com\/index.php\/wp-json\/wp\/v2\/media\/29488"}],"wp:attachment":[{"href":"https:\/\/digitalreportmx.com\/index.php\/wp-json\/wp\/v2\/media?parent=29485"}],"wp:term":[{"taxonomy":"category","embeddable":true,"href":"https:\/\/digitalreportmx.com\/index.php\/wp-json\/wp\/v2\/categories?post=29485"},{"taxonomy":"post_tag","embeddable":true,"href":"https:\/\/digitalreportmx.com\/index.php\/wp-json\/wp\/v2\/tags?post=29485"}],"curies":[{"name":"wp","href":"https:\/\/api.w.org\/{rel}","templated":true}]}}