{"id":29579,"date":"2026-01-31T19:25:16","date_gmt":"2026-02-01T01:25:16","guid":{"rendered":"https:\/\/digitalreportmx.com\/?p=29579"},"modified":"2026-01-31T19:25:16","modified_gmt":"2026-02-01T01:25:16","slug":"reubicara-sc-retorno-de-madisa-a-mercado-de-abastos","status":"publish","type":"post","link":"https:\/\/digitalreportmx.com\/index.php\/2026\/01\/31\/reubicara-sc-retorno-de-madisa-a-mercado-de-abastos\/","title":{"rendered":"Reubicar\u00e1 SC retorno de Madisa a Mercado de Abastos"},"content":{"rendered":"\n<p><kbd>Santa Catarina <\/kbd><\/p>\n\n\n\n<p>A fin de mejorar la movilidad y los tiempos de traslados en principales vialidades, el Gobierno de Santa Catarina anunci\u00f3 que a partir del pr\u00f3ximo 14 de febrero se reubicar\u00e1 el retorno vehicular ubicado frente a MADISA.<\/p>\n\n\n\n<p>Movilidad municipal reubicar\u00e1 as\u00ed este retorno que se localiza sobre la Avenida Industriales del Poniente y lo establecer\u00e1 mil 300 metros hacia adelante, a la altura del Mercado de Abastos sobre dicha vialidad.<\/p>\n\n\n\n<p>Oscar Mart\u00ednez, titular de Movilidad, inform\u00f3 que diariamente m\u00e1s de 100 mil autos circulan por la Avenida Industriales del Poniente, de los cuales 10 mil salen por calle Pilastra para retornar en MADISA, lo que ocasiona un cuello de botella que afecta toda la vialidad.<\/p>\n\n\n\n<figure class=\"wp-block-image size-large\"><img loading=\"lazy\" decoding=\"async\" width=\"1024\" height=\"581\" src=\"https:\/\/digitalreportmx.com\/wp-content\/uploads\/2026\/01\/IMG-20260131-WA0135-1024x581.jpg\" alt=\"\" class=\"wp-image-29581\" srcset=\"https:\/\/digitalreportmx.com\/wp-content\/uploads\/2026\/01\/IMG-20260131-WA0135-1024x581.jpg 1024w, https:\/\/digitalreportmx.com\/wp-content\/uploads\/2026\/01\/IMG-20260131-WA0135-300x170.jpg 300w, https:\/\/digitalreportmx.com\/wp-content\/uploads\/2026\/01\/IMG-20260131-WA0135-768x436.jpg 768w, https:\/\/digitalreportmx.com\/wp-content\/uploads\/2026\/01\/IMG-20260131-WA0135-1536x872.jpg 1536w, https:\/\/digitalreportmx.com\/wp-content\/uploads\/2026\/01\/IMG-20260131-WA0135.jpg 1600w\" sizes=\"auto, (max-width: 1024px) 100vw, 1024px\" \/><\/figure>\n\n\n\n<p>Durante estos primeros d\u00edas de febrero los automovilistas ser\u00e1n informados de la reubicaci\u00f3n a trav\u00e9s de anuncios preventivos.<\/p>\n\n\n\n<p>As\u00ed tambi\u00e9n ser\u00e1 a trav\u00e9s de las redes sociales.<\/p>\n\n\n\n<p>Elementos de Movilidad estar\u00e1n presentes en este tramo y guiar\u00e1n a los conductores para que a partir del 14 de febrero se concrete la activaci\u00f3n del nuevo retorno.<\/p>\n\n\n\n<p>Estas acciones forman parte de la estrategia municipal por hacer m\u00e1s eficiente la circulaci\u00f3n vehicular.<\/p>\n\n\n\n<figure class=\"wp-block-video\"><video controls src=\"https:\/\/digitalreportmx.com\/wp-content\/uploads\/2026\/01\/VID-20260131-WA0146.mp4\"><\/video><\/figure>\n","protected":false},"excerpt":{"rendered":"<p>Santa Catarina A fin de mejorar la movilidad y los tiempos de traslados en principales vialidades, el Gobierno de Santa Catarina anunci\u00f3 que a partir del pr\u00f3ximo 14 de febrero se reubicar\u00e1 el retorno vehicular ubicado frente a MADISA. Movilidad municipal reubicar\u00e1 as\u00ed este retorno que se localiza sobre la Avenida Industriales del Poniente y [&hellip;]<\/p>\n","protected":false},"author":1,"featured_media":29580,"comment_status":"open","ping_status":"open","sticky":false,"template":"","format":"standard","meta":{"om_disable_all_campaigns":false,"_monsterinsights_skip_tracking":false,"_monsterinsights_sitenote_active":false,"_monsterinsights_sitenote_note":"","_monsterinsights_sitenote_category":0,"footnotes":""},"categories":[16,13],"tags":[],"class_list":["post-29579","post","type-post","status-publish","format-standard","has-post-thumbnail","hentry","category-relevante-2","category-reporte-local"],"aioseo_notices":[],"_links":{"self":[{"href":"https:\/\/digitalreportmx.com\/index.php\/wp-json\/wp\/v2\/posts\/29579","targetHints":{"allow":["GET"]}}],"collection":[{"href":"https:\/\/digitalreportmx.com\/index.php\/wp-json\/wp\/v2\/posts"}],"about":[{"href":"https:\/\/digitalreportmx.com\/index.php\/wp-json\/wp\/v2\/types\/post"}],"author":[{"embeddable":true,"href":"https:\/\/digitalreportmx.com\/index.php\/wp-json\/wp\/v2\/users\/1"}],"replies":[{"embeddable":true,"href":"https:\/\/digitalreportmx.com\/index.php\/wp-json\/wp\/v2\/comments?post=29579"}],"version-history":[{"count":1,"href":"https:\/\/digitalreportmx.com\/index.php\/wp-json\/wp\/v2\/posts\/29579\/revisions"}],"predecessor-version":[{"id":29583,"href":"https:\/\/digitalreportmx.com\/index.php\/wp-json\/wp\/v2\/posts\/29579\/revisions\/29583"}],"wp:featuredmedia":[{"embeddable":true,"href":"https:\/\/digitalreportmx.com\/index.php\/wp-json\/wp\/v2\/media\/29580"}],"wp:attachment":[{"href":"https:\/\/digitalreportmx.com\/index.php\/wp-json\/wp\/v2\/media?parent=29579"}],"wp:term":[{"taxonomy":"category","embeddable":true,"href":"https:\/\/digitalreportmx.com\/index.php\/wp-json\/wp\/v2\/categories?post=29579"},{"taxonomy":"post_tag","embeddable":true,"href":"https:\/\/digitalreportmx.com\/index.php\/wp-json\/wp\/v2\/tags?post=29579"}],"curies":[{"name":"wp","href":"https:\/\/api.w.org\/{rel}","templated":true}]}}