{"id":29600,"date":"2026-01-31T20:24:52","date_gmt":"2026-02-01T02:24:52","guid":{"rendered":"https:\/\/digitalreportmx.com\/?p=29600"},"modified":"2026-01-31T20:24:52","modified_gmt":"2026-02-01T02:24:52","slug":"reviven-legado-filmico-del-general-escobedo","status":"publish","type":"post","link":"https:\/\/digitalreportmx.com\/index.php\/2026\/01\/31\/reviven-legado-filmico-del-general-escobedo\/","title":{"rendered":"Reviven legado f\u00edlmico del General Escobedo"},"content":{"rendered":"\n<p><kbd>Escobedo<\/kbd><\/p>\n\n\n\n<p>En el marco del bicentenario de su natalicio, el Municipio de Escobedo revivi\u00f3 el legado del General Mariano Escobedo a trav\u00e9s del documental \u201cEscobedo: El General\u201d, una obra f\u00edlmica que narra la vida y legado de uno de los grandes h\u00e9roes de M\u00e9xico.<\/p>\n\n\n\n<p>La presentaci\u00f3n del documental se llev\u00f3 a cabo en el Museo del Noreste y estuvo encabezada por Felipe Canales, Secretario del Ayuntamiento; Jos\u00e9 Antonio Quiroga, Secretario T\u00e9cnico del Gabinete, as\u00ed como por los periodistas y directores de la citada obra, C\u00e9sar Cepeda y Celso Jos\u00e9 Garza. <\/p>\n\n\n\n<p>El documental \u201cEscobedo: El General\u201d destaca la importancia de revisitar la historia del h\u00e9roe nacional a trav\u00e9s de nuevos lenguajes audiovisuales.<\/p>\n\n\n\n<p>Este proyecto es una plataforma period\u00edstica que traza un perfil profundo y humano de Mariano Escobedo, apoyado en la investigaci\u00f3n hist\u00f3rica.<\/p>\n\n\n\n<p>A lo largo del filme se recorre la vida personal y militar del General, desde su infancia en Galeana, Nuevo Le\u00f3n, hasta su consolidaci\u00f3n como estratega clave en la Defensa de la Rep\u00fablica, destacando episodios decisivos como la captura de Maximiliano en Quer\u00e9taro y su v\u00ednculo con Benito Ju\u00e1rez.<\/p>\n\n\n\n\n\n<p>El documental combina testimonio, an\u00e1lisis hist\u00f3rico y narrativa visual para retratar a Escobedo no solo como militar, sino como s\u00edmbolo de lealtad, disciplina y compromiso con M\u00e9xico.<\/p>\n\n\n\n<p>En la producci\u00f3n participan reconocidas voces del \u00e1mbito pol\u00edtico y acad\u00e9mico, entre ellos el Alcalde Andr\u00e9s Mijes; Paco Ignacio Taibo II, Felipe \u00c1vila y Juan Ram\u00f3n Garza Guajardo, quienes aportan contexto y profundidad hist\u00f3rica.<\/p>\n\n\n\n<p>Con una duraci\u00f3n de 28 minutos y apto para todo p\u00fablico, \u201cEscobedo: El General\u201d reafirma la relevancia de preservar la memoria hist\u00f3rica como un acto cultural y colectivo.Ser\u00e1 a trav\u00e9s de las redes oficiales del Gobierno de Escobedo donde se podr\u00e1 disfrutar de forma gratuita el filme.<\/p>\n\n\n\n<p>Como parte de esta conmemoraci\u00f3n, el Municipio de Escobedo anunci\u00f3 que continuar\u00e1 con actividades alusivas al bicentenario, cuyos detalles se dar\u00e1n a conocer a trav\u00e9s de los canales oficiales del Gobierno Municipal.<\/p>\n\n\n\n<figure class=\"wp-block-image size-large\"><img loading=\"lazy\" decoding=\"async\" width=\"1024\" height=\"679\" src=\"https:\/\/digitalreportmx.com\/wp-content\/uploads\/2026\/01\/IMG-20260131-WA0081-1024x679.jpg\" alt=\"\" class=\"wp-image-29602\" srcset=\"https:\/\/digitalreportmx.com\/wp-content\/uploads\/2026\/01\/IMG-20260131-WA0081-1024x679.jpg 1024w, https:\/\/digitalreportmx.com\/wp-content\/uploads\/2026\/01\/IMG-20260131-WA0081-300x199.jpg 300w, https:\/\/digitalreportmx.com\/wp-content\/uploads\/2026\/01\/IMG-20260131-WA0081-768x509.jpg 768w, https:\/\/digitalreportmx.com\/wp-content\/uploads\/2026\/01\/IMG-20260131-WA0081-1536x1019.jpg 1536w, https:\/\/digitalreportmx.com\/wp-content\/uploads\/2026\/01\/IMG-20260131-WA0081.jpg 1600w\" sizes=\"auto, (max-width: 1024px) 100vw, 1024px\" \/><\/figure>\n","protected":false},"excerpt":{"rendered":"<p>Escobedo En el marco del bicentenario de su natalicio, el Municipio de Escobedo revivi\u00f3 el legado del General Mariano Escobedo a trav\u00e9s del documental \u201cEscobedo: El General\u201d, una obra f\u00edlmica que narra la vida y legado de uno de los grandes h\u00e9roes de M\u00e9xico. La presentaci\u00f3n del documental se llev\u00f3 a cabo en el Museo [&hellip;]<\/p>\n","protected":false},"author":1,"featured_media":29601,"comment_status":"open","ping_status":"open","sticky":false,"template":"","format":"standard","meta":{"om_disable_all_campaigns":false,"_monsterinsights_skip_tracking":false,"_monsterinsights_sitenote_active":false,"_monsterinsights_sitenote_note":"","_monsterinsights_sitenote_category":0,"footnotes":""},"categories":[16,13],"tags":[],"class_list":["post-29600","post","type-post","status-publish","format-standard","has-post-thumbnail","hentry","category-relevante-2","category-reporte-local"],"aioseo_notices":[],"_links":{"self":[{"href":"https:\/\/digitalreportmx.com\/index.php\/wp-json\/wp\/v2\/posts\/29600","targetHints":{"allow":["GET"]}}],"collection":[{"href":"https:\/\/digitalreportmx.com\/index.php\/wp-json\/wp\/v2\/posts"}],"about":[{"href":"https:\/\/digitalreportmx.com\/index.php\/wp-json\/wp\/v2\/types\/post"}],"author":[{"embeddable":true,"href":"https:\/\/digitalreportmx.com\/index.php\/wp-json\/wp\/v2\/users\/1"}],"replies":[{"embeddable":true,"href":"https:\/\/digitalreportmx.com\/index.php\/wp-json\/wp\/v2\/comments?post=29600"}],"version-history":[{"count":1,"href":"https:\/\/digitalreportmx.com\/index.php\/wp-json\/wp\/v2\/posts\/29600\/revisions"}],"predecessor-version":[{"id":29603,"href":"https:\/\/digitalreportmx.com\/index.php\/wp-json\/wp\/v2\/posts\/29600\/revisions\/29603"}],"wp:featuredmedia":[{"embeddable":true,"href":"https:\/\/digitalreportmx.com\/index.php\/wp-json\/wp\/v2\/media\/29601"}],"wp:attachment":[{"href":"https:\/\/digitalreportmx.com\/index.php\/wp-json\/wp\/v2\/media?parent=29600"}],"wp:term":[{"taxonomy":"category","embeddable":true,"href":"https:\/\/digitalreportmx.com\/index.php\/wp-json\/wp\/v2\/categories?post=29600"},{"taxonomy":"post_tag","embeddable":true,"href":"https:\/\/digitalreportmx.com\/index.php\/wp-json\/wp\/v2\/tags?post=29600"}],"curies":[{"name":"wp","href":"https:\/\/api.w.org\/{rel}","templated":true}]}}