{"id":29604,"date":"2026-01-31T20:43:46","date_gmt":"2026-02-01T02:43:46","guid":{"rendered":"https:\/\/digitalreportmx.com\/?p=29604"},"modified":"2026-01-31T20:48:55","modified_gmt":"2026-02-01T02:48:55","slug":"destaca-docente-en-mision-educativa-de-nasa","status":"publish","type":"post","link":"https:\/\/digitalreportmx.com\/index.php\/2026\/01\/31\/destaca-docente-en-mision-educativa-de-nasa\/","title":{"rendered":"De lujo: Destaca en la NASA docente de la UDEM"},"content":{"rendered":"\n<p><kbd>San Pedro Garza Garc\u00eda, Nuevo Le\u00f3n<\/kbd><\/p>\n\n\n\n<p>El liderazgo pedag\u00f3gico de la Universidad de Monterrey trascendi\u00f3 fronteras internacionales tras confirmarse que la profesora Nerla Ang\u00e9lica Silva Uribe fue seleccionada para representar a M\u00e9xico ante la NASA.&nbsp;<\/p>\n\n\n\n<p>Silva Uribe se consolid\u00f3 como una de las \u00fanicas 70 especialistas elegidas en todo el pa\u00eds para integrar la delegaci\u00f3n que participar\u00e1 en el encuentro cient\u00edfico de mayor prestigio global en el sector espacial.<\/p>\n\n\n\n<p>La profesora de la Academia de Ciencias Naturales y de la Escuela de Ingenier\u00eda de la Universidad de Monterrey fue invitada a participar como Docente Representante de la Misi\u00f3n Educativa MX en el Space Exploration Educators Conference (SEEC) 2026, a celebrarse en la ciudad de Houston, Texas, Estados Unidos, del 3 al 7 de febrero de 2026, en el marco de las actividades acad\u00e9micas desarrolladas en el Space Center Houston.<\/p>\n\n\n\n<p>La Misi\u00f3n Educativa MX tiene como objetivo fortalecer la formaci\u00f3n docente internacional, promoviendo el intercambio de experiencias, la actualizaci\u00f3n pedag\u00f3gica en ciencia y tecnolog\u00eda, y la vinculaci\u00f3n con instituciones de alto impacto educativo, como parte de una visi\u00f3n humanista e innovadora de la educaci\u00f3n.<\/p>\n\n\n\n<p>La catedr\u00e1tica inici\u00f3 su proceso de postulaci\u00f3n desde mayo del a\u00f1o anterior, participando en diversos eventos de investigaci\u00f3n y foros docentes nacionales. Tras meses de ardua competencia y evaluaciones, logr\u00f3 asegurar uno de los escasos lugares disponibles.<\/p>\n\n\n\n<p>\u201cEn el mes de diciembre tuvimos el foro docente nacional y en este foro se volvi\u00f3 a abrir la convocatoria. En total hab\u00eda 70 lugares de diferentes estados para representar a M\u00e9xico en este evento\u201d, record\u00f3 Silva.<\/p>\n\n\n\n<p>El ingreso de la docente a este programa se vincul\u00f3 directamente con la participaci\u00f3n activa de M\u00e9xico en el programa Artemisa de la NASA. Dicha colaboraci\u00f3n busc\u00f3 fomentar la capacitaci\u00f3n cient\u00edfica y el desarrollo tecnol\u00f3gico en las \u00e1reas aeroespaciales.<\/p>\n\n\n\n<p>\u201cLa NASA est\u00e1 capacitando a docentes mexicanos en el Space Center, en temas espaciales, con expertos de la misma NASA durante la conferencia SEEC, dedicada a capacitar a docentes en \u00e1reas STEM (Ciencia, Tecnolog\u00eda, Ingenier\u00eda y Matem\u00e1ticas, por sus siglas en ingl\u00e9s)\u201d, explic\u00f3 la profesora.<\/p>\n\n\n\n<p>El encuentro internacional se centra en brindar herramientas pr\u00e1cticas a los educadores para integrar la ciencia espacial en el aula de manera din\u00e1mica. Los seleccionados acceden a una formaci\u00f3n especializada junto a profesionales calificados del sector.<\/p>\n\n\n\n<p>\u201cVamos a tener la oportunidad de capacitarnos directamente con cient\u00edficos y expertos en exploraci\u00f3n espacial de la NASA, quienes nos dar\u00e1n herramientas pr\u00e1cticas para llevar la ciencia espacial al aula de manera significativa\u201d, afirm\u00f3.<\/p>\n\n\n\n<p>Silva Uribe destac\u00f3 que el conocimiento adquirido se replicar\u00e1 \u00edntegramente en la comunidad educativa de Nuevo Le\u00f3n. El objetivo principal es fortalecer las competencias en ciencia y matem\u00e1ticas de los estudiantes mediante nuevos recursos did\u00e1cticos.<\/p>\n\n\n\n<figure class=\"wp-block-image size-large\"><img loading=\"lazy\" decoding=\"async\" width=\"1024\" height=\"683\" src=\"https:\/\/digitalreportmx.com\/wp-content\/uploads\/2026\/01\/Nerla-Angelica-Silva-Uribe-profesora-de-la-Academia-de-Ciencias-Naturales-y-de-la-Escuela-de-Ingenieria-de-la-UDEM-1024x683.jpg\" alt=\"\" class=\"wp-image-29606\" srcset=\"https:\/\/digitalreportmx.com\/wp-content\/uploads\/2026\/01\/Nerla-Angelica-Silva-Uribe-profesora-de-la-Academia-de-Ciencias-Naturales-y-de-la-Escuela-de-Ingenieria-de-la-UDEM-1024x683.jpg 1024w, https:\/\/digitalreportmx.com\/wp-content\/uploads\/2026\/01\/Nerla-Angelica-Silva-Uribe-profesora-de-la-Academia-de-Ciencias-Naturales-y-de-la-Escuela-de-Ingenieria-de-la-UDEM-300x200.jpg 300w, https:\/\/digitalreportmx.com\/wp-content\/uploads\/2026\/01\/Nerla-Angelica-Silva-Uribe-profesora-de-la-Academia-de-Ciencias-Naturales-y-de-la-Escuela-de-Ingenieria-de-la-UDEM-768x512.jpg 768w, https:\/\/digitalreportmx.com\/wp-content\/uploads\/2026\/01\/Nerla-Angelica-Silva-Uribe-profesora-de-la-Academia-de-Ciencias-Naturales-y-de-la-Escuela-de-Ingenieria-de-la-UDEM.jpg 1200w\" sizes=\"auto, (max-width: 1024px) 100vw, 1024px\" \/><\/figure>\n\n\n\n<p>\u201cCreo que esta capacitaci\u00f3n nos puede llevar a la excelencia acad\u00e9mica y a motivar a los alumnos de que todos podemos llegar a donde nuestros sue\u00f1os nos lleven con perseverancia y educaci\u00f3n\u201d, enfatiz\u00f3.<\/p>\n\n\n\n<p>La transportaci\u00f3n y el hospedaje de la delegaci\u00f3n ser\u00e1n financiados por el gobierno estatal a trav\u00e9s del Instituto de Innovaci\u00f3n y Transferencia de Tecnolog\u00eda de Nuevo Le\u00f3n, lo cual permitir\u00e1 que la docente cumpla con la misi\u00f3n con todos los gastos cubiertos.<\/p>\n\n\n\n<p>La docente subray\u00f3 la importancia de consolidar pr\u00e1cticas educativas alineadas a est\u00e1ndares globales. Su participaci\u00f3n coloca a la educaci\u00f3n superior estatal en un escenario de vanguardia cient\u00edfica internacional.<\/p>\n\n\n\n<p>\u201cSoy orgullosamente UDEM, soy orgullosamente troyana, y creo que estar presente en este tipo de eventos nos fortalece a nivel educativo. Es algo que se puede permear en todos los niveles de nuestra universidad\u201d, coment\u00f3.<\/p>\n\n\n\n<p>Agreg\u00f3 que esta estancia despierta la expectativa de generar redes de colaboraci\u00f3n con cient\u00edficos de diversas partes del mundo, ya que este intercambio fortalecer\u00e1 los futuros proyectos de investigaci\u00f3n multidisciplinarios y posicionar\u00e1 a la educaci\u00f3n mexicana en la vanguardia.<\/p>\n\n\n\n<figure class=\"wp-block-image size-full\"><img loading=\"lazy\" decoding=\"async\" width=\"600\" height=\"800\" src=\"https:\/\/digitalreportmx.com\/wp-content\/uploads\/2026\/01\/La-Dra.-Nerla-acudio-al-Palacio-de-Gobierno-al-evento-para-profesores-seleccionados.jpg\" alt=\"\" class=\"wp-image-29607\" srcset=\"https:\/\/digitalreportmx.com\/wp-content\/uploads\/2026\/01\/La-Dra.-Nerla-acudio-al-Palacio-de-Gobierno-al-evento-para-profesores-seleccionados.jpg 600w, https:\/\/digitalreportmx.com\/wp-content\/uploads\/2026\/01\/La-Dra.-Nerla-acudio-al-Palacio-de-Gobierno-al-evento-para-profesores-seleccionados-225x300.jpg 225w\" sizes=\"auto, (max-width: 600px) 100vw, 600px\" \/><\/figure>\n","protected":false},"excerpt":{"rendered":"<p>San Pedro Garza Garc\u00eda, Nuevo Le\u00f3n El liderazgo pedag\u00f3gico de la Universidad de Monterrey trascendi\u00f3 fronteras internacionales tras confirmarse que la profesora Nerla Ang\u00e9lica Silva Uribe fue seleccionada para representar a M\u00e9xico ante la NASA.&nbsp; Silva Uribe se consolid\u00f3 como una de las \u00fanicas 70 especialistas elegidas en todo el pa\u00eds para integrar la delegaci\u00f3n [&hellip;]<\/p>\n","protected":false},"author":1,"featured_media":29605,"comment_status":"open","ping_status":"open","sticky":false,"template":"","format":"standard","meta":{"om_disable_all_campaigns":false,"_monsterinsights_skip_tracking":false,"_monsterinsights_sitenote_active":false,"_monsterinsights_sitenote_note":"","_monsterinsights_sitenote_category":0,"footnotes":""},"categories":[16,13],"tags":[],"class_list":["post-29604","post","type-post","status-publish","format-standard","has-post-thumbnail","hentry","category-relevante-2","category-reporte-local"],"aioseo_notices":[],"_links":{"self":[{"href":"https:\/\/digitalreportmx.com\/index.php\/wp-json\/wp\/v2\/posts\/29604","targetHints":{"allow":["GET"]}}],"collection":[{"href":"https:\/\/digitalreportmx.com\/index.php\/wp-json\/wp\/v2\/posts"}],"about":[{"href":"https:\/\/digitalreportmx.com\/index.php\/wp-json\/wp\/v2\/types\/post"}],"author":[{"embeddable":true,"href":"https:\/\/digitalreportmx.com\/index.php\/wp-json\/wp\/v2\/users\/1"}],"replies":[{"embeddable":true,"href":"https:\/\/digitalreportmx.com\/index.php\/wp-json\/wp\/v2\/comments?post=29604"}],"version-history":[{"count":10,"href":"https:\/\/digitalreportmx.com\/index.php\/wp-json\/wp\/v2\/posts\/29604\/revisions"}],"predecessor-version":[{"id":29617,"href":"https:\/\/digitalreportmx.com\/index.php\/wp-json\/wp\/v2\/posts\/29604\/revisions\/29617"}],"wp:featuredmedia":[{"embeddable":true,"href":"https:\/\/digitalreportmx.com\/index.php\/wp-json\/wp\/v2\/media\/29605"}],"wp:attachment":[{"href":"https:\/\/digitalreportmx.com\/index.php\/wp-json\/wp\/v2\/media?parent=29604"}],"wp:term":[{"taxonomy":"category","embeddable":true,"href":"https:\/\/digitalreportmx.com\/index.php\/wp-json\/wp\/v2\/categories?post=29604"},{"taxonomy":"post_tag","embeddable":true,"href":"https:\/\/digitalreportmx.com\/index.php\/wp-json\/wp\/v2\/tags?post=29604"}],"curies":[{"name":"wp","href":"https:\/\/api.w.org\/{rel}","templated":true}]}}