{"id":30,"date":"2024-01-05T23:43:34","date_gmt":"2024-01-05T23:43:34","guid":{"rendered":"https:\/\/digitalreportmx.com\/?p=30"},"modified":"2024-01-05T23:43:36","modified_gmt":"2024-01-05T23:43:36","slug":"alistan-la-apertura-de-la-milarca-en-arranque-de-2024","status":"publish","type":"post","link":"https:\/\/digitalreportmx.com\/index.php\/2024\/01\/05\/alistan-la-apertura-de-la-milarca-en-arranque-de-2024\/","title":{"rendered":"Alistan la apertura de La Milarca en arranque de 2024"},"content":{"rendered":"\n<p>STAFF San Pedro Garza Garc\u00eda<\/p>\n\n\n\n<p>&#8220;La Milarca&#8221;, el castillo museogr\u00e1fico multimillonario del ex alcalde Mauricio Fern\u00e1ndez, alista su apertura los pr\u00f3ximos d\u00edas, en este arranque de 2024.<\/p>\n\n\n\n<p>Mauricio Fern\u00e1ndez Garza, principal impulsor del proyecto, inform\u00f3 que el recinto cultural de primer nivel abrir\u00e1 sus puertas a finales de enero.<\/p>\n\n\n\n<p>Ello despu\u00e9s de que a finales del a\u00f1o pasado, se realiz\u00f3 un recorrido por las instalaciones de este museo ubicado en el parque Rufino Tamayo, en el cual estuvo presente el gobernador Samuel Garc\u00eda.<\/p>\n\n\n\n<p>Adem\u00e1s el Estado alista la recepci\u00f3n de La Milarca para que entre en operaci\u00f3n administrativo y control para el cobro de accesos y mantenimiento del mismo.<\/p>\n\n\n\n<figure class=\"wp-block-image size-full\"><img loading=\"lazy\" decoding=\"async\" width=\"678\" height=\"452\" src=\"https:\/\/digitalreportmx.com\/wp-content\/uploads\/2024\/01\/images-1.jpeg\" alt=\"\" class=\"wp-image-31\" srcset=\"https:\/\/digitalreportmx.com\/wp-content\/uploads\/2024\/01\/images-1.jpeg 678w, https:\/\/digitalreportmx.com\/wp-content\/uploads\/2024\/01\/images-1-300x200.jpeg 300w\" sizes=\"auto, (max-width: 678px) 100vw, 678px\" \/><\/figure>\n","protected":false},"excerpt":{"rendered":"<p>STAFF San Pedro Garza Garc\u00eda &#8220;La Milarca&#8221;, el castillo museogr\u00e1fico multimillonario del ex alcalde Mauricio Fern\u00e1ndez, alista su apertura los pr\u00f3ximos d\u00edas, en este arranque de 2024. Mauricio Fern\u00e1ndez Garza, principal impulsor del proyecto, inform\u00f3 que el recinto cultural de primer nivel abrir\u00e1 sus puertas a finales de enero. Ello despu\u00e9s de que a finales [&hellip;]<\/p>\n","protected":false},"author":1,"featured_media":31,"comment_status":"open","ping_status":"open","sticky":false,"template":"","format":"standard","meta":{"om_disable_all_campaigns":false,"_monsterinsights_skip_tracking":false,"_monsterinsights_sitenote_active":false,"_monsterinsights_sitenote_note":"","_monsterinsights_sitenote_category":0,"footnotes":""},"categories":[12],"tags":[],"class_list":["post-30","post","type-post","status-publish","format-standard","has-post-thumbnail","hentry","category-cooltura"],"aioseo_notices":[],"_links":{"self":[{"href":"https:\/\/digitalreportmx.com\/index.php\/wp-json\/wp\/v2\/posts\/30","targetHints":{"allow":["GET"]}}],"collection":[{"href":"https:\/\/digitalreportmx.com\/index.php\/wp-json\/wp\/v2\/posts"}],"about":[{"href":"https:\/\/digitalreportmx.com\/index.php\/wp-json\/wp\/v2\/types\/post"}],"author":[{"embeddable":true,"href":"https:\/\/digitalreportmx.com\/index.php\/wp-json\/wp\/v2\/users\/1"}],"replies":[{"embeddable":true,"href":"https:\/\/digitalreportmx.com\/index.php\/wp-json\/wp\/v2\/comments?post=30"}],"version-history":[{"count":1,"href":"https:\/\/digitalreportmx.com\/index.php\/wp-json\/wp\/v2\/posts\/30\/revisions"}],"predecessor-version":[{"id":32,"href":"https:\/\/digitalreportmx.com\/index.php\/wp-json\/wp\/v2\/posts\/30\/revisions\/32"}],"wp:featuredmedia":[{"embeddable":true,"href":"https:\/\/digitalreportmx.com\/index.php\/wp-json\/wp\/v2\/media\/31"}],"wp:attachment":[{"href":"https:\/\/digitalreportmx.com\/index.php\/wp-json\/wp\/v2\/media?parent=30"}],"wp:term":[{"taxonomy":"category","embeddable":true,"href":"https:\/\/digitalreportmx.com\/index.php\/wp-json\/wp\/v2\/categories?post=30"},{"taxonomy":"post_tag","embeddable":true,"href":"https:\/\/digitalreportmx.com\/index.php\/wp-json\/wp\/v2\/tags?post=30"}],"curies":[{"name":"wp","href":"https:\/\/api.w.org\/{rel}","templated":true}]}}