{"id":3041,"date":"2024-06-13T18:39:08","date_gmt":"2024-06-14T00:39:08","guid":{"rendered":"https:\/\/digitalreportmx.com\/?p=3041"},"modified":"2024-06-13T18:39:09","modified_gmt":"2024-06-14T00:39:09","slug":"inaugura-martha-herrera-congreso-de-sostenibilidad-social-andamos-2024","status":"publish","type":"post","link":"https:\/\/digitalreportmx.com\/index.php\/2024\/06\/13\/inaugura-martha-herrera-congreso-de-sostenibilidad-social-andamos-2024\/","title":{"rendered":"Inaugura Martha Herrera Congreso de Sostenibilidad Social Andamos 2024\u00a0"},"content":{"rendered":"\n<p><strong>STAFF<\/strong> <kbd>Monterrey<\/kbd><\/p>\n\n\n\n<p>Al inaugurar la edici\u00f3n 2024 del Congreso de Sostenibilidad Social Andamos M\u00e9xico, la Secretaria de Igualdad e Inclusi\u00f3n, Martha Herrera, destac\u00f3 la importancia que el impacto social tiene como estrategia para incrementar la competitividad, la sostenibilidad y la prosperidad de las comunidades.\u00a0\u00a0\u00a0<\/p>\n\n\n\n<p>Inform\u00f3 que desde la Secretar\u00eda de Igualdad e Inclusi\u00f3n se han realizado acciones espec\u00edficas para que ninguna persona de los grupos vulnerables se quede atr\u00e1s ni afuera del acceso a las oportunidades y del ejercicio de los derechos fundamentales como la alimentaci\u00f3n, salud, educaci\u00f3n, trabajo y&nbsp; vivienda.&nbsp;<\/p>\n\n\n\n<p>\u201cEste encuentro es una plataforma para formar nuevos liderazgos, capaces de inspirar la transformaci\u00f3n de nuestro entorno, innovando para lograr cambios profundos que beneficien a las organizaciones pero tambi\u00e9n generen valor&nbsp; compartido para una mayor movilidad social\u201d, precis\u00f3 Herrera en el evento de apertura donde estuvo acompa\u00f1ada de Manuel Montoya, Presidente de AndamosMX y director del Cl\u00faster Automotriz en el estado.&nbsp;<\/p>\n\n\n\n<p>Convoc\u00f3 a los liderazgos civiles a seguir poniendo a las personas como centro de sus acciones con una perspectiva de derechos, que contribuya a erradicar las barreas que generan exclusi\u00f3n; a generar valor compartido teniendo en cuenta que el \u00e9xito econ\u00f3mico va de la mano con el progreso social, y a seguir construyendo alianzas estrat\u00e9gicas que permitan transitar de una cultura de sumar a multiplicar&nbsp; esfuerzos y alcances.&nbsp;<\/p>\n\n\n\n<p>Martha Herrera inform\u00f3 que la Secretar\u00eda a su cargo destinar\u00e1 este a\u00f1o recursos por 37.5 millones de pesos las tres convocatorias de Inversi\u00f3n Social Focalizada para apoyar proyectos de las m\u00e1s de 700 organizaciones civiles en temas de Primera Infancia, Inclusi\u00f3n Social y Protecci\u00f3n Social.<\/p>\n\n\n\n<p>Detall\u00f3 que durante 2023, se logr\u00f3 coinvertir de forma directa m\u00e1s de 60 millones de pesos en proyectos focalizados y estrat\u00e9gicos, e inform\u00f3 que el estado cuenta ya con m\u00e1s de 180 empresas con distintivo de Empresa Socialmente Responsable, otorgado por CEMEFI.<\/p>\n\n\n\n<p>La segunda edici\u00f3n del Congreso de Sostenibilidad Social es organizado de manera conjunta por la Secretar\u00eda, Andamos M\u00e9xico y FEMSA, con la participaci\u00f3n de l\u00edderes de organizaciones civiles, filantr\u00f3picas, empresariales y profesionales para promover un futuro \u00e9tico, inclusivo y sostenible.<\/p>\n\n\n\n<p>Esta edici\u00f3n contar\u00e1 con la participaci\u00f3n de Ricardo Bucio, Presidente Ejecutivo de CEMEFI; Luis Portales, L\u00edder en experimentaci\u00f3n y evaluaci\u00f3n de Impacto del Tecnol\u00f3gico de Monterrey; Marco Amaya, Director General de Nuevo Amanecer; Allyson Trevi\u00f1o, de Relaciones con la Comunidad de TERNIUM; Jamie Coats, CEO Wise Responder Inc; Juanita N\u00fa\u00f1ez, de Impacto Corporativo de Latimpacto, entre otros.&nbsp;&nbsp;&nbsp;<\/p>\n","protected":false},"excerpt":{"rendered":"<p>STAFF Monterrey Al inaugurar la edici\u00f3n 2024 del Congreso de Sostenibilidad Social Andamos M\u00e9xico, la Secretaria de Igualdad e Inclusi\u00f3n, Martha Herrera, destac\u00f3 la importancia que el impacto social tiene como estrategia para incrementar la competitividad, la sostenibilidad y la prosperidad de las comunidades.\u00a0\u00a0\u00a0 Inform\u00f3 que desde la Secretar\u00eda de Igualdad e Inclusi\u00f3n se han [&hellip;]<\/p>\n","protected":false},"author":1,"featured_media":3042,"comment_status":"open","ping_status":"open","sticky":false,"template":"","format":"standard","meta":{"om_disable_all_campaigns":false,"_monsterinsights_skip_tracking":false,"_monsterinsights_sitenote_active":false,"_monsterinsights_sitenote_note":"","_monsterinsights_sitenote_category":0,"footnotes":""},"categories":[16,13],"tags":[],"class_list":["post-3041","post","type-post","status-publish","format-standard","has-post-thumbnail","hentry","category-relevante-2","category-reporte-local"],"aioseo_notices":[],"_links":{"self":[{"href":"https:\/\/digitalreportmx.com\/index.php\/wp-json\/wp\/v2\/posts\/3041","targetHints":{"allow":["GET"]}}],"collection":[{"href":"https:\/\/digitalreportmx.com\/index.php\/wp-json\/wp\/v2\/posts"}],"about":[{"href":"https:\/\/digitalreportmx.com\/index.php\/wp-json\/wp\/v2\/types\/post"}],"author":[{"embeddable":true,"href":"https:\/\/digitalreportmx.com\/index.php\/wp-json\/wp\/v2\/users\/1"}],"replies":[{"embeddable":true,"href":"https:\/\/digitalreportmx.com\/index.php\/wp-json\/wp\/v2\/comments?post=3041"}],"version-history":[{"count":1,"href":"https:\/\/digitalreportmx.com\/index.php\/wp-json\/wp\/v2\/posts\/3041\/revisions"}],"predecessor-version":[{"id":3043,"href":"https:\/\/digitalreportmx.com\/index.php\/wp-json\/wp\/v2\/posts\/3041\/revisions\/3043"}],"wp:featuredmedia":[{"embeddable":true,"href":"https:\/\/digitalreportmx.com\/index.php\/wp-json\/wp\/v2\/media\/3042"}],"wp:attachment":[{"href":"https:\/\/digitalreportmx.com\/index.php\/wp-json\/wp\/v2\/media?parent=3041"}],"wp:term":[{"taxonomy":"category","embeddable":true,"href":"https:\/\/digitalreportmx.com\/index.php\/wp-json\/wp\/v2\/categories?post=3041"},{"taxonomy":"post_tag","embeddable":true,"href":"https:\/\/digitalreportmx.com\/index.php\/wp-json\/wp\/v2\/tags?post=3041"}],"curies":[{"name":"wp","href":"https:\/\/api.w.org\/{rel}","templated":true}]}}