{"id":3088,"date":"2024-06-13T21:17:18","date_gmt":"2024-06-14T03:17:18","guid":{"rendered":"https:\/\/digitalreportmx.com\/?p=3088"},"modified":"2024-06-13T22:21:12","modified_gmt":"2024-06-14T04:21:12","slug":"tras-debacle-en-eleccion-desaparece-cybertruck-naranja-de-samuel-garcia","status":"publish","type":"post","link":"https:\/\/digitalreportmx.com\/index.php\/2024\/06\/13\/tras-debacle-en-eleccion-desaparece-cybertruck-naranja-de-samuel-garcia\/","title":{"rendered":"Tras debacle en elecci\u00f3n, desaparece Cybertruck naranja de Samuel Garc\u00eda"},"content":{"rendered":"\n<p><strong>STAFF<\/strong> <kbd>Monterrey<\/kbd><\/p>\n\n\n\n<p>Despu\u00e9s de 2 meses y medio de conducir por las calles y avenidas de Nuevo Le\u00f3n a bordo de su&nbsp;Cybertruck, el gobernador Samuel Garc\u00eda Sep\u00falveda dej\u00f3 de usarla inmediatamente despu\u00e9s de la debacle electoral&nbsp; del 2 de junio.<\/p>\n\n\n\n<p>De hecho en su reaparici\u00f3n de este jueves en el inici\u00f3 de construcci\u00f3n de la planta Bobcat en Salinas Victoria, el mandatario estatal lleg\u00f3 en su Suburban Blanca, que ten\u00eda los \u00faltimos meses de no usarla.<\/p>\n\n\n\n<p>Incluso Garc\u00eda Sep\u00falveda desapareci\u00f3 su barba y ya no porta corbata o atuendos  color naranja, como diariamente lo hizo desde meses atr\u00e1s.<br>Tras conducir su veh\u00edculo el\u00e9ctrico, primero gris y despu\u00e9s naranja, Garc\u00eda Sep\u00falveda hizo \u201cmute\u201d y meti\u00f3 el freno a su camioneta de la marca propiedad de &#8220;su compadre&#8221; Elon Musk, ya que no se le vio por ning\u00fan lado ni siquiera para estacionarlo afuera del Palacio de Gobierno.<br>Esto sucedi\u00f3 justo despu\u00e9s de que su esposa Mariana Rodr\u00edguez perdiera como candidata a la alcald\u00eda de Monterrey y sus allegados de Movimiento Ciudadano, como Glen Villarreal y Laura Paula L\u00f3pez S\u00e1nchez, ex titular del instituto Estatal de las Mujeres, ex candidatos a diputaciones locales y federales y su otro compadre Luis Donaldo Colosio, quien qued\u00f3 en segundo lugar para la Senadur\u00eda de la Rep\u00fablica.<br>Aunque prometi\u00f3 rifarla entre el electorado si Jorge \u00c1lvarez M\u00e1ynez, ex candidato perdedor a la Presidencia de la Rep\u00fablica, quedaba en segundo lugar, Garc\u00eda Sep\u00falveda incumpli\u00f3 y ya nunca se refiri\u00f3 a este compromiso, pues el ex abanderado qued\u00f3 siempre en tercera posici\u00f3n y perdi\u00f3 tambi\u00e9n la presidencial.<\/p>\n\n\n\n<p>Desde el pasado 18 de marzo, el gobernador de Nuevo Le\u00f3n lleg\u00f3 conduciendo una&nbsp;Cybertruck&nbsp;de Tesla, con placas de Texas, a uno de sus eventos p\u00fablicos, al cuarto piso del Estacionamiento E10 de Parque Fundidora, frente al Pabell\u00f3n Ciudadano.<\/p>\n\n\n\n<p>Desde ah\u00ed y durante los 75 d\u00edas despu\u00e9s, Samuel continu\u00f3 inaugurando obras y empresas, siempre arribando con el auto el\u00e9ctrico de Tesla, quien dijo era de un amigo que vive en Laredo, Texas.<\/p>\n\n\n\n<p>Posteriormente reapareci\u00f3 el mandatario con el veh\u00edculo con placas de demostraci\u00f3n en uno de sus eventos.<\/p>\n\n\n\n<p>Sin embargo, finalmente le cambi\u00f3 de nuevo las l\u00e1minas por una de Nuevo Le\u00f3n, pero que estaba registrado a nombre de unos de sus vecinos<br>de nombre Gerardo Andr\u00e9s Garc\u00eda \u00c1lvarez, con domicilio en&nbsp; Cimarr\u00f3n 210 (n\u00famero inexistente en esa calle), en la colonia San Patricio, justo la misma donde reside actualmente&nbsp; el gobernador.<\/p>\n\n\n\n<p>La \u00faltima vez que se le vio a Samuel a bordo de la Cyber fue cuando acudi\u00f3 a recibir a Gerardo Piqu\u00e9 a la Terminal A del Aeropuerto Internacional de Monterrey para participar en el sorteo de la Kings League World Cup.<\/p>\n","protected":false},"excerpt":{"rendered":"<p>STAFF Monterrey Despu\u00e9s de 2 meses y medio de conducir por las calles y avenidas de Nuevo Le\u00f3n a bordo de su&nbsp;Cybertruck, el gobernador Samuel Garc\u00eda Sep\u00falveda dej\u00f3 de usarla inmediatamente despu\u00e9s de la debacle electoral&nbsp; del 2 de junio. De hecho en su reaparici\u00f3n de este jueves en el inici\u00f3 de construcci\u00f3n de la [&hellip;]<\/p>\n","protected":false},"author":1,"featured_media":3089,"comment_status":"open","ping_status":"open","sticky":false,"template":"","format":"standard","meta":{"om_disable_all_campaigns":false,"_monsterinsights_skip_tracking":false,"_monsterinsights_sitenote_active":false,"_monsterinsights_sitenote_note":"","_monsterinsights_sitenote_category":0,"footnotes":""},"categories":[16,13],"tags":[],"class_list":["post-3088","post","type-post","status-publish","format-standard","has-post-thumbnail","hentry","category-relevante-2","category-reporte-local"],"aioseo_notices":[],"_links":{"self":[{"href":"https:\/\/digitalreportmx.com\/index.php\/wp-json\/wp\/v2\/posts\/3088","targetHints":{"allow":["GET"]}}],"collection":[{"href":"https:\/\/digitalreportmx.com\/index.php\/wp-json\/wp\/v2\/posts"}],"about":[{"href":"https:\/\/digitalreportmx.com\/index.php\/wp-json\/wp\/v2\/types\/post"}],"author":[{"embeddable":true,"href":"https:\/\/digitalreportmx.com\/index.php\/wp-json\/wp\/v2\/users\/1"}],"replies":[{"embeddable":true,"href":"https:\/\/digitalreportmx.com\/index.php\/wp-json\/wp\/v2\/comments?post=3088"}],"version-history":[{"count":7,"href":"https:\/\/digitalreportmx.com\/index.php\/wp-json\/wp\/v2\/posts\/3088\/revisions"}],"predecessor-version":[{"id":3097,"href":"https:\/\/digitalreportmx.com\/index.php\/wp-json\/wp\/v2\/posts\/3088\/revisions\/3097"}],"wp:featuredmedia":[{"embeddable":true,"href":"https:\/\/digitalreportmx.com\/index.php\/wp-json\/wp\/v2\/media\/3089"}],"wp:attachment":[{"href":"https:\/\/digitalreportmx.com\/index.php\/wp-json\/wp\/v2\/media?parent=3088"}],"wp:term":[{"taxonomy":"category","embeddable":true,"href":"https:\/\/digitalreportmx.com\/index.php\/wp-json\/wp\/v2\/categories?post=3088"},{"taxonomy":"post_tag","embeddable":true,"href":"https:\/\/digitalreportmx.com\/index.php\/wp-json\/wp\/v2\/tags?post=3088"}],"curies":[{"name":"wp","href":"https:\/\/api.w.org\/{rel}","templated":true}]}}