{"id":3102,"date":"2024-06-14T16:16:17","date_gmt":"2024-06-14T22:16:17","guid":{"rendered":"https:\/\/digitalreportmx.com\/?p=3102"},"modified":"2024-06-14T16:16:18","modified_gmt":"2024-06-14T22:16:18","slug":"expide-monterrey-primer-reglamento-de-cuidados-en-mexico","status":"publish","type":"post","link":"https:\/\/digitalreportmx.com\/index.php\/2024\/06\/14\/expide-monterrey-primer-reglamento-de-cuidados-en-mexico\/","title":{"rendered":"Expide Monterrey primer Reglamento de Cuidados en M\u00e9xico"},"content":{"rendered":"\n<p><strong>STAFF<\/strong> <kbd>Monterrey<\/kbd><\/p>\n\n\n\n<p>Con la aprobaci\u00f3n para expedir el nuevo Reglamento del Sistema Municipal de Cuidados de Monterrey, la capital del estado sienta un precedente nacional al convertirse en la primera en contar con esta normativa.<\/p>\n\n\n\n<p>Para el Alcalde Luis Donaldo Colosio, la m\u00e1s reciente sesi\u00f3n de Cabildo fue un hecho hist\u00f3rico cuando S\u00edndicos y Regidores autorizaron dicha ordenanza.<\/p>\n\n\n\n<p>\u201cCon la aprobaci\u00f3n de este reglamento para nuestro Sistema Municipal de Cuidados vamos a asistir y apoyar a todas las personas cuidadoras desde una perspectiva de derechos humanos con enfoque de g\u00e9nero, interseccional e intercultural para poder reconocer, redistribuir y para poder remunerar los trabajos de cuidados en Monterrey.<\/p>\n\n\n\n<p>\u201cEs un logro m\u00e1s para cumplir nuestra meta de crear pol\u00edtica p\u00fablica que ayude a hacer de las labores de cuidado un centro en la econom\u00eda de la ciudad y en el desarrollo social y econ\u00f3mico de nuestra entidad\u201d, reconoci\u00f3.<\/p>\n\n\n\n<p>El objetivo es desarrollar medidas que ayuden a reducir el trabajo de cuidar a personas, para implementar servicios p\u00fablicos accesibles, suficientes y de calidad para las cuidadoras, que suelen ser mujeres que padecen una sobrecarga de trabajo, impidi\u00e9ndoles el pleno goce de sus derechos sociales econ\u00f3micos y personales.<\/p>\n\n\n\n<p>Es sabido que, en M\u00e9xico, por cada persona imposibilitada en valerse por s\u00ed misma ya sea por la edad, enfermedad o incapacidad, se suma alguien m\u00e1s que deja su vida de lado para atender a quien depende de \u00e9l.<\/p>\n\n\n\n<p>Colosio agradeci\u00f3 el apoyo para convertir a Monterrey en una ciudad de cuidados, que ha recibido del Cabildo y de diferentes niveles de gobierno e incluso de organismos internacionales como la iniciativa Bloomberg-Harvard, City Leadership Initiative, y ONU Mujeres.<\/p>\n\n\n\n<p>Explic\u00f3 que, a trav\u00e9s de dichas colaboraciones, esta capital se coloca en la palestra nacional para reconocer y ayudar a los cuidadores.<\/p>\n\n\n\n<p>GRAD\u00daAN A PERSONAL EN EL SISTEMA DE CUIDADOS<\/p>\n\n\n\n<p>Como parte de este proyecto, el Gobierno de Monterrey prepara sus servidores p\u00fablicos con capacitaciones especializadas.<\/p>\n\n\n\n<p>En d\u00edas pasados se gradu\u00f3 la segunda generaci\u00f3n de funcionarios quienes ahora son capaces de promover la visibilizaci\u00f3n de las personas que ejercen la labor diaria de atender a otras personas con necesidades especiales.<\/p>\n\n\n\n<p>Los graduados concluyeron el curso en l\u00ednea sobre el &#8220;Sistema Municipal de Cuidados&#8221; que ofrece la Secretar\u00eda de Desarrollo Humano e Igualdad Sustantiva.<\/p>\n\n\n\n<p>Cerca de 50 servidores p\u00fablicos de Monterrey recibieron un reconocimiento por el aprendizaje adquirido; con lo que suman casi 150 empleados capacitados.<\/p>\n\n\n\n<p>La Secretaria de Desarrollo Humano e Igualdad Sustantiva, Laura Campos, felicit\u00f3 a los asistentes por completar el curso.<\/p>\n\n\n\n<p>\u201cEn el Gobierno de Monterrey reconocemos la importancia de incorporar los cuidados al interior de la administraci\u00f3n, as\u00ed como en las actividades dirigidas a la ciudadan\u00eda y por eso debemos conocer, estudiar y entender qu\u00e9 son los cuidados\u201d, dijo.<\/p>\n\n\n\n<p>\u201cA su vez les va a servir para su desarrollo integral; este curso les proporciona conocimientos t\u00e9cnicos, pero tambi\u00e9n busca fortalecer su empat\u00eda y su capacidad para actuar con sensibilidad ante las necesidades de los dem\u00e1s\u201d.<\/p>\n\n\n\n<p>MANZANA DEL CUIDADO<\/p>\n\n\n\n<p>Otras de las acciones que realiza la Administraci\u00f3n local en el \u00e1mbito de los cuidados, es la rehabilitaci\u00f3n de la llamada \u201cManzana del cuidado\u201d en la colonia San Bernab\u00e9, primer sector.<\/p>\n\n\n\n<p>En el lugar se ampl\u00eda una estancia infantil, se construye una ludoteca geri\u00e1trica y un \u00e1rea para la atenci\u00f3n de los cuidadores. Las obras concluir\u00e1n en septiembre.<\/p>\n","protected":false},"excerpt":{"rendered":"<p>STAFF Monterrey Con la aprobaci\u00f3n para expedir el nuevo Reglamento del Sistema Municipal de Cuidados de Monterrey, la capital del estado sienta un precedente nacional al convertirse en la primera en contar con esta normativa. Para el Alcalde Luis Donaldo Colosio, la m\u00e1s reciente sesi\u00f3n de Cabildo fue un hecho hist\u00f3rico cuando S\u00edndicos y Regidores [&hellip;]<\/p>\n","protected":false},"author":1,"featured_media":3103,"comment_status":"open","ping_status":"open","sticky":false,"template":"","format":"standard","meta":{"om_disable_all_campaigns":false,"_monsterinsights_skip_tracking":false,"_monsterinsights_sitenote_active":false,"_monsterinsights_sitenote_note":"","_monsterinsights_sitenote_category":0,"footnotes":""},"categories":[16,13],"tags":[],"class_list":["post-3102","post","type-post","status-publish","format-standard","has-post-thumbnail","hentry","category-relevante-2","category-reporte-local"],"aioseo_notices":[],"_links":{"self":[{"href":"https:\/\/digitalreportmx.com\/index.php\/wp-json\/wp\/v2\/posts\/3102","targetHints":{"allow":["GET"]}}],"collection":[{"href":"https:\/\/digitalreportmx.com\/index.php\/wp-json\/wp\/v2\/posts"}],"about":[{"href":"https:\/\/digitalreportmx.com\/index.php\/wp-json\/wp\/v2\/types\/post"}],"author":[{"embeddable":true,"href":"https:\/\/digitalreportmx.com\/index.php\/wp-json\/wp\/v2\/users\/1"}],"replies":[{"embeddable":true,"href":"https:\/\/digitalreportmx.com\/index.php\/wp-json\/wp\/v2\/comments?post=3102"}],"version-history":[{"count":1,"href":"https:\/\/digitalreportmx.com\/index.php\/wp-json\/wp\/v2\/posts\/3102\/revisions"}],"predecessor-version":[{"id":3104,"href":"https:\/\/digitalreportmx.com\/index.php\/wp-json\/wp\/v2\/posts\/3102\/revisions\/3104"}],"wp:featuredmedia":[{"embeddable":true,"href":"https:\/\/digitalreportmx.com\/index.php\/wp-json\/wp\/v2\/media\/3103"}],"wp:attachment":[{"href":"https:\/\/digitalreportmx.com\/index.php\/wp-json\/wp\/v2\/media?parent=3102"}],"wp:term":[{"taxonomy":"category","embeddable":true,"href":"https:\/\/digitalreportmx.com\/index.php\/wp-json\/wp\/v2\/categories?post=3102"},{"taxonomy":"post_tag","embeddable":true,"href":"https:\/\/digitalreportmx.com\/index.php\/wp-json\/wp\/v2\/tags?post=3102"}],"curies":[{"name":"wp","href":"https:\/\/api.w.org\/{rel}","templated":true}]}}