{"id":32199,"date":"2026-03-04T13:15:41","date_gmt":"2026-03-04T19:15:41","guid":{"rendered":"https:\/\/digitalreportmx.com\/?p=32199"},"modified":"2026-03-04T13:15:43","modified_gmt":"2026-03-04T19:15:43","slug":"listo-san-pedro-para-el-mundial","status":"publish","type":"post","link":"https:\/\/digitalreportmx.com\/index.php\/2026\/03\/04\/listo-san-pedro-para-el-mundial\/","title":{"rendered":"Listo San Pedro para el Mundial"},"content":{"rendered":"\n<p><kbd>San Pedro Garza Garc\u00eda <\/kbd><\/p>\n\n\n\n<p>El Municipio de San Pedro Garza Garc\u00eda se declar\u00f3 listo para recibir al Mundial de futbol y a visitantes nacionales e internacionales que llegar\u00e1 en las pr\u00f3ximas semanas, con motivo de los partidos de repechaje y del arranque de la Copa del Mundo.<\/p>\n\n\n\n<p>Al presentar la campa\u00f1a \u201cSan Pedro de nivel mundial\u201d, el Alcalde Mauricio Farah Giacom\u00e1n afirm\u00f3 que el municipio cuenta con condiciones consolidadas de nivel mundial en materia de seguridad, infraestructura y oferta tur\u00edstica, gastron\u00f3mica y de hospitalidad para atender eventos de car\u00e1cter internacional.<\/p>\n\n\n\n<figure class=\"wp-block-image size-large\"><img loading=\"lazy\" decoding=\"async\" width=\"1024\" height=\"682\" src=\"https:\/\/digitalreportmx.com\/wp-content\/uploads\/2026\/03\/1000212524-1024x682.jpg\" alt=\"\" class=\"wp-image-32200\" srcset=\"https:\/\/digitalreportmx.com\/wp-content\/uploads\/2026\/03\/1000212524-1024x682.jpg 1024w, https:\/\/digitalreportmx.com\/wp-content\/uploads\/2026\/03\/1000212524-300x200.jpg 300w, https:\/\/digitalreportmx.com\/wp-content\/uploads\/2026\/03\/1000212524-768x512.jpg 768w, https:\/\/digitalreportmx.com\/wp-content\/uploads\/2026\/03\/1000212524-1536x1024.jpg 1536w, https:\/\/digitalreportmx.com\/wp-content\/uploads\/2026\/03\/1000212524-2048x1365.jpg 2048w\" sizes=\"auto, (max-width: 1024px) 100vw, 1024px\" \/><\/figure>\n\n\n\n<p>\u201cSan Pedro no se ha venido preparando, sino ya estaba lista (la ciudad) desde antes para recibir a toda clase de gente de todo el mundo. San Pedro no solamente tiene la mejor calidad de vida, sino estamos en los primeros lugares en seguridad, tenemos las mejores plazas comerciales y los mejores comercios, pero principalmente los mejores espacios p\u00fablicos para que la gente los pueda venir a disfrutar\u201d, dijo Farah Giacom\u00e1n.<\/p>\n\n\n\n<p>\u201cEstamos muy contentos de poder recibir al mundo, que conozcan San Pedro, darles esta cara pero, principalmente para un servidor, para esta administraci\u00f3n, para que tambi\u00e9n toda nuestra comunidad, los sampetrinos y tambi\u00e9n el \u00e1rea metropolitana puedan vivir un Mundial de la mejor manera\u201d.<\/p>\n\n\n\n<figure class=\"wp-block-image size-large\"><img loading=\"lazy\" decoding=\"async\" width=\"1024\" height=\"682\" src=\"https:\/\/digitalreportmx.com\/wp-content\/uploads\/2026\/03\/1000212532-1024x682.jpg\" alt=\"\" class=\"wp-image-32201\" srcset=\"https:\/\/digitalreportmx.com\/wp-content\/uploads\/2026\/03\/1000212532-1024x682.jpg 1024w, https:\/\/digitalreportmx.com\/wp-content\/uploads\/2026\/03\/1000212532-300x200.jpg 300w, https:\/\/digitalreportmx.com\/wp-content\/uploads\/2026\/03\/1000212532-768x512.jpg 768w, https:\/\/digitalreportmx.com\/wp-content\/uploads\/2026\/03\/1000212532-1536x1024.jpg 1536w, https:\/\/digitalreportmx.com\/wp-content\/uploads\/2026\/03\/1000212532-2048x1365.jpg 2048w\" sizes=\"auto, (max-width: 1024px) 100vw, 1024px\" \/><\/figure>\n\n\n\n<p>El Municipio dispone de un estado de fuerza consolidado, cobertura estrat\u00e9gica de videovigilancia y coordinaci\u00f3n permanente con autoridades estatales y federales, as\u00ed como con la FIFA, lo que permitir\u00e1 atender el incremento en la actividad en zonas comerciales, en m\u00e1s de 700 restaurantes (2 con estrella Michelin) y en m\u00e1s de 50 hoteles, sin alterar la vida cotidiana de las familias.<\/p>\n\n\n\n<p>En materia de servicios de nivel mundial, la operaci\u00f3n de San Pedro es continua en mantenimiento urbano, limpieza y atenci\u00f3n a parques y espacios p\u00fablicos; adem\u00e1s, la infraestructura vial y urbana funciona de manera ordinaria todos los d\u00edas.<\/p>\n\n\n\n<p>En las pr\u00f3ximas semanas se prev\u00e9 un incremento de participantes, ya que el 26 y el 31 de marzo se disputar\u00e1n dos partidos de la etapa de repechaje en el Estadio BBVA y, posteriormente, en junio, iniciar\u00e1 la Copa del Mundo, con Nuevo Le\u00f3n como una de las sedes oficiales.<\/p>\n\n\n\n<p>\u201cComo saben, San Pedro tenemos seguridad de nivel mundial, parques de nivel mundial, servicios p\u00fablicos de nivel mundial, espacios p\u00fablicos de nivel mundial, plazas comerciales, hoteles, y no es casualidad que por sea San Pedro sea practicamente el Municipio donde se van a hospedar todas las grandes Selecciones que vienen, gente de los distintos gobiernos, de los distintos pa\u00edses\u201d, se\u00f1al\u00f3 el Secretario Ejecutivo del Alcalde, Juan Pablo Castuera.<\/p>\n\n\n\n<p>En las pr\u00f3ximas semanas se presentar\u00e1n los detalles del operativo especial que integrar\u00e1 acciones de seguridad, movilidad y servicios tur\u00edsticos con motivo del Mundial.<\/p>\n\n\n\n<p>A la presentaci\u00f3n de la campa\u00f1a acudi\u00f3 Alejandro H\u00fctt, Host City Manager de la FIFA.<\/p>\n\n\n\n<p>\u201cPara nosotros es un honor estar aqu\u00ed y muy agradecidos de poder trabajar de la mano, creo que ahora sigue una estrecha coordinaci\u00f3n en materia de seguridad, en materia de movilidad, que ya tiene un par de a\u00f1os que se viene trabajando y que ahora se est\u00e1 reforzando\u201d, puntualiz\u00f3 H\u00fctt.<\/p>\n\n\n\n<p>San Pedro no se transforma para estar a la altura del Mundial, confirma que es, en seguridad, servicios y calidad de vida, una ciudad de nivel mundial.<\/p>\n","protected":false},"excerpt":{"rendered":"<p>San Pedro Garza Garc\u00eda El Municipio de San Pedro Garza Garc\u00eda se declar\u00f3 listo para recibir al Mundial de futbol y a visitantes nacionales e internacionales que llegar\u00e1 en las pr\u00f3ximas semanas, con motivo de los partidos de repechaje y del arranque de la Copa del Mundo. Al presentar la campa\u00f1a \u201cSan Pedro de nivel [&hellip;]<\/p>\n","protected":false},"author":1,"featured_media":32202,"comment_status":"open","ping_status":"open","sticky":false,"template":"","format":"standard","meta":{"om_disable_all_campaigns":false,"_monsterinsights_skip_tracking":false,"_monsterinsights_sitenote_active":false,"_monsterinsights_sitenote_note":"","_monsterinsights_sitenote_category":0,"footnotes":""},"categories":[15,6],"tags":[],"class_list":["post-32199","post","type-post","status-publish","format-standard","has-post-thumbnail","hentry","category-relevante","category-local"],"aioseo_notices":[],"_links":{"self":[{"href":"https:\/\/digitalreportmx.com\/index.php\/wp-json\/wp\/v2\/posts\/32199","targetHints":{"allow":["GET"]}}],"collection":[{"href":"https:\/\/digitalreportmx.com\/index.php\/wp-json\/wp\/v2\/posts"}],"about":[{"href":"https:\/\/digitalreportmx.com\/index.php\/wp-json\/wp\/v2\/types\/post"}],"author":[{"embeddable":true,"href":"https:\/\/digitalreportmx.com\/index.php\/wp-json\/wp\/v2\/users\/1"}],"replies":[{"embeddable":true,"href":"https:\/\/digitalreportmx.com\/index.php\/wp-json\/wp\/v2\/comments?post=32199"}],"version-history":[{"count":1,"href":"https:\/\/digitalreportmx.com\/index.php\/wp-json\/wp\/v2\/posts\/32199\/revisions"}],"predecessor-version":[{"id":32203,"href":"https:\/\/digitalreportmx.com\/index.php\/wp-json\/wp\/v2\/posts\/32199\/revisions\/32203"}],"wp:featuredmedia":[{"embeddable":true,"href":"https:\/\/digitalreportmx.com\/index.php\/wp-json\/wp\/v2\/media\/32202"}],"wp:attachment":[{"href":"https:\/\/digitalreportmx.com\/index.php\/wp-json\/wp\/v2\/media?parent=32199"}],"wp:term":[{"taxonomy":"category","embeddable":true,"href":"https:\/\/digitalreportmx.com\/index.php\/wp-json\/wp\/v2\/categories?post=32199"},{"taxonomy":"post_tag","embeddable":true,"href":"https:\/\/digitalreportmx.com\/index.php\/wp-json\/wp\/v2\/tags?post=32199"}],"curies":[{"name":"wp","href":"https:\/\/api.w.org\/{rel}","templated":true}]}}