{"id":32266,"date":"2026-03-05T14:16:57","date_gmt":"2026-03-05T20:16:57","guid":{"rendered":"https:\/\/digitalreportmx.com\/?p=32266"},"modified":"2026-03-05T14:18:41","modified_gmt":"2026-03-05T20:18:41","slug":"tendran-jornada-por-todas-las-mujeres-en-tierra-y-libertad","status":"publish","type":"post","link":"https:\/\/digitalreportmx.com\/index.php\/2026\/03\/05\/tendran-jornada-por-todas-las-mujeres-en-tierra-y-libertad\/","title":{"rendered":"Tendr\u00e1n jornada por las mujeres en Tierra y Libertad"},"content":{"rendered":"\n<p><kbd>Monterrey<\/kbd>, NL<\/p>\n\n\n\n<p>Antes, durante y despu\u00e9s del 8M, D\u00eda Internacional de la Mujer, la colonia Tierra y Libertad tendr\u00e1 una jornada por todas las mujeres, as\u00ed lo dio a conocer la diputada Lupita Rodr\u00edguez Mart\u00ednez al hacer extensiva la invitaci\u00f3n al programa de actividades.<\/p>\n\n\n\n<p>El viernes 6 de marzo, en la Preparatoria T\u00e9cnica y Universidad Emiliano Zapata, as\u00ed como en las Escuelas de Artes y Oficios se har\u00e1 activaci\u00f3n f\u00edsica feminista y un mosaico art\u00edstico conmemorativo del 8 de marzo.<\/p>\n\n\n\n<p>Se inaugurar\u00e1 adem\u00e1s el Mural Colectivo \u201cLa Mujer es la Esencia del Arte\u201d que las estudiantes realizaron en la semana y se abrir\u00e1 el Foro de Di\u00e1logos y Propuestas a una Sola Voz, para concluir con la Verbena Popular y Feminista: Las Mujeres al Poder.<\/p>\n\n\n\n<figure class=\"wp-block-image size-large\"><img loading=\"lazy\" decoding=\"async\" width=\"629\" height=\"1024\" src=\"https:\/\/digitalreportmx.com\/wp-content\/uploads\/2026\/03\/1000093865-629x1024.jpg\" alt=\"\" class=\"wp-image-32268\" srcset=\"https:\/\/digitalreportmx.com\/wp-content\/uploads\/2026\/03\/1000093865-629x1024.jpg 629w, https:\/\/digitalreportmx.com\/wp-content\/uploads\/2026\/03\/1000093865-184x300.jpg 184w, https:\/\/digitalreportmx.com\/wp-content\/uploads\/2026\/03\/1000093865-768x1251.jpg 768w, https:\/\/digitalreportmx.com\/wp-content\/uploads\/2026\/03\/1000093865.jpg 786w\" sizes=\"auto, (max-width: 629px) 100vw, 629px\" \/><\/figure>\n\n\n\n<p>En los Centros de Desarrollo Infantil (CENDI), las ni\u00f1as y los ni\u00f1os se vestir\u00e1n de morado para participar en representaciones y mosaicos art\u00edsticos, desfiles de mujeres ilustres, pasarelas por alfombra morada, elaboraci\u00f3n de dibujos y figuras, as\u00ed como en actividades con sus madres para fomentar una cultura de convivencia.<\/p>\n\n\n\n<p>\u201cSe les introduce desde la temprana edad en una visi\u00f3n con perspectiva de g\u00e9nero, se promueve que son iguales y que tienen derechos que se deben de respetar\u201d, coment\u00f3 la tambi\u00e9n directora general de los CENDI.<\/p>\n\n\n\n<figure class=\"wp-block-image size-large\"><img loading=\"lazy\" decoding=\"async\" width=\"722\" height=\"1024\" src=\"https:\/\/digitalreportmx.com\/wp-content\/uploads\/2026\/03\/1000093871-722x1024.jpg\" alt=\"\" class=\"wp-image-32270\" srcset=\"https:\/\/digitalreportmx.com\/wp-content\/uploads\/2026\/03\/1000093871-722x1024.jpg 722w, https:\/\/digitalreportmx.com\/wp-content\/uploads\/2026\/03\/1000093871-212x300.jpg 212w, https:\/\/digitalreportmx.com\/wp-content\/uploads\/2026\/03\/1000093871-768x1089.jpg 768w, https:\/\/digitalreportmx.com\/wp-content\/uploads\/2026\/03\/1000093871.jpg 903w\" sizes=\"auto, (max-width: 722px) 100vw, 722px\" \/><\/figure>\n\n\n\n<p>El domingo 8 de marzo, en el Frente Popular \u201cTierra y Libertad\u201d se conmemorar\u00e1 el 8M con una asamblea feminista. Habr\u00e1 proyecci\u00f3n de v\u00eddeos, mensajes y participaci\u00f3n de jefas de base, coordinadoras de sectores y activistas de las Ligas Femeniles y una convivencia.<\/p>\n\n\n\n<p>Y, el lunes 9 de marzo, se llevar\u00e1 a cabo la conferencia magistral \u201cDerechos, Justicia y Acci\u00f3n por Todas las Mujeres\u201d, a cargo de la doctora Elizabeth Aguilar Parra, directora del Centro de Investigaci\u00f3n Familiar y galardonada en el 2024 como \u201cMujer que Inspira\u201d.<\/p>\n\n\n\n<figure class=\"wp-block-image size-large\"><img loading=\"lazy\" decoding=\"async\" width=\"695\" height=\"1024\" src=\"https:\/\/digitalreportmx.com\/wp-content\/uploads\/2026\/03\/1000093869-695x1024.jpg\" alt=\"\" class=\"wp-image-32271\" srcset=\"https:\/\/digitalreportmx.com\/wp-content\/uploads\/2026\/03\/1000093869-695x1024.jpg 695w, https:\/\/digitalreportmx.com\/wp-content\/uploads\/2026\/03\/1000093869-204x300.jpg 204w, https:\/\/digitalreportmx.com\/wp-content\/uploads\/2026\/03\/1000093869-768x1131.jpg 768w, https:\/\/digitalreportmx.com\/wp-content\/uploads\/2026\/03\/1000093869.jpg 869w\" sizes=\"auto, (max-width: 695px) 100vw, 695px\" \/><\/figure>\n\n\n\n<p>La doctora Lupita Rodr\u00edguez consider\u00f3 que esta jornada servir\u00e1 para resaltar las luchas emancipadoras y transformadoras que las mujeres han encabezado a trav\u00e9s de la historia y \u201cpara valorar lo que hemos avanzado en materia de derechos humanos\u201d.<\/p>\n\n\n\n<figure class=\"wp-block-image size-large\"><img loading=\"lazy\" decoding=\"async\" width=\"792\" height=\"1024\" src=\"https:\/\/digitalreportmx.com\/wp-content\/uploads\/2026\/03\/1000093861-792x1024.jpg\" alt=\"\" class=\"wp-image-32272\" srcset=\"https:\/\/digitalreportmx.com\/wp-content\/uploads\/2026\/03\/1000093861-792x1024.jpg 792w, https:\/\/digitalreportmx.com\/wp-content\/uploads\/2026\/03\/1000093861-232x300.jpg 232w, https:\/\/digitalreportmx.com\/wp-content\/uploads\/2026\/03\/1000093861-768x993.jpg 768w, https:\/\/digitalreportmx.com\/wp-content\/uploads\/2026\/03\/1000093861.jpg 990w\" sizes=\"auto, (max-width: 792px) 100vw, 792px\" \/><\/figure>\n\n\n\n<figure class=\"wp-block-image size-large\"><img loading=\"lazy\" decoding=\"async\" width=\"767\" height=\"1024\" src=\"https:\/\/digitalreportmx.com\/wp-content\/uploads\/2026\/03\/1000093867-767x1024.jpg\" alt=\"\" class=\"wp-image-32273\" srcset=\"https:\/\/digitalreportmx.com\/wp-content\/uploads\/2026\/03\/1000093867-767x1024.jpg 767w, https:\/\/digitalreportmx.com\/wp-content\/uploads\/2026\/03\/1000093867-225x300.jpg 225w, https:\/\/digitalreportmx.com\/wp-content\/uploads\/2026\/03\/1000093867-768x1025.jpg 768w, https:\/\/digitalreportmx.com\/wp-content\/uploads\/2026\/03\/1000093867.jpg 959w\" sizes=\"auto, (max-width: 767px) 100vw, 767px\" \/><\/figure>\n","protected":false},"excerpt":{"rendered":"<p>Monterrey, NL Antes, durante y despu\u00e9s del 8M, D\u00eda Internacional de la Mujer, la colonia Tierra y Libertad tendr\u00e1 una jornada por todas las mujeres, as\u00ed lo dio a conocer la diputada Lupita Rodr\u00edguez Mart\u00ednez al hacer extensiva la invitaci\u00f3n al programa de actividades. El viernes 6 de marzo, en la Preparatoria T\u00e9cnica y Universidad [&hellip;]<\/p>\n","protected":false},"author":1,"featured_media":32267,"comment_status":"open","ping_status":"open","sticky":false,"template":"","format":"standard","meta":{"om_disable_all_campaigns":false,"_monsterinsights_skip_tracking":false,"_monsterinsights_sitenote_active":false,"_monsterinsights_sitenote_note":"","_monsterinsights_sitenote_category":0,"footnotes":""},"categories":[16,13],"tags":[],"class_list":["post-32266","post","type-post","status-publish","format-standard","has-post-thumbnail","hentry","category-relevante-2","category-reporte-local"],"aioseo_notices":[],"_links":{"self":[{"href":"https:\/\/digitalreportmx.com\/index.php\/wp-json\/wp\/v2\/posts\/32266","targetHints":{"allow":["GET"]}}],"collection":[{"href":"https:\/\/digitalreportmx.com\/index.php\/wp-json\/wp\/v2\/posts"}],"about":[{"href":"https:\/\/digitalreportmx.com\/index.php\/wp-json\/wp\/v2\/types\/post"}],"author":[{"embeddable":true,"href":"https:\/\/digitalreportmx.com\/index.php\/wp-json\/wp\/v2\/users\/1"}],"replies":[{"embeddable":true,"href":"https:\/\/digitalreportmx.com\/index.php\/wp-json\/wp\/v2\/comments?post=32266"}],"version-history":[{"count":3,"href":"https:\/\/digitalreportmx.com\/index.php\/wp-json\/wp\/v2\/posts\/32266\/revisions"}],"predecessor-version":[{"id":32275,"href":"https:\/\/digitalreportmx.com\/index.php\/wp-json\/wp\/v2\/posts\/32266\/revisions\/32275"}],"wp:featuredmedia":[{"embeddable":true,"href":"https:\/\/digitalreportmx.com\/index.php\/wp-json\/wp\/v2\/media\/32267"}],"wp:attachment":[{"href":"https:\/\/digitalreportmx.com\/index.php\/wp-json\/wp\/v2\/media?parent=32266"}],"wp:term":[{"taxonomy":"category","embeddable":true,"href":"https:\/\/digitalreportmx.com\/index.php\/wp-json\/wp\/v2\/categories?post=32266"},{"taxonomy":"post_tag","embeddable":true,"href":"https:\/\/digitalreportmx.com\/index.php\/wp-json\/wp\/v2\/tags?post=32266"}],"curies":[{"name":"wp","href":"https:\/\/api.w.org\/{rel}","templated":true}]}}