{"id":32447,"date":"2026-03-07T17:56:41","date_gmt":"2026-03-07T23:56:41","guid":{"rendered":"https:\/\/digitalreportmx.com\/?p=32447"},"modified":"2026-03-07T17:57:27","modified_gmt":"2026-03-07T23:57:27","slug":"arma-nl-festin-deportivo-de-centros-comunitarios","status":"publish","type":"post","link":"https:\/\/digitalreportmx.com\/index.php\/2026\/03\/07\/arma-nl-festin-deportivo-de-centros-comunitarios\/","title":{"rendered":"Arma NL Fest\u00edn Deportivo de Centros Comunitarios"},"content":{"rendered":"\n<p><kbd>Monterrey<\/kbd>, Nuevo Le\u00f3n<\/p>\n\n\n\n<p>Martha Herrera, Secretaria de Igualdad e Inclusi\u00f3n inaugur\u00f3 la Feria Deportiva de Centros Comunitarios, con el prop\u00f3sito de concientizar sobre la importancia de la pr\u00e1ctica del deporte como medio de prevenci\u00f3n, generar la participaci\u00f3n comunitaria y el desarrollo personal.<\/p>\n\n\n\n<p>La titular de la dependencia destac\u00f3 que a trav\u00e9s del deporte se fortalece la comunidad. &#8220;Vamos a hacer que nuestra comunidad crezca, yo voy a estar aqu\u00ed para ustedes, voy a estar aqu\u00ed para sus hijos, para sus hijas, para sus comunidades, yo tengo un compromiso que hago con ustedes, no les he fallado ni una sola vez, siempre voy a estar para ustedes, para escuchar las necesidades m\u00e1s apremiantes, los desaf\u00edos que viven ustedes, sobre todo mis mujeres, en todas sus casas, sus colonias&#8221;, indic\u00f3.<\/p>\n\n\n\n<p>Durante el evento que se realiz\u00f3 en el Macrocentro Comunitario Independencia, se presentaron actividades deportivas en las disciplinas de taekwondo, box, lucha ol\u00edmpica, gimnasia art\u00edstica, gimnasia a\u00e9rea, karate, ajedrez, f\u00fatbol, b\u00e1squetbol, voleibol, crossfit, tenis de mesa, fitness y ritmos, en las que ni\u00f1as, ni\u00f1os, j\u00f3venes y personas adultas dieron muestra de las habilidades adquiridas a trav\u00e9s de los talleres deportivos.<\/p>\n\n\n\n<p>En la feria deportiva tuvieron representaci\u00f3n los centros comunitarios Topo Chico, San Bernab\u00e9, Valle de la Esperanza, La Alianza, La Alianza Sector Q, Independencia, Sierra Ventana, Revoluci\u00f3n Proletaria y La Estanzuela, con una asistencia de m\u00e1s de mil 500 personas.<\/p>\n\n\n\n<p>La Feria Deportiva que comenz\u00f3 en 2016, ha reunido a miles de beneficiarios en un esfuerzo por fortalecer el desarrollo deportivo y la integraci\u00f3n familiar. <\/p>\n\n\n\n<p>A lo largo de cinco exitosas ediciones, se ha presentado un crecimiento significativo en la participaci\u00f3n al pasar de 700 beneficiarios en 2016 a m\u00e1s de 8 mil en 2025.<\/p>\n\n\n\n<p>Los Centros Comunitarios de la Secretar\u00eda de Igualdad e Inclusi\u00f3n, han demostrado ser una cuna de campeones, generando talentos que han destacado a nivel nacional e internacional. Entre los logros m\u00e1s recientes se encuentran los Campeones Mundiales del Desaf\u00edo Mundial Madrid 2023 y los Subcampeones del Desaf\u00edo Mundial Madrid 2024 y 2025.<\/p>\n\n\n\n<p>Adem\u00e1s de contar con campeones en competencias paranacionales, nacionales y panamericanas en disciplinas como f\u00fatbol, taekwondo, lucha ol\u00edmpica, tenis de mesa y ajedrez.<\/p>\n\n\n\n<figure class=\"wp-block-image size-large\"><img loading=\"lazy\" decoding=\"async\" width=\"1024\" height=\"683\" src=\"https:\/\/digitalreportmx.com\/wp-content\/uploads\/2026\/03\/1000097422-1024x683.jpg\" alt=\"\" class=\"wp-image-32450\" srcset=\"https:\/\/digitalreportmx.com\/wp-content\/uploads\/2026\/03\/1000097422-1024x683.jpg 1024w, https:\/\/digitalreportmx.com\/wp-content\/uploads\/2026\/03\/1000097422-300x200.jpg 300w, https:\/\/digitalreportmx.com\/wp-content\/uploads\/2026\/03\/1000097422-768x512.jpg 768w, https:\/\/digitalreportmx.com\/wp-content\/uploads\/2026\/03\/1000097422.jpg 1500w\" sizes=\"auto, (max-width: 1024px) 100vw, 1024px\" \/><\/figure>\n","protected":false},"excerpt":{"rendered":"<p>Monterrey, Nuevo Le\u00f3n Martha Herrera, Secretaria de Igualdad e Inclusi\u00f3n inaugur\u00f3 la Feria Deportiva de Centros Comunitarios, con el prop\u00f3sito de concientizar sobre la importancia de la pr\u00e1ctica del deporte como medio de prevenci\u00f3n, generar la participaci\u00f3n comunitaria y el desarrollo personal. La titular de la dependencia destac\u00f3 que a trav\u00e9s del deporte se fortalece [&hellip;]<\/p>\n","protected":false},"author":1,"featured_media":32448,"comment_status":"open","ping_status":"open","sticky":false,"template":"","format":"standard","meta":{"om_disable_all_campaigns":false,"_monsterinsights_skip_tracking":false,"_monsterinsights_sitenote_active":false,"_monsterinsights_sitenote_note":"","_monsterinsights_sitenote_category":0,"footnotes":""},"categories":[16,9],"tags":[],"class_list":["post-32447","post","type-post","status-publish","format-standard","has-post-thumbnail","hentry","category-relevante-2","category-sports"],"aioseo_notices":[],"_links":{"self":[{"href":"https:\/\/digitalreportmx.com\/index.php\/wp-json\/wp\/v2\/posts\/32447","targetHints":{"allow":["GET"]}}],"collection":[{"href":"https:\/\/digitalreportmx.com\/index.php\/wp-json\/wp\/v2\/posts"}],"about":[{"href":"https:\/\/digitalreportmx.com\/index.php\/wp-json\/wp\/v2\/types\/post"}],"author":[{"embeddable":true,"href":"https:\/\/digitalreportmx.com\/index.php\/wp-json\/wp\/v2\/users\/1"}],"replies":[{"embeddable":true,"href":"https:\/\/digitalreportmx.com\/index.php\/wp-json\/wp\/v2\/comments?post=32447"}],"version-history":[{"count":2,"href":"https:\/\/digitalreportmx.com\/index.php\/wp-json\/wp\/v2\/posts\/32447\/revisions"}],"predecessor-version":[{"id":32451,"href":"https:\/\/digitalreportmx.com\/index.php\/wp-json\/wp\/v2\/posts\/32447\/revisions\/32451"}],"wp:featuredmedia":[{"embeddable":true,"href":"https:\/\/digitalreportmx.com\/index.php\/wp-json\/wp\/v2\/media\/32448"}],"wp:attachment":[{"href":"https:\/\/digitalreportmx.com\/index.php\/wp-json\/wp\/v2\/media?parent=32447"}],"wp:term":[{"taxonomy":"category","embeddable":true,"href":"https:\/\/digitalreportmx.com\/index.php\/wp-json\/wp\/v2\/categories?post=32447"},{"taxonomy":"post_tag","embeddable":true,"href":"https:\/\/digitalreportmx.com\/index.php\/wp-json\/wp\/v2\/tags?post=32447"}],"curies":[{"name":"wp","href":"https:\/\/api.w.org\/{rel}","templated":true}]}}