{"id":32488,"date":"2026-03-08T10:18:35","date_gmt":"2026-03-08T16:18:35","guid":{"rendered":"https:\/\/digitalreportmx.com\/?p=32488"},"modified":"2026-03-08T10:18:36","modified_gmt":"2026-03-08T16:18:36","slug":"estrena-estado-tercera-aula-tecnologica-base","status":"publish","type":"post","link":"https:\/\/digitalreportmx.com\/index.php\/2026\/03\/08\/estrena-estado-tercera-aula-tecnologica-base\/","title":{"rendered":"Estrena Estado tercera Aula Tecnol\u00f3gica BASE"},"content":{"rendered":"\n<p><kbd>Monterrey<\/kbd>, Nuevo Le\u00f3n<\/p>\n\n\n\n<p>El Gobierno del Estado de Nuevo Le\u00f3n, a trav\u00e9s de la Secretar\u00eda de Igualdad e Inclusi\u00f3n, en coordinaci\u00f3n con Grupo Financiero BASE y su Fondo Educativo, inauguraron la tercera Aula Tecnol\u00f3gica BASE.<\/p>\n\n\n\n<p>Con ello se reafirma el compromiso compartido de generar condiciones que permitan a las personas desarrollar habilidades, acceder a nuevas oportunidades y reducir brechas sociales y digitales.<\/p>\n\n\n\n<p>Martha Herrera, Secretaria de Igualdad e Inclusi\u00f3n, destac\u00f3 que a trav\u00e9s de las alianzas estrat\u00e9gicas, se logra transformar las comunidades y ofrecer m\u00e1s oportunidades para todas las personas.<\/p>\n\n\n\n<p>\u201cRealmente hacen un impacto muy positivo en su comunidad, qu\u00e9 bueno que el valor que generan lo comparten con nosotros, no tengan miedo de hacer alianza con el Gobierno. Vali\u00f3 la pena cada peso y el esfuerzo que ustedes hacen por transformar su comunidad\u201d, indic\u00f3.<\/p>\n\n\n\n<p>Esta iniciativa es parte de la estrategia para promover la corresponsabilidad entre sectores y construir soluciones sostenibles que fortalezcan el desarrollo integral de las comunidades, particularmente en zonas de atenci\u00f3n prioritaria.Las Aulas Tecnol\u00f3gicas BASE tienen el objetivo de empoderar a las comunidades en zonas de atenci\u00f3n prioritaria, mediante el acceso a herramientas tecnol\u00f3gicas de vanguardia.<\/p>\n\n\n\n<p>La expansi\u00f3n del programa responde al \u00e9xito observado en el Centro Comunitario Monte Kristal, donde el aula tecnol\u00f3gica inaugurada en 2024, se consolid\u00f3 como un centro neur\u00e1lgico de aprendizaje. <\/p>\n\n\n\n<p>En su primer a\u00f1o de operaci\u00f3n, el espacio imparti\u00f3 50 talleres para mil 29 beneficiarios. En 2025, la demanda y eficiencia del programa escalaron significativamente, alcanzando 1,930 horas de instrucci\u00f3n a trav\u00e9s de 57 talleres que impactaron a m\u00e1s de mil ciudadanos. <\/p>\n\n\n\n<figure class=\"wp-block-image size-large\"><img loading=\"lazy\" decoding=\"async\" width=\"1024\" height=\"682\" src=\"https:\/\/digitalreportmx.com\/wp-content\/uploads\/2026\/03\/1000098265-1024x682.jpg\" alt=\"\" class=\"wp-image-32490\" srcset=\"https:\/\/digitalreportmx.com\/wp-content\/uploads\/2026\/03\/1000098265-1024x682.jpg 1024w, https:\/\/digitalreportmx.com\/wp-content\/uploads\/2026\/03\/1000098265-300x200.jpg 300w, https:\/\/digitalreportmx.com\/wp-content\/uploads\/2026\/03\/1000098265-768x512.jpg 768w, https:\/\/digitalreportmx.com\/wp-content\/uploads\/2026\/03\/1000098265-1536x1023.jpg 1536w, https:\/\/digitalreportmx.com\/wp-content\/uploads\/2026\/03\/1000098265.jpg 1600w\" sizes=\"auto, (max-width: 1024px) 100vw, 1024px\" \/><\/figure>\n\n\n\n<p>Por su parte, Lorenzo Barrera Segovia, Presidente Ejecutivo del Consejo de Administraci\u00f3n de BASE, enfatiz\u00f3 el compromiso de la empresa con la comunidad.<\/p>\n\n\n\n<p>&#8220;En el marco de nuestro 40 aniversario, reafirmamos que ser una instituci\u00f3n financiera s\u00f3lida implica tambi\u00e9n ser un motor de cambio social. El Fondo Educativo BASE naci\u00f3 para eliminar las barreras que impiden el talento. <\/p>\n\n\n\n<p>&#8220;Al inaugurar esta aula junto al Gobierno del Estado, celebramos cuatro d\u00e9cadas de hacer las cosas bien, transformando la rentabilidad en oportunidades educativas que construyen un M\u00e9xico m\u00e1s fuerte&#8221;, explic\u00f3.<\/p>\n\n\n\n<p>A trav\u00e9s de este tipo de alianzas, la Secretar\u00eda de Igualdad e Inclusi\u00f3n impulsa acciones que inciden en la reducci\u00f3n de desigualdades, fortalecen el acceso a derechos sociales y promueven el desarrollo de capacidades, contribuyendo a que m\u00e1s personas puedan integrarse plenamente a la econom\u00eda y a la vida comunitaria.<\/p>\n\n\n\n<p>El modelo de colaboraci\u00f3n con el sector privado permite potenciar recursos, escalar intervenciones y generar impactos sostenibles que se traducen en mejores condiciones de bienestar para las familias de Nuevo Le\u00f3n.<\/p>\n\n\n\n<p>El modelo ha probado su eficacia en el Centro Comunitario Monte Kristal. En 2025 se impartieron un 34% m\u00e1s de horas de capacitaci\u00f3n que en 2024, alcanzando un total de 1,930 horas. <\/p>\n\n\n\n<p>Un acumulado de 107 talleres t\u00e9cnicos especializados ha permitido que m\u00e1s de 2 mil personas adquieran habilidades que van desde la alfabetizaci\u00f3n digital hasta programaci\u00f3n b\u00e1sica.<\/p>\n\n\n\n<p>\u00c1lvaro Barrera Segovia, Vicepresidente Ejecutivo del Consejo de Administraci\u00f3n de BASE, explic\u00f3 que el Fondo Educativo BASE es una estructura a trav\u00e9s de la cual se destina entre el 0.25% y el 1.25% de las Utilidades Netas a proyectos de educaci\u00f3n y tecnolog\u00eda.<\/p>\n\n\n\n<p> \u201cEsto significa que nuestros clientes, al confiar en nosotros, est\u00e1n contribuyendo directamente a que j\u00f3venes de Nuevo Le\u00f3n tengan acceso a becas del 100% y a aulas como la que hoy inauguramos. Nuestra meta es que la tecnolog\u00eda no sea un lujo, sino un derecho accesible para el talento local&#8221;, dijo.<\/p>\n\n\n\n<p>JulIo Escand\u00f3n, Director General de BASE agreg\u00f3 que la solidez financiera debe traducirse en oportunidades reales para el desarrollo social y la construcci\u00f3n de un futuro m\u00e1s equitativo para los j\u00f3venes de Nuevo Le\u00f3n.<\/p>\n","protected":false},"excerpt":{"rendered":"<p>Monterrey, Nuevo Le\u00f3n El Gobierno del Estado de Nuevo Le\u00f3n, a trav\u00e9s de la Secretar\u00eda de Igualdad e Inclusi\u00f3n, en coordinaci\u00f3n con Grupo Financiero BASE y su Fondo Educativo, inauguraron la tercera Aula Tecnol\u00f3gica BASE. Con ello se reafirma el compromiso compartido de generar condiciones que permitan a las personas desarrollar habilidades, acceder a nuevas [&hellip;]<\/p>\n","protected":false},"author":1,"featured_media":32489,"comment_status":"open","ping_status":"open","sticky":false,"template":"","format":"standard","meta":{"om_disable_all_campaigns":false,"_monsterinsights_skip_tracking":false,"_monsterinsights_sitenote_active":false,"_monsterinsights_sitenote_note":"","_monsterinsights_sitenote_category":0,"footnotes":""},"categories":[16,13],"tags":[],"class_list":["post-32488","post","type-post","status-publish","format-standard","has-post-thumbnail","hentry","category-relevante-2","category-reporte-local"],"aioseo_notices":[],"_links":{"self":[{"href":"https:\/\/digitalreportmx.com\/index.php\/wp-json\/wp\/v2\/posts\/32488","targetHints":{"allow":["GET"]}}],"collection":[{"href":"https:\/\/digitalreportmx.com\/index.php\/wp-json\/wp\/v2\/posts"}],"about":[{"href":"https:\/\/digitalreportmx.com\/index.php\/wp-json\/wp\/v2\/types\/post"}],"author":[{"embeddable":true,"href":"https:\/\/digitalreportmx.com\/index.php\/wp-json\/wp\/v2\/users\/1"}],"replies":[{"embeddable":true,"href":"https:\/\/digitalreportmx.com\/index.php\/wp-json\/wp\/v2\/comments?post=32488"}],"version-history":[{"count":1,"href":"https:\/\/digitalreportmx.com\/index.php\/wp-json\/wp\/v2\/posts\/32488\/revisions"}],"predecessor-version":[{"id":32491,"href":"https:\/\/digitalreportmx.com\/index.php\/wp-json\/wp\/v2\/posts\/32488\/revisions\/32491"}],"wp:featuredmedia":[{"embeddable":true,"href":"https:\/\/digitalreportmx.com\/index.php\/wp-json\/wp\/v2\/media\/32489"}],"wp:attachment":[{"href":"https:\/\/digitalreportmx.com\/index.php\/wp-json\/wp\/v2\/media?parent=32488"}],"wp:term":[{"taxonomy":"category","embeddable":true,"href":"https:\/\/digitalreportmx.com\/index.php\/wp-json\/wp\/v2\/categories?post=32488"},{"taxonomy":"post_tag","embeddable":true,"href":"https:\/\/digitalreportmx.com\/index.php\/wp-json\/wp\/v2\/tags?post=32488"}],"curies":[{"name":"wp","href":"https:\/\/api.w.org\/{rel}","templated":true}]}}