{"id":3250,"date":"2024-06-22T16:38:15","date_gmt":"2024-06-22T22:38:15","guid":{"rendered":"https:\/\/digitalreportmx.com\/?p=3250"},"modified":"2024-06-22T16:38:54","modified_gmt":"2024-06-22T22:38:54","slug":"presenta-monterrey-plan-vial-de-emergencia-ante-danos-de-tormenta-alberto","status":"publish","type":"post","link":"https:\/\/digitalreportmx.com\/index.php\/2024\/06\/22\/presenta-monterrey-plan-vial-de-emergencia-ante-danos-de-tormenta-alberto\/","title":{"rendered":"Presenta Monterrey Plan Vial de Emergencia ante da\u00f1os de tormenta"},"content":{"rendered":"\n<p><strong>STAFF<\/strong> <kbd>Monterrey<\/kbd> <\/p>\n\n\n\n<p>Ante los da\u00f1os causados a la infraestructura vial paralela al R\u00edo Santa Catarina por las lluvias de la tormenta Alberto, el Gobierno de Monterrey present\u00f3 un Plan Vial de Emergencia para asegurar la fluidez del tr\u00e1fico y minimizar las complicaciones en la movilidad de toda la zona metropolitana.<\/p>\n\n\n\n<p>La estrategia del Gobierno de Monterrey es necesaria ante la afectaci\u00f3n de los carriles expr\u00e9s de las avenidas Constituci\u00f3n y Morones Prieto, a causa de la crecida del R\u00edo Santa Catarina el mi\u00e9rcoles 19 y el jueves 20.<\/p>\n\n\n\n<p>Por cuesti\u00f3n de seguridad y hasta su reconstrucci\u00f3n, estar\u00e1n fuera de servicio los carriles expr\u00e9s de Constituci\u00f3n, desde los l\u00edmites con el Municipio de Guadalupe y hasta Gonzalitos, y tambi\u00e9n los de Morones Prieto, de Gonzalitos al Parque Espa\u00f1a.<\/p>\n\n\n\n<p>El Plan Vial de Emergencia contempla intervenciones viales menores en 10 puntos de Constituci\u00f3n y 4 de Morones Prieto que permitir\u00e1n asegurar que cada arteria tendr\u00e1 al menos tres carriles en toda su extensi\u00f3n, para evitar \u201cembudos\u201d.<\/p>\n\n\n\n<p>La propuesta presentada por el Alcalde Luis Donaldo Colosio Riojas considera alternativas viales para conectar con los municipios de Guadalupe y San Pedro, y para dirigirse hacia el Centro de Monterrey y las zonas sur y poniente.<\/p>\n\n\n\n<p>\u201cEste Plan de Emergencia Vial ser\u00e1 de suma importancia para poder transitar adecuadamente por nuestra zona metropolitana durante los pr\u00f3ximos meses. Como ver\u00e1n se van a realizar puntos de cierre, rutas de desv\u00edo ante el cierre total de los carriles expr\u00e9s de Morones Prieto y Constituci\u00f3n\u201d, dijo Colosio Riojas.<\/p>\n\n\n\n<p>\u201cEstamos proponiendo mejoras para facilitar un flujo continuo en los carriles ordinarios de Constituci\u00f3n y de Morones Prieto y tambi\u00e9n estamos adaptando v\u00edas alternas para la circulaci\u00f3n y para su fluidez, por eso vamos a realizar algunas acciones puntuales, vamos a instalar en calles y avenidas se\u00f1alizaci\u00f3n y lonas informativas para delimitar estas nuevas rutas alternas de punta a punta\u201d.<\/p>\n\n\n\n<p>El plan prev\u00e9 operativos para la agilizaci\u00f3n del tr\u00e1nsito, restricci\u00f3n de estacionamiento en v\u00edas alternas y mejoras en la operaci\u00f3n de los sem\u00e1foros.<\/p>\n\n\n\n<p>Tambi\u00e9n se contempla que en caso de accidentes por alcance, cuando no haya lesionados ni personas fallecidas, los participantes puedan mover sus veh\u00edculos fuera de la circulaci\u00f3n y esperar en la orilla a los agentes de Tr\u00e1nsito y a su aseguradora.<\/p>\n\n\n\n<p>El Presidente Municipal estim\u00f3 que al menos en Monterrey, a excepci\u00f3n de los carriles expr\u00e9s, las reparaciones en calles y avenidas podr\u00edan ser terminadas en esta administraci\u00f3n.<\/p>\n\n\n\n<p>La cuantificaci\u00f3n total de los da\u00f1os, dijo, podr\u00eda iniciar una vez que pasen las lluvias y los escurrimientos.<\/p>\n\n\n\n<p>Colosio Riojas consider\u00f3 que es urgente la implementaci\u00f3n de un fondo para la atenci\u00f3n de los da\u00f1os.<\/p>\n\n\n\n<p>\u201cYa sea a nivel federal o bien si tenemos que procurarlo a nivel estatal, como se hab\u00eda propuesto originalmente por parte de la mesa de coordinaci\u00f3n metropolitana, un Fondo de Atenci\u00f3n ante Desastres Naturales es inminente, es urgente y es una muy buena idea\u201d, agreg\u00f3.<\/p>\n\n\n\n<p>En la presentaci\u00f3n del Plan Vial de Emergencia estuvieron, adem\u00e1s del Alcalde, Brenda S\u00e1nchez, Guillermo Hern\u00e1ndez y Santos Vald\u00e9s, secretarios de Desarrollo Urbano Sostenible, Infraestructura Sostenible y Servicios P\u00fablicos, respectivamente, y Fernando Fern\u00e1ndez, Director de Protecci\u00f3n Civil de Monterrey.<\/p>\n\n\n\n<p>Tambi\u00e9n participaron Jes\u00fas S\u00e1nchez, Director General de Movilidad y Espacio P\u00fablico; Emmanuel Acevedo, Director de Seguridad Vial, y Pablo Reyes, Director de Movilidad Sostenible.<\/p>\n\n\n\n<p>El Gobierno de Monterrey exhorta a respetar los l\u00edmites de velocidad y las se\u00f1ales de tr\u00e1nsito y a no utilizar el celular al conducir, adicionalmente agradece la comprensi\u00f3n y colaboraci\u00f3n de la ciudadan\u00eda para lograr una movilidad m\u00e1s eficiente.<\/p>\n\n\n\n<figure class=\"wp-block-video\"><video controls src=\"https:\/\/digitalreportmx.com\/wp-content\/uploads\/2024\/06\/VID-20240622-WA0020.mp4\"><\/video><\/figure>\n","protected":false},"excerpt":{"rendered":"<p>STAFF Monterrey Ante los da\u00f1os causados a la infraestructura vial paralela al R\u00edo Santa Catarina por las lluvias de la tormenta Alberto, el Gobierno de Monterrey present\u00f3 un Plan Vial de Emergencia para asegurar la fluidez del tr\u00e1fico y minimizar las complicaciones en la movilidad de toda la zona metropolitana. La estrategia del Gobierno de [&hellip;]<\/p>\n","protected":false},"author":1,"featured_media":3251,"comment_status":"open","ping_status":"open","sticky":false,"template":"","format":"standard","meta":{"om_disable_all_campaigns":false,"_monsterinsights_skip_tracking":false,"_monsterinsights_sitenote_active":false,"_monsterinsights_sitenote_note":"","_monsterinsights_sitenote_category":0,"footnotes":""},"categories":[16,13],"tags":[],"class_list":["post-3250","post","type-post","status-publish","format-standard","has-post-thumbnail","hentry","category-relevante-2","category-reporte-local"],"aioseo_notices":[],"_links":{"self":[{"href":"https:\/\/digitalreportmx.com\/index.php\/wp-json\/wp\/v2\/posts\/3250","targetHints":{"allow":["GET"]}}],"collection":[{"href":"https:\/\/digitalreportmx.com\/index.php\/wp-json\/wp\/v2\/posts"}],"about":[{"href":"https:\/\/digitalreportmx.com\/index.php\/wp-json\/wp\/v2\/types\/post"}],"author":[{"embeddable":true,"href":"https:\/\/digitalreportmx.com\/index.php\/wp-json\/wp\/v2\/users\/1"}],"replies":[{"embeddable":true,"href":"https:\/\/digitalreportmx.com\/index.php\/wp-json\/wp\/v2\/comments?post=3250"}],"version-history":[{"count":2,"href":"https:\/\/digitalreportmx.com\/index.php\/wp-json\/wp\/v2\/posts\/3250\/revisions"}],"predecessor-version":[{"id":3254,"href":"https:\/\/digitalreportmx.com\/index.php\/wp-json\/wp\/v2\/posts\/3250\/revisions\/3254"}],"wp:featuredmedia":[{"embeddable":true,"href":"https:\/\/digitalreportmx.com\/index.php\/wp-json\/wp\/v2\/media\/3251"}],"wp:attachment":[{"href":"https:\/\/digitalreportmx.com\/index.php\/wp-json\/wp\/v2\/media?parent=3250"}],"wp:term":[{"taxonomy":"category","embeddable":true,"href":"https:\/\/digitalreportmx.com\/index.php\/wp-json\/wp\/v2\/categories?post=3250"},{"taxonomy":"post_tag","embeddable":true,"href":"https:\/\/digitalreportmx.com\/index.php\/wp-json\/wp\/v2\/tags?post=3250"}],"curies":[{"name":"wp","href":"https:\/\/api.w.org\/{rel}","templated":true}]}}