{"id":32511,"date":"2026-03-08T15:33:12","date_gmt":"2026-03-08T21:33:12","guid":{"rendered":"https:\/\/digitalreportmx.com\/?p=32511"},"modified":"2026-03-08T15:33:13","modified_gmt":"2026-03-08T21:33:13","slug":"conmemoran-en-san-pedro-de-pinta-el-8m-con-reflexion","status":"publish","type":"post","link":"https:\/\/digitalreportmx.com\/index.php\/2026\/03\/08\/conmemoran-en-san-pedro-de-pinta-el-8m-con-reflexion\/","title":{"rendered":"Conmemoran en San Pedro de Pinta el 8M con reflexi\u00f3n"},"content":{"rendered":"\n<p><kbd>San Pedro Garza Garc\u00eda<\/kbd><\/p>\n\n\n\n<p>Cerca de 200 participantes se suman a din\u00e1micas organizadas por el DIF de San Pedro Garza Garc\u00eda para visibilizar la importancia de erradicar la violencia de g\u00e9nero.<\/p>\n\n\n\n<p>En el marco del D\u00eda Internacional de la Mujer, el DIF San Pedro Garza Garc\u00eda realiz\u00f3 diversas actividades de reflexi\u00f3n y convivencia en San Pedro de Pinta, con el objetivo de visibilizar la importancia de prevenir y erradicar la violencia de g\u00e9nero.<\/p>\n\n\n\n<p>Entre las actividades se llev\u00f3 a cabo una caminata y posteriormente las asistentes formaron de manera colectiva la figura del n\u00famero 8, en alusi\u00f3n al 8 de marzo y a la conmemoraci\u00f3n de la lucha por los derechos de las mujeres.<\/p>\n\n\n\n<p>Alrededor de 200 mujeres participaron en las distintas din\u00e1micas, adem\u00e1s de paseantes que se sumaron a la caminata y a una activaci\u00f3n f\u00edsica.<\/p>\n\n\n\n<figure class=\"wp-block-image size-large\"><img loading=\"lazy\" decoding=\"async\" width=\"1024\" height=\"935\" src=\"https:\/\/digitalreportmx.com\/wp-content\/uploads\/2026\/03\/1000098901-1024x935.jpg\" alt=\"\" class=\"wp-image-32513\" srcset=\"https:\/\/digitalreportmx.com\/wp-content\/uploads\/2026\/03\/1000098901-1024x935.jpg 1024w, https:\/\/digitalreportmx.com\/wp-content\/uploads\/2026\/03\/1000098901-300x274.jpg 300w, https:\/\/digitalreportmx.com\/wp-content\/uploads\/2026\/03\/1000098901-768x701.jpg 768w, https:\/\/digitalreportmx.com\/wp-content\/uploads\/2026\/03\/1000098901.jpg 1066w\" sizes=\"auto, (max-width: 1024px) 100vw, 1024px\" \/><\/figure>\n\n\n\n<p>Claudette Trevi\u00f1o, directora del DIF San Pedro, explic\u00f3 que tambi\u00e9n se realizaron actividades como el dise\u00f1o y pintura de bolsas de manta con mensajes positivos dirigidos a las mujeres, as\u00ed como la elaboraci\u00f3n de un mural con frases de apoyo escritas por quienes participaron en las din\u00e1micas.<\/p>\n\n\n\n<p>\u201cEl 8 de marzo es una fecha que reconoce la valent\u00eda, la resiliencia y las contribuciones de todas esas mujeres que han abierto camino en nuestra sociedad; el 8 de marzo tambi\u00e9n es una fecha que duele, una fecha que duele por todas las mujeres que han quedado en el camino\u201d, expres\u00f3 la directora del DIF.<\/p>\n\n\n\n<figure class=\"wp-block-image size-large\"><img loading=\"lazy\" decoding=\"async\" width=\"1024\" height=\"682\" src=\"https:\/\/digitalreportmx.com\/wp-content\/uploads\/2026\/03\/1000098896-1024x682.jpg\" alt=\"\" class=\"wp-image-32514\" srcset=\"https:\/\/digitalreportmx.com\/wp-content\/uploads\/2026\/03\/1000098896-1024x682.jpg 1024w, https:\/\/digitalreportmx.com\/wp-content\/uploads\/2026\/03\/1000098896-300x200.jpg 300w, https:\/\/digitalreportmx.com\/wp-content\/uploads\/2026\/03\/1000098896-768x512.jpg 768w, https:\/\/digitalreportmx.com\/wp-content\/uploads\/2026\/03\/1000098896-1536x1023.jpg 1536w, https:\/\/digitalreportmx.com\/wp-content\/uploads\/2026\/03\/1000098896.jpg 1600w\" sizes=\"auto, (max-width: 1024px) 100vw, 1024px\" \/><\/figure>\n\n\n\n<p>El compromiso del Municipio de San Pedro Garza Garc\u00eda, explic\u00f3 Trevi\u00f1o, es contar con espacios seguros, de escucha, que refuercen el valor de la mujer, por lo que en el DIF San Pedro se ofrecen servicios de acompa\u00f1amiento psicol\u00f3gico, legal y de trabajo social.<\/p>\n","protected":false},"excerpt":{"rendered":"<p>San Pedro Garza Garc\u00eda Cerca de 200 participantes se suman a din\u00e1micas organizadas por el DIF de San Pedro Garza Garc\u00eda para visibilizar la importancia de erradicar la violencia de g\u00e9nero. En el marco del D\u00eda Internacional de la Mujer, el DIF San Pedro Garza Garc\u00eda realiz\u00f3 diversas actividades de reflexi\u00f3n y convivencia en San [&hellip;]<\/p>\n","protected":false},"author":1,"featured_media":32512,"comment_status":"open","ping_status":"open","sticky":false,"template":"","format":"standard","meta":{"om_disable_all_campaigns":false,"_monsterinsights_skip_tracking":false,"_monsterinsights_sitenote_active":false,"_monsterinsights_sitenote_note":"","_monsterinsights_sitenote_category":0,"footnotes":""},"categories":[16,18],"tags":[],"class_list":["post-32511","post","type-post","status-publish","format-standard","has-post-thumbnail","hentry","category-relevante-2","category-tendencia"],"aioseo_notices":[],"_links":{"self":[{"href":"https:\/\/digitalreportmx.com\/index.php\/wp-json\/wp\/v2\/posts\/32511","targetHints":{"allow":["GET"]}}],"collection":[{"href":"https:\/\/digitalreportmx.com\/index.php\/wp-json\/wp\/v2\/posts"}],"about":[{"href":"https:\/\/digitalreportmx.com\/index.php\/wp-json\/wp\/v2\/types\/post"}],"author":[{"embeddable":true,"href":"https:\/\/digitalreportmx.com\/index.php\/wp-json\/wp\/v2\/users\/1"}],"replies":[{"embeddable":true,"href":"https:\/\/digitalreportmx.com\/index.php\/wp-json\/wp\/v2\/comments?post=32511"}],"version-history":[{"count":1,"href":"https:\/\/digitalreportmx.com\/index.php\/wp-json\/wp\/v2\/posts\/32511\/revisions"}],"predecessor-version":[{"id":32515,"href":"https:\/\/digitalreportmx.com\/index.php\/wp-json\/wp\/v2\/posts\/32511\/revisions\/32515"}],"wp:featuredmedia":[{"embeddable":true,"href":"https:\/\/digitalreportmx.com\/index.php\/wp-json\/wp\/v2\/media\/32512"}],"wp:attachment":[{"href":"https:\/\/digitalreportmx.com\/index.php\/wp-json\/wp\/v2\/media?parent=32511"}],"wp:term":[{"taxonomy":"category","embeddable":true,"href":"https:\/\/digitalreportmx.com\/index.php\/wp-json\/wp\/v2\/categories?post=32511"},{"taxonomy":"post_tag","embeddable":true,"href":"https:\/\/digitalreportmx.com\/index.php\/wp-json\/wp\/v2\/tags?post=32511"}],"curies":[{"name":"wp","href":"https:\/\/api.w.org\/{rel}","templated":true}]}}