{"id":32626,"date":"2026-03-09T21:43:30","date_gmt":"2026-03-10T03:43:30","guid":{"rendered":"https:\/\/digitalreportmx.com\/?p=32626"},"modified":"2026-03-09T21:43:32","modified_gmt":"2026-03-10T03:43:32","slug":"sera-circulacion-de-doble-sentido-en-villagran-en-monterrey","status":"publish","type":"post","link":"https:\/\/digitalreportmx.com\/index.php\/2026\/03\/09\/sera-circulacion-de-doble-sentido-en-villagran-en-monterrey\/","title":{"rendered":"Ser\u00e1 circulaci\u00f3n de doble sentido en Villagr\u00e1n en Monterrey"},"content":{"rendered":"\n<p><kbd>Monterrey, NL <\/kbd><\/p>\n\n\n\n<p>Para continuar con la reparaci\u00f3n de la calle Juli\u00e1n Villagr\u00e1n en el primer cuadro de la ciudad, el Gobierno de Monterrey permitir\u00e1 la doble circulaci\u00f3n en dicha arteria, a la altura de la Central de Autobuses.<\/p>\n\n\n\n<p>El tramo por d\u00f3nde se implementar\u00e1 la medida ya fue rehabilitado con concreto hidr\u00e1ulico.<\/p>\n\n\n\n<p>Los veh\u00edculos podr\u00e1n transitar en ambos sentidos de la Avenida Col\u00f3n a Miguel Dom\u00ednguez y viceversa.<\/p>\n\n\n\n<p>Y es que los trabajos contin\u00faan sobre Villagr\u00e1n, una cuadra hacia el norte, entre Miguel Dom\u00ednguez y Pedro Celestino Negrete, por lo que este tramo ser\u00e1 cerrado completamente a la circulaci\u00f3n.<\/p>\n\n\n\n<p>Esta medida permitir\u00e1 que los camiones ingresen y salgan de la Central f\u00e1cilmente.<\/p>\n\n\n\n<p>Se contar\u00e1 con apoyo de personal de la Direcci\u00f3n de Tr\u00e1nsito de Monterrey para evitar congestionamientos viales.<\/p>\n\n\n\n<p>El doble sentido a la circulaci\u00f3n en calle Villagr\u00e1n iniciar\u00e1 a las 9:00 a.m., de este martes 10 de marzo y se mantendr\u00e1 hasta el \u00faltimo d\u00eda del mes.<\/p>\n","protected":false},"excerpt":{"rendered":"<p>Monterrey, NL Para continuar con la reparaci\u00f3n de la calle Juli\u00e1n Villagr\u00e1n en el primer cuadro de la ciudad, el Gobierno de Monterrey permitir\u00e1 la doble circulaci\u00f3n en dicha arteria, a la altura de la Central de Autobuses. El tramo por d\u00f3nde se implementar\u00e1 la medida ya fue rehabilitado con concreto hidr\u00e1ulico. Los veh\u00edculos podr\u00e1n [&hellip;]<\/p>\n","protected":false},"author":1,"featured_media":32627,"comment_status":"open","ping_status":"open","sticky":false,"template":"","format":"standard","meta":{"om_disable_all_campaigns":false,"_monsterinsights_skip_tracking":false,"_monsterinsights_sitenote_active":false,"_monsterinsights_sitenote_note":"","_monsterinsights_sitenote_category":0,"footnotes":""},"categories":[15,6],"tags":[],"class_list":["post-32626","post","type-post","status-publish","format-standard","has-post-thumbnail","hentry","category-relevante","category-local"],"aioseo_notices":[],"_links":{"self":[{"href":"https:\/\/digitalreportmx.com\/index.php\/wp-json\/wp\/v2\/posts\/32626","targetHints":{"allow":["GET"]}}],"collection":[{"href":"https:\/\/digitalreportmx.com\/index.php\/wp-json\/wp\/v2\/posts"}],"about":[{"href":"https:\/\/digitalreportmx.com\/index.php\/wp-json\/wp\/v2\/types\/post"}],"author":[{"embeddable":true,"href":"https:\/\/digitalreportmx.com\/index.php\/wp-json\/wp\/v2\/users\/1"}],"replies":[{"embeddable":true,"href":"https:\/\/digitalreportmx.com\/index.php\/wp-json\/wp\/v2\/comments?post=32626"}],"version-history":[{"count":1,"href":"https:\/\/digitalreportmx.com\/index.php\/wp-json\/wp\/v2\/posts\/32626\/revisions"}],"predecessor-version":[{"id":32628,"href":"https:\/\/digitalreportmx.com\/index.php\/wp-json\/wp\/v2\/posts\/32626\/revisions\/32628"}],"wp:featuredmedia":[{"embeddable":true,"href":"https:\/\/digitalreportmx.com\/index.php\/wp-json\/wp\/v2\/media\/32627"}],"wp:attachment":[{"href":"https:\/\/digitalreportmx.com\/index.php\/wp-json\/wp\/v2\/media?parent=32626"}],"wp:term":[{"taxonomy":"category","embeddable":true,"href":"https:\/\/digitalreportmx.com\/index.php\/wp-json\/wp\/v2\/categories?post=32626"},{"taxonomy":"post_tag","embeddable":true,"href":"https:\/\/digitalreportmx.com\/index.php\/wp-json\/wp\/v2\/tags?post=32626"}],"curies":[{"name":"wp","href":"https:\/\/api.w.org\/{rel}","templated":true}]}}