{"id":32711,"date":"2026-03-10T16:21:39","date_gmt":"2026-03-10T22:21:39","guid":{"rendered":"https:\/\/digitalreportmx.com\/?p=32711"},"modified":"2026-03-10T16:21:40","modified_gmt":"2026-03-10T22:21:40","slug":"plantea-pri-promover-uso-responsable-de-tecnologias-anti-acoso","status":"publish","type":"post","link":"https:\/\/digitalreportmx.com\/index.php\/2026\/03\/10\/plantea-pri-promover-uso-responsable-de-tecnologias-anti-acoso\/","title":{"rendered":"Plantea PRI promover uso responsable de tecnolog\u00edas anti acoso"},"content":{"rendered":"\n<p><span style=\"background-color: rgba(0, 0, 0, 0.2);\"><kbd>Monterrey<\/kbd><\/span><em> <\/em><\/p>\n\n\n\n<p>Con el objetivo de fortalecer las acciones de prevenci\u00f3n, detecci\u00f3n y atenci\u00f3n del acoso y la violencia escolar, as\u00ed como promover el acompa\u00f1amiento emocional y el uso responsable de las tecnolog\u00edas, la diputada local del PRI, Elsa Escobedo V\u00e1zquez, present\u00f3 iniciativas de reforma a la Ley para Prevenir, Atender y Erradicar el Acoso y la Violencia Escolar y a la Ley de los Derechos de Ni\u00f1as, Ni\u00f1os y Adolescentes.<\/p>\n\n\n\n<p>La propuesta que forma parte de la Agenda Tem\u00e1tica M\u00ednima del Grupo Legislativo del PRI plantea que las autoridades educativas cuenten con herramientas para detectar de manera temprana las conductas inapropiadas en los planteles, ya que de acuerdo a reportes el 28 por ciento de los adolescentes de entre 12 y 17 a\u00f1os han se\u00f1alado haber sido v\u00edctimas de acoso escolar, seg\u00fan la Encuesta Nacional sobre Discriminaci\u00f3n (ENADIS) 2022.<\/p>\n\n\n\n<p>\u201cLas iniciativas proponen una visi\u00f3n integral que combine la educaci\u00f3n en valores, la atenci\u00f3n oportuna de los menores y la corresponsabilidad de toda la comunidad educativa. Para consolidar entornos escolares seguros, inclusivos y resilientes, donde cada ni\u00f1a y ni\u00f1o pueda desarrollarse plenamente\u201d, expuso en tribuna.<\/p>\n\n\n\n<p>\u201cBuscamos reforzar las atribuciones de las autoridades educativas y de protecci\u00f3n infantil para que no solo reaccionen ante los hechos consumados, sino que desarrollen estrategias de detecci\u00f3n oportuna y de atenci\u00f3n integral a las v\u00edctimas\u201d, expres\u00f3.<\/p>\n\n\n\n<p>Entre los cambios propuestos, Escobedo V\u00e1zquez resalt\u00f3 que se encuentra la incorporaci\u00f3n del acompa\u00f1amiento emocional dentro de los servicios que deben recibir las v\u00edctimas de acoso escolar, adem\u00e1s de la asesor\u00eda jur\u00eddica y la atenci\u00f3n m\u00e9dica y psicol\u00f3gica.<\/p>\n\n\n\n<p>\u201cLa dimensi\u00f3n emocional del acoso escolar debe ser reconocida y atendida, ya que las secuelas no se limitan al da\u00f1o f\u00edsico o psicol\u00f3gico, sino que impactan profundamente en la estabilidad emocional y la autoestima de las y los menores\u201d, se\u00f1al\u00f3.<\/p>\n\n\n\n<p>\u201cTambi\u00e9n se incluir\u00e1n lineamientos para promover entre la comunidad educativa el uso responsable de las tecnolog\u00edas de la informaci\u00f3n, con el objetivo de prevenir el ciberacoso y otras formas de violencia digital\u201d, a\u00f1adi\u00f3.<\/p>\n\n\n\n<p>Las iniciativas que fueron presentadas durante la sesi\u00f3n ordinaria contemplan modificar los art\u00edculos 6, 16, 17 todos de Ley para Prevenir, Atender y Erradicar el Acoso y la Violencia Escolar y el art\u00edculo 76 de la Ley de los Derechos de Ni\u00f1as, Ni\u00f1os y Adolescentes.<\/p>\n\n\n\n<p>De igual manera, se busca fortalecer la formaci\u00f3n en valores como la inclusi\u00f3n, la cultura de la legalidad, la paz y la no violencia dentro del sistema educativo estatal.<\/p>\n\n\n\n<p>La Diputada tricolor explic\u00f3 que diversos estudios han documentado un aumento en los casos de agresi\u00f3n f\u00edsica, verbal, psicol\u00f3gica y digital entre estudiantes, lo que evidencia la necesidad de fortalecer las pol\u00edticas p\u00fablicas en la materia.<\/p>\n","protected":false},"excerpt":{"rendered":"<p>Monterrey Con el objetivo de fortalecer las acciones de prevenci\u00f3n, detecci\u00f3n y atenci\u00f3n del acoso y la violencia escolar, as\u00ed como promover el acompa\u00f1amiento emocional y el uso responsable de las tecnolog\u00edas, la diputada local del PRI, Elsa Escobedo V\u00e1zquez, present\u00f3 iniciativas de reforma a la Ley para Prevenir, Atender y Erradicar el Acoso y [&hellip;]<\/p>\n","protected":false},"author":1,"featured_media":32712,"comment_status":"open","ping_status":"open","sticky":false,"template":"","format":"standard","meta":{"om_disable_all_campaigns":false,"_monsterinsights_skip_tracking":false,"_monsterinsights_sitenote_active":false,"_monsterinsights_sitenote_note":"","_monsterinsights_sitenote_category":0,"footnotes":""},"categories":[16,13],"tags":[],"class_list":["post-32711","post","type-post","status-publish","format-standard","has-post-thumbnail","hentry","category-relevante-2","category-reporte-local"],"aioseo_notices":[],"_links":{"self":[{"href":"https:\/\/digitalreportmx.com\/index.php\/wp-json\/wp\/v2\/posts\/32711","targetHints":{"allow":["GET"]}}],"collection":[{"href":"https:\/\/digitalreportmx.com\/index.php\/wp-json\/wp\/v2\/posts"}],"about":[{"href":"https:\/\/digitalreportmx.com\/index.php\/wp-json\/wp\/v2\/types\/post"}],"author":[{"embeddable":true,"href":"https:\/\/digitalreportmx.com\/index.php\/wp-json\/wp\/v2\/users\/1"}],"replies":[{"embeddable":true,"href":"https:\/\/digitalreportmx.com\/index.php\/wp-json\/wp\/v2\/comments?post=32711"}],"version-history":[{"count":1,"href":"https:\/\/digitalreportmx.com\/index.php\/wp-json\/wp\/v2\/posts\/32711\/revisions"}],"predecessor-version":[{"id":32713,"href":"https:\/\/digitalreportmx.com\/index.php\/wp-json\/wp\/v2\/posts\/32711\/revisions\/32713"}],"wp:featuredmedia":[{"embeddable":true,"href":"https:\/\/digitalreportmx.com\/index.php\/wp-json\/wp\/v2\/media\/32712"}],"wp:attachment":[{"href":"https:\/\/digitalreportmx.com\/index.php\/wp-json\/wp\/v2\/media?parent=32711"}],"wp:term":[{"taxonomy":"category","embeddable":true,"href":"https:\/\/digitalreportmx.com\/index.php\/wp-json\/wp\/v2\/categories?post=32711"},{"taxonomy":"post_tag","embeddable":true,"href":"https:\/\/digitalreportmx.com\/index.php\/wp-json\/wp\/v2\/tags?post=32711"}],"curies":[{"name":"wp","href":"https:\/\/api.w.org\/{rel}","templated":true}]}}